{"id":568346,"date":"2025-11-30T07:33:14","date_gmt":"2025-11-30T07:33:14","guid":{"rendered":"https:\/\/www.europesays.com\/fr\/568346\/"},"modified":"2025-11-30T07:33:14","modified_gmt":"2025-11-30T07:33:14","slug":"fsu-et-cgt-rejoignent-la-mobilisation-du-2-decembre","status":"publish","type":"post","link":"https:\/\/www.europesays.com\/fr\/568346\/","title":{"rendered":"FSU et CGT rejoignent la mobilisation du 2 d\u00e9cembre"},"content":{"rendered":"\n<p>Pas de mobilisation pr\u00e9vue dans la capitale de Provence, mais l\u2019union locale CGT et la FSU se joindront au cort\u00e8ge marseillais (au d\u00e9part des R\u00e9form\u00e9s, \u00e0 partir de 10h30) ce mardi 2 d\u00e9cembre, pour battre le pav\u00e9 contre l\u2019aust\u00e9rit\u00e9 budg\u00e9taire. Lors des mobilisations de septembre et octobre derniers, les syndicats avaient d\u00e9fil\u00e9 dans les rues aixoises\u00a0; cette fois, la strat\u00e9gie de l\u2019unit\u00e9 a \u00e9t\u00e9 privil\u00e9gi\u00e9e pour cette nouvelle action.<\/p>\n<p>\u00e0 Aix, \u00ab\u00a0l\u2019appel de la CGT est unitaire avec celui de la FSU\u00a0\u00bb, pr\u00e9cise Fran\u00e7ois Canu, secr\u00e9taire de l\u2019union locale CGT. Le syndicat SUD Solidaire, qui rejoint l\u2019appel \u00e0 la gr\u00e8ve, se rallie \u00e0 l\u2019appel de son Union d\u00e9partementale. \u00ab\u00a0Gel des salaires dans la fonction publique, blocage des pensions des retraites, hausse des franchises m\u00e9dicales, coupes dans les services publics&#8230; Le budget Lecornu maintient le cap de l\u2019aust\u00e9rit\u00e9\u00a0\u00bb, pointe, dans un tract, l\u2019union locale CGT. Des remarques que la FSU partage.<\/p>\n<p>\u00ab\u00a0On continue de bosser en intersyndicale, m\u00eame si, pour cette mobilisation, elle est restreinte\u00a0\u00bb, pr\u00e9cise C\u00e9line Peccini, co-secr\u00e9taire d\u00e9partementale de la SNUIPP-FSU pour les Bouches-du-Rh\u00f4ne. Les \u00e9tudiants, largement pr\u00e9sents lors des derni\u00e8res manifestations aixoises, n\u2019ont pas non plus contact\u00e9 la CGT, ni la FSU.<\/p>\n<p>Hospitaliers, enseignants, travailleurs du social et autres travailleurs de la fonction publique, comme du priv\u00e9, seront donc mobilis\u00e9s pour de meilleurs salaires et conditions de vies. \u00ab\u00a0Les revendications restent les m\u00eames tant que le gouvernement ne l\u00e2chera pas son projet de budget actuel. S\u2019y ajoutent la d\u00e9nonciation de l\u2019\u00e9puisement professionnel ou les injonctions hi\u00e9rarchiques. Et on se battra aussi pour la r\u00e9forme des retraites, poursuit C\u00e9line Peccini. On sait que ce combat n\u2019est pas termin\u00e9. On attend toujours l\u2019abrogation de la loi retraite.\u00a0\u00bb<\/p>\n","protected":false},"excerpt":{"rendered":"Pas de mobilisation pr\u00e9vue dans la capitale de Provence, mais l\u2019union locale CGT et la FSU se joindront&hellip;\n","protected":false},"author":2,"featured_media":568347,"comment_status":"","ping_status":"","sticky":false,"template":"","format":"standard","meta":{"footnotes":""},"categories":[2814],"tags":[1111,11,9301,1777,674,1011,27,884,12,882,25],"class_list":{"0":"post-568346","1":"post","2":"type-post","3":"status-publish","4":"format-standard","5":"has-post-thumbnail","7":"category-marseille","8":"tag-actu","9":"tag-actualites","10":"tag-austerite","11":"tag-eu","12":"tag-europe","13":"tag-fr","14":"tag-france","15":"tag-marseille","16":"tag-news","17":"tag-provence-alpes-cote-dazur","18":"tag-republique-francaise"},"share_on_mastodon":{"url":"https:\/\/pubeurope.com\/@fr\/115637492417455756","error":""},"_links":{"self":[{"href":"https:\/\/www.europesays.com\/fr\/wp-json\/wp\/v2\/posts\/568346","targetHints":{"allow":["GET"]}}],"collection":[{"href":"https:\/\/www.europesays.com\/fr\/wp-json\/wp\/v2\/posts"}],"about":[{"href":"https:\/\/www.europesays.com\/fr\/wp-json\/wp\/v2\/types\/post"}],"author":[{"embeddable":true,"href":"https:\/\/www.europesays.com\/fr\/wp-json\/wp\/v2\/users\/2"}],"replies":[{"embeddable":true,"href":"https:\/\/www.europesays.com\/fr\/wp-json\/wp\/v2\/comments?post=568346"}],"version-history":[{"count":0,"href":"https:\/\/www.europesays.com\/fr\/wp-json\/wp\/v2\/posts\/568346\/revisions"}],"wp:featuredmedia":[{"embeddable":true,"href":"https:\/\/www.europesays.com\/fr\/wp-json\/wp\/v2\/media\/568347"}],"wp:attachment":[{"href":"https:\/\/www.europesays.com\/fr\/wp-json\/wp\/v2\/media?parent=568346"}],"wp:term":[{"taxonomy":"category","embeddable":true,"href":"https:\/\/www.europesays.com\/fr\/wp-json\/wp\/v2\/categories?post=568346"},{"taxonomy":"post_tag","embeddable":true,"href":"https:\/\/www.europesays.com\/fr\/wp-json\/wp\/v2\/tags?post=568346"}],"curies":[{"name":"wp","href":"https:\/\/api.w.org\/{rel}","templated":true}]}}