{"id":568350,"date":"2025-11-30T07:35:19","date_gmt":"2025-11-30T07:35:19","guid":{"rendered":"https:\/\/www.europesays.com\/fr\/568350\/"},"modified":"2025-11-30T07:35:19","modified_gmt":"2025-11-30T07:35:19","slug":"le-president-sortant-bruno-bernard-officialise-enfin-sa-candidature-pour-2026","status":"publish","type":"post","link":"https:\/\/www.europesays.com\/fr\/568350\/","title":{"rendered":"le pr\u00e9sident sortant Bruno Bernard officialise enfin sa candidature pour 2026"},"content":{"rendered":"<p itemprop=\"description\"><strong>Si <a href=\"https:\/\/www.lyonmag.com\/profil-personnalite-lyonnaise\/504\/gregory-doucet\" target=\"_blank\" rel=\"noopener\">Gr\u00e9gory Doucet<\/a> avait annonc\u00e9 d\u00e8s janvier 2023 qu&rsquo;il serait candidat \u00e0 sa propre succession \u00e0 la Ville de Lyon, <a href=\"https:\/\/www.lyonmag.com\/profil-personnalite-lyonnaise\/518\/bruno-bernard\" target=\"_blank\" rel=\"noopener\">Bruno Bernard<\/a> \u00e9tait rest\u00e9 myst\u00e9rieux sur ses envies de briguer \u00e0 nouveau la M\u00e9tropole de Lyon en 2026.<\/strong><\/p>\n<p>Le pr\u00e9sident \u00e9cologiste sortant est enfin sorti du bois ce dimanche. Dans une interview au <a href=\"https:\/\/c.leprogres.fr\/elections\/2025\/11\/30\/l-ecologiste-bruno-bernard-brigue-un-second-mandat-a-la-tete-de-la-metropole-de-lyon-pour-ameliorer-concretement-la-qualite-de-vie-des-habitants\" target=\"_blank\" rel=\"noopener\">Progr\u00e8s<\/a>, il se dit \u00ab\u00a0candidat avec une \u00e9quipe renouvel\u00e9e pour une nouvelle \u00e9tape\u00a0\u00bb.<\/p>\n<p>L\u00e0 o\u00f9 Gr\u00e9gory Doucet repart avec les m\u00eames t\u00eates qui composaient sa majorit\u00e9 depuis 2020, Bruno Bernard entend s&rsquo;appuyer davantage sur \u00ab\u00a0des acteurs du territoire, des acteurs de l&rsquo;entreprise, du monde du sport, de la culture, des associations de lutte contre la pauvret\u00e9 et des citoyens\u00a0\u00bb. Sans oublier les anciens proches de <a href=\"https:\/\/www.lyonmag.com\/profil-personnalite-lyonnaise\/1\/gerard-collomb\" target=\"_blank\" rel=\"noopener\">G\u00e9rard Collomb<\/a>, de <a href=\"https:\/\/www.lyonmag.com\/profil-personnalite-lyonnaise\/13\/david-kimelfeld\" target=\"_blank\" rel=\"noopener\">David Kimelfeld<\/a> \u00e0 <a href=\"https:\/\/www.lyonmag.com\/profil-personnalite-lyonnaise\/255\/roland-bernard\" target=\"_blank\" rel=\"noopener\">Roland Bernard<\/a> ou <a href=\"https:\/\/www.lyonmag.com\/profil-personnalite-lyonnaise\/12\/thierry-philip\" target=\"_blank\" rel=\"noopener\">Thierry Philip<\/a>.<\/p>\n<p>Bruno Bernard se revendique d&rsquo;ailleurs de l&rsquo;h\u00e9ritage de ses pr\u00e9d\u00e9cesseurs : \u00ab\u00a0On a modifi\u00e9 fortement les choses mais on n\u2019a pas voulu casser ce qui avait \u00e9t\u00e9 r\u00e9alis\u00e9. Cette continuit\u00e9 est la force de notre territoire\u00a0\u00bb.<\/p>\n<p>Et demain ? \u00ab\u00a0Ce nouveau mandat sera consacr\u00e9 \u00e0 renforcer la qualit\u00e9 de vie, le lien social et le pouvoir d&rsquo;achat des habitants\u00a0\u00bb, promet l&rsquo;\u00e9cologiste.<\/p>\n<p>Face \u00e0 lui, Bruno Bernard sait d\u00e9sormais qu&rsquo;il devra affronter notamment <a href=\"https:\/\/www.lyonmag.com\/profil-personnalite-lyonnaise\/210\/veronique-sarselli\" target=\"_blank\" rel=\"noopener\">V\u00e9ronique Sarselli<\/a>, maire LR de Sainte-Foy-l\u00e8s-Lyon alli\u00e9e \u00e0 <a href=\"https:\/\/www.lyonmag.com\/profil-personnalite-lyonnaise\/8\/jean-michel-aulas\" target=\"_blank\" rel=\"noopener\">Jean-Michel Aulas<\/a>. \u00ab\u00a0Aujourd&rsquo;hui il existe une bulle autour de Jean-Michel Aulas, un mythe. Et il faut venir maintenant dans la r\u00e9alit\u00e9 des choses. Il faut comprendre quelle est la vision de cette alliance de la droite et des macronistes qui se contredisent en permanence sur beaucoup de sujets\u00a0\u00bb, attaque Bruno Bernard.<\/p>\n<p>Pas de grands projets encore d\u00e9voil\u00e9s par le pr\u00e9sident de la M\u00e9tropole qui promet de s&rsquo;attaquer \u00e0 la crise du logement, de renforcer les services publics et de poursuivre l&rsquo;adaptation du territoire au changement climatique.<\/p>\n","protected":false},"excerpt":{"rendered":"Si Gr\u00e9gory Doucet avait annonc\u00e9 d\u00e8s janvier 2023 qu&rsquo;il serait candidat \u00e0 sa propre succession \u00e0 la Ville&hellip;\n","protected":false},"author":2,"featured_media":568351,"comment_status":"","ping_status":"","sticky":false,"template":"","format":"standard","meta":{"footnotes":""},"categories":[1889],"tags":[1111,11,2813,2190,2430,1109,251,1112,2811,1777,674,118,1011,27,1922,1110,1114,2428,2810,12,241,316,25,2812,517,800],"class_list":{"0":"post-568350","1":"post","2":"type-post","3":"status-publish","4":"format-standard","5":"has-post-thumbnail","7":"category-lyon","8":"tag-actu","9":"tag-actualites","10":"tag-article","11":"tag-asvel","12":"tag-auvergne-rhone-alpes","13":"tag-breves","14":"tag-culture","15":"tag-depeches","16":"tag-economique","17":"tag-eu","18":"tag-europe","19":"tag-faits-divers","20":"tag-fr","21":"tag-france","22":"tag-info","23":"tag-informations","24":"tag-infos","25":"tag-lyon","26":"tag-lyonmag","27":"tag-news","28":"tag-ol","29":"tag-politique","30":"tag-republique-francaise","31":"tag-sociale","32":"tag-sport","33":"tag-transports"},"share_on_mastodon":{"url":"https:\/\/pubeurope.com\/@fr\/115637500293959888","error":""},"_links":{"self":[{"href":"https:\/\/www.europesays.com\/fr\/wp-json\/wp\/v2\/posts\/568350","targetHints":{"allow":["GET"]}}],"collection":[{"href":"https:\/\/www.europesays.com\/fr\/wp-json\/wp\/v2\/posts"}],"about":[{"href":"https:\/\/www.europesays.com\/fr\/wp-json\/wp\/v2\/types\/post"}],"author":[{"embeddable":true,"href":"https:\/\/www.europesays.com\/fr\/wp-json\/wp\/v2\/users\/2"}],"replies":[{"embeddable":true,"href":"https:\/\/www.europesays.com\/fr\/wp-json\/wp\/v2\/comments?post=568350"}],"version-history":[{"count":0,"href":"https:\/\/www.europesays.com\/fr\/wp-json\/wp\/v2\/posts\/568350\/revisions"}],"wp:featuredmedia":[{"embeddable":true,"href":"https:\/\/www.europesays.com\/fr\/wp-json\/wp\/v2\/media\/568351"}],"wp:attachment":[{"href":"https:\/\/www.europesays.com\/fr\/wp-json\/wp\/v2\/media?parent=568350"}],"wp:term":[{"taxonomy":"category","embeddable":true,"href":"https:\/\/www.europesays.com\/fr\/wp-json\/wp\/v2\/categories?post=568350"},{"taxonomy":"post_tag","embeddable":true,"href":"https:\/\/www.europesays.com\/fr\/wp-json\/wp\/v2\/tags?post=568350"}],"curies":[{"name":"wp","href":"https:\/\/api.w.org\/{rel}","templated":true}]}}