{"id":568354,"date":"2025-11-30T07:38:43","date_gmt":"2025-11-30T07:38:43","guid":{"rendered":"https:\/\/www.europesays.com\/fr\/568354\/"},"modified":"2025-11-30T07:38:43","modified_gmt":"2025-11-30T07:38:43","slug":"une-etude-de-linstitut-paris-region-revele-des-freins-persistants-en-ile-de-france","status":"publish","type":"post","link":"https:\/\/www.europesays.com\/fr\/568354\/","title":{"rendered":"une \u00e9tude de l&rsquo;Institut Paris R\u00e9gion r\u00e9v\u00e8le des \u00ab\u00a0freins persistants\u00a0\u00bb en \u00cele-de-France"},"content":{"rendered":"<p class=\"entry-content-excerpt\">L\u2019Institut Paris R\u00e9gion a publi\u00e9 le 27 novembre les r\u00e9sultats d&rsquo;un document se demandant comment \u00ab\u00a0lever les freins de la r\u00e9novation \u00e9nerg\u00e9tique en \u00cele-de-France\u00a0\u00bb et offrant un regard pr\u00e9cis et chiffr\u00e9 sur \u00ab\u00a0un chantier colossal et encore largement inachev\u00e9\u00a0\u00bb. L&rsquo;\u00e9tude \u00e9voque aussi des \u00ab\u00a0r\u00e9alit\u00e9s tr\u00e8s concr\u00e8tes\u00a0\u00bb : des copropri\u00e9t\u00e9s h\u00e9sitantes, des propri\u00e9taires perdus dans les aides, des immeubles contraints par les r\u00e8gles patrimoniales ou la mitoyennet\u00e9.<\/p>\n<p>\u00a0<\/p>\n<p>Ce contenu est disponible <strong>pour les abonn\u00e9s seulement<\/strong><\/p>\n","protected":false},"excerpt":{"rendered":"L\u2019Institut Paris R\u00e9gion a publi\u00e9 le 27 novembre les r\u00e9sultats d&rsquo;un document se demandant comment \u00ab\u00a0lever les freins&hellip;\n","protected":false},"author":2,"featured_media":568355,"comment_status":"","ping_status":"","sticky":false,"template":"","format":"standard","meta":{"footnotes":""},"categories":[1592],"tags":[1111,11,1777,674,1011,27,662,12,626,25],"class_list":{"0":"post-568354","1":"post","2":"type-post","3":"status-publish","4":"format-standard","5":"has-post-thumbnail","7":"category-ile-de-france","8":"tag-actu","9":"tag-actualites","10":"tag-eu","11":"tag-europe","12":"tag-fr","13":"tag-france","14":"tag-ile-de-france","15":"tag-news","16":"tag-paris","17":"tag-republique-francaise"},"share_on_mastodon":{"url":"https:\/\/pubeurope.com\/@fr\/115637512075386426","error":""},"_links":{"self":[{"href":"https:\/\/www.europesays.com\/fr\/wp-json\/wp\/v2\/posts\/568354","targetHints":{"allow":["GET"]}}],"collection":[{"href":"https:\/\/www.europesays.com\/fr\/wp-json\/wp\/v2\/posts"}],"about":[{"href":"https:\/\/www.europesays.com\/fr\/wp-json\/wp\/v2\/types\/post"}],"author":[{"embeddable":true,"href":"https:\/\/www.europesays.com\/fr\/wp-json\/wp\/v2\/users\/2"}],"replies":[{"embeddable":true,"href":"https:\/\/www.europesays.com\/fr\/wp-json\/wp\/v2\/comments?post=568354"}],"version-history":[{"count":0,"href":"https:\/\/www.europesays.com\/fr\/wp-json\/wp\/v2\/posts\/568354\/revisions"}],"wp:featuredmedia":[{"embeddable":true,"href":"https:\/\/www.europesays.com\/fr\/wp-json\/wp\/v2\/media\/568355"}],"wp:attachment":[{"href":"https:\/\/www.europesays.com\/fr\/wp-json\/wp\/v2\/media?parent=568354"}],"wp:term":[{"taxonomy":"category","embeddable":true,"href":"https:\/\/www.europesays.com\/fr\/wp-json\/wp\/v2\/categories?post=568354"},{"taxonomy":"post_tag","embeddable":true,"href":"https:\/\/www.europesays.com\/fr\/wp-json\/wp\/v2\/tags?post=568354"}],"curies":[{"name":"wp","href":"https:\/\/api.w.org\/{rel}","templated":true}]}}