{"id":568356,"date":"2025-11-30T07:39:10","date_gmt":"2025-11-30T07:39:10","guid":{"rendered":"https:\/\/www.europesays.com\/fr\/568356\/"},"modified":"2025-11-30T07:39:10","modified_gmt":"2025-11-30T07:39:10","slug":"meurthe-et-moselle-quatre-morts-dans-un-incendie-dont-un-adolescent-de-16-ans","status":"publish","type":"post","link":"https:\/\/www.europesays.com\/fr\/568356\/","title":{"rendered":"Meurthe-et-Moselle\u00a0: quatre morts dans un incendie, dont un adolescent de 16\u00a0ans"},"content":{"rendered":"<p class=\"paragraph text_align_left lp-f-body-02\">Quatre personnes sont mortes dans un <a href=\"https:\/\/www.leparisien.fr\/paris-75\/paris-incendie-dans-un-immeuble-du-xviiie-arrondissement-de-paris-deux-blesses-graves-24-11-2025-WTPPH47GWFBUPLNXVWRZTYKHAA.php\" target=\"_blank\" rel=\"noreferrer noopener\">incendie<\/a> \u00e0 Neuves-Maisons, en <a href=\"https:\/\/www.leparisien.fr\/meurthe-et-moselle-54\/\" target=\"_blank\" rel=\"noreferrer noopener\">Meurthe-et-Moselle<\/a>, indiquent les pompiers ce dimanche. Deux autres personnes ont \u00e9t\u00e9 bless\u00e9es, dont une gri\u00e8vement.<\/p>\n<p class=\"paragraph text_align_left lp-f-body-02\">L\u2019incendie s\u2019est d\u00e9clar\u00e9, dans la nuit de samedi \u00e0 dimanche, rue du Capitaine Caillon \u00e0 Neuves-Maisons, une commune de 7\u00a0000 habitants situ\u00e9e au sud-ouest de Nancy. Les pompiers ont \u00e9t\u00e9 alert\u00e9s vers 03h15 dimanche.<\/p>\n<p class=\"paragraph text_align_left lp-f-body-02\">Les victimes d\u00e9c\u00e9d\u00e9es sont un homme de 59\u00a0ans, une femme de 60\u00a0ans, une jeune femme de 20\u00a0ans et un adolescent de 16\u00a0ans, ont pr\u00e9cis\u00e9 les secours.<\/p>\n<p>Deux bless\u00e9s, dont un gri\u00e8vement<\/p>\n<p class=\"paragraph text_align_left lp-f-body-02\">Les secours pr\u00e9cisent qu\u2019il y a aussi un bless\u00e9 grave \u00e2g\u00e9 de 16\u00a0ans et un bless\u00e9 l\u00e9ger, \u00e2g\u00e9 de 21\u00a0ans. Parmi les personnes d\u00e9c\u00e9d\u00e9es, deux avaient pu \u00eatre d\u00e9gag\u00e9es du b\u00e2timent et deux ont \u00e9t\u00e9 retrouv\u00e9es dans le logement.<\/p>\n<p class=\"lp-card-podcast-highlighting__title  lp-f-subtitle-05\">[2\/2] Mamadou Traor\u00e9, l\u2019enfant du diable<\/p>\n<p><a class=\"lp-card-podcast-highlighting__call-to-action\" data-page-type=\"HP\" data-block-name=\"podcast-highlight\">\u00c9couter<\/a><\/p>\n<p class=\"paragraph text_align_left lp-f-body-02\">L\u2019incendie a touch\u00e9 un b\u00e2timent de trois niveaux comprenant un magasin au rez-de-chauss\u00e9e. Au total, 70 pompiers sont intervenus avec une trentaine de v\u00e9hicules. Ils sont parvenus \u00e0 ma\u00eetriser le feu \u00ab\u00a0assez rapidement\u00a0\u00bb.<\/p>\n","protected":false},"excerpt":{"rendered":"Quatre personnes sont mortes dans un incendie \u00e0 Neuves-Maisons, en Meurthe-et-Moselle, indiquent les pompiers ce dimanche. Deux autres&hellip;\n","protected":false},"author":2,"featured_media":568357,"comment_status":"","ping_status":"","sticky":false,"template":"","format":"standard","meta":{"footnotes":""},"categories":[1888],"tags":[1111,1928,11,1927,459,1777,674,118,1011,27,12,1926,626,1925,25],"class_list":{"0":"post-568356","1":"post","2":"type-post","3":"status-publish","4":"format-standard","5":"has-post-thumbnail","7":"category-paris","8":"tag-actu","9":"tag-actu-paris","10":"tag-actualites","11":"tag-actualites-paris","12":"tag-departements-horsidfo","13":"tag-eu","14":"tag-europe","15":"tag-faits-divers","16":"tag-fr","17":"tag-france","18":"tag-news","19":"tag-news-paris","20":"tag-paris","21":"tag-paris-news","22":"tag-republique-francaise"},"share_on_mastodon":{"url":"https:\/\/pubeurope.com\/@fr\/115637516049515889","error":""},"_links":{"self":[{"href":"https:\/\/www.europesays.com\/fr\/wp-json\/wp\/v2\/posts\/568356","targetHints":{"allow":["GET"]}}],"collection":[{"href":"https:\/\/www.europesays.com\/fr\/wp-json\/wp\/v2\/posts"}],"about":[{"href":"https:\/\/www.europesays.com\/fr\/wp-json\/wp\/v2\/types\/post"}],"author":[{"embeddable":true,"href":"https:\/\/www.europesays.com\/fr\/wp-json\/wp\/v2\/users\/2"}],"replies":[{"embeddable":true,"href":"https:\/\/www.europesays.com\/fr\/wp-json\/wp\/v2\/comments?post=568356"}],"version-history":[{"count":0,"href":"https:\/\/www.europesays.com\/fr\/wp-json\/wp\/v2\/posts\/568356\/revisions"}],"wp:featuredmedia":[{"embeddable":true,"href":"https:\/\/www.europesays.com\/fr\/wp-json\/wp\/v2\/media\/568357"}],"wp:attachment":[{"href":"https:\/\/www.europesays.com\/fr\/wp-json\/wp\/v2\/media?parent=568356"}],"wp:term":[{"taxonomy":"category","embeddable":true,"href":"https:\/\/www.europesays.com\/fr\/wp-json\/wp\/v2\/categories?post=568356"},{"taxonomy":"post_tag","embeddable":true,"href":"https:\/\/www.europesays.com\/fr\/wp-json\/wp\/v2\/tags?post=568356"}],"curies":[{"name":"wp","href":"https:\/\/api.w.org\/{rel}","templated":true}]}}