{"id":568358,"date":"2025-11-30T07:40:15","date_gmt":"2025-11-30T07:40:15","guid":{"rendered":"https:\/\/www.europesays.com\/fr\/568358\/"},"modified":"2025-11-30T07:40:15","modified_gmt":"2025-11-30T07:40:15","slug":"au-sri-lanka-au-moins-159-morts-a-la-suite-des-pluies-diluviennes-causees-par-le-cyclone-ditwah","status":"publish","type":"post","link":"https:\/\/www.europesays.com\/fr\/568358\/","title":{"rendered":"Au Sri Lanka, au moins 159\u00a0morts \u00e0 la suite des pluies diluviennes caus\u00e9es par le cyclone Ditwah"},"content":{"rendered":"<p>                      <img loading=\"lazy\" decoding=\"async\" src=\"https:\/\/www.europesays.com\/fr\/wp-content\/uploads\/2025\/11\/978aba1_ftp-import-images-1-y4dlug26k9vw-2025-11-30t050559z-76525701-rc2q6iatispu-rtrmadp-3-asia-wea.jpeg\" alt=\"A Wellampitiya, dans la banlieue de Colombo, le 30\u00a0novembre\u00a02025.\"   width=\"664\" height=\"443\"\/>    A Wellampitiya, dans la banlieue de Colombo, le 30\u00a0novembre\u00a02025.  THILINA KALUTHOTAGE \/ REUTERS                        <\/p>\n<p class=\"article__paragraph  \">Les pluies torrentielles caus\u00e9es par le cyclone Ditwah ont entra\u00een\u00e9 la mort d\u2019au moins 159\u00a0personnes au Sri Lanka, a annonc\u00e9, dimanche 30\u00a0novembre, l\u2019agence de gestions des catastrophes de cette \u00eele au sud de l\u2019Inde. Un bilan qui pourrait encore s\u2019alourdir puisque 203\u00a0personnes sont toujours port\u00e9es disparues.<\/p>\n<p class=\"article__paragraph  \">Si Ditwah s\u2019est d\u00e9port\u00e9 samedi vers l\u2019Inde, o\u00f9 l\u2019a\u00e9roport de Chennai a annul\u00e9 54\u00a0vols, Colombo, la capitale sri-lankaise, reste confront\u00e9e \u00e0 d\u2019importantes inondations. \u00ab\u00a0M\u00eame si le cyclone est parti, de fortes pluies inondent actuellement les zones de faible altitude le long des rives du fleuve Kelani\u00a0\u00bb, a rapport\u00e9 le centre de gestion des catastrophes (DMC).<\/p>\n<p class=\"article__paragraph  \">Le pr\u00e9sident, Anura Kumara Dissanayake, a d\u00e9clar\u00e9 samedi l\u2019\u00e9tat d\u2019urgence, qui lui conf\u00e8re des pouvoirs \u00e9tendus pour g\u00e9rer la crise. L\u2019arm\u00e9e a \u00e9t\u00e9 d\u00e9ploy\u00e9e pour soutenir les op\u00e9rations de secours.<\/p>\n<p>                  Plus de 20\u00a0000\u00a0logements d\u00e9truits                  <\/p>\n<p class=\"article__paragraph  \">Le Sri Lanka a \u00e9galement lanc\u00e9 un appel \u00e0 l\u2019aide internationale pour soutenir les quelque 833\u00a0000\u00a0d\u00e9plac\u00e9s, auxquels s\u2019ajoutent 122\u00a0000\u00a0personnes prises en charge dans des refuges temporaires. Plus de 20\u00a0000\u00a0logements ont \u00e9t\u00e9 d\u00e9truits.<\/p>\n<p class=\"article__paragraph  \">Selon les autorit\u00e9s, environ un tiers de la population est toujours priv\u00e9 d\u2019\u00e9lectricit\u00e9 et d\u2019eau courante, les lignes \u00e9lectriques ayant \u00e9t\u00e9 arrach\u00e9es et les installations de purification d\u2019eau inond\u00e9es. Les connexions Internet sont \u00e9galement perturb\u00e9es dans de nombreuses r\u00e9gions.<\/p>\n<p>                                     Lire aussi |  <a href=\"https:\/\/www.lemonde.fr\/planete\/article\/2025\/11\/28\/les-inondations-en-indonesie-font-au-moins-84-morts-et-des-dizaines-de-disparus_6655184_3244.html\" class=\"js-article-read-also catcher--favoris__link\" data-premium=\"\" id=\"article-title-3448671\" target=\"_blank\" rel=\"noopener\">Des inondations font au moins 300\u00a0morts en Indon\u00e9sie et en Tha\u00eflande<\/a>    <\/p>\n<p>   Lire plus tard  <\/p>\n<p class=\"article__paragraph  \">L\u2019Inde a envoy\u00e9 deux avions d\u2019aide, deux h\u00e9licopt\u00e8res de transport et une \u00e9quipe de secours. \u00ab\u00a0Nous restons pr\u00eats \u00e0 apporter plus d\u2019aide et d\u2019assistance \u00e0 mesure que la situation \u00e9volue\u00a0\u00bb, a \u00e9crit sur X le premier ministre indien, Narendra Modi.<\/p>\n<p class=\"article__paragraph  \">Les inondations se sont aggrav\u00e9es, samedi, dans les zones de faible altitude, amenant les autorit\u00e9s \u00e0 ordonner l\u2019\u00e9vacuation des rives de la rivi\u00e8re Kelani, qui est sortie de son lit vendredi soir. Il s\u2019agit de la pire catastrophe naturelle dans le pays depuis 2017, quand des inondations et des glissements de terrain avaient tu\u00e9 plus de 200\u00a0personnes.<\/p>\n<p>                                     Lire aussi |  Article r\u00e9serv\u00e9 \u00e0 nos abonn\u00e9s  <a href=\"https:\/\/www.lemonde.fr\/planete\/article\/2025\/11\/26\/apres-des-pluies-torrentielles-sans-precedent-le-sud-de-la-thailande-sous-les-eaux_6654860_3244.html\" class=\"js-article-read-also catcher--favoris__link\" data-premium=\"1\" id=\"article-title-3448198\" target=\"_blank\" rel=\"noopener\">Apr\u00e8s des pluies torrentielles sans pr\u00e9c\u00e9dent, le sud de la Tha\u00eflande sous les eaux<\/a>    <\/p>\n<p>   Lire plus tard  <\/p>\n<p class=\"author__detail\">  Le Monde avec AFP  <\/p>\n<p>                <a href=\"https:\/\/www.lemonde.fr\/syndication\/\" class=\"reuse__content\" title=\"R\u00e9utiliser ce contenu\" target=\"_blank\" rel=\"noopener\">R\u00e9utiliser ce contenu<\/a>      <\/p>\n","protected":false},"excerpt":{"rendered":"A Wellampitiya, dans la banlieue de Colombo, le 30\u00a0novembre\u00a02025. THILINA KALUTHOTAGE \/ REUTERS Les pluies torrentielles caus\u00e9es par&hellip;\n","protected":false},"author":2,"featured_media":568359,"comment_status":"","ping_status":"","sticky":false,"template":"","format":"standard","meta":{"footnotes":""},"categories":[1888],"tags":[1111,1928,11,1927,1777,674,1011,27,12,1926,626,1925,25],"class_list":{"0":"post-568358","1":"post","2":"type-post","3":"status-publish","4":"format-standard","5":"has-post-thumbnail","7":"category-paris","8":"tag-actu","9":"tag-actu-paris","10":"tag-actualites","11":"tag-actualites-paris","12":"tag-eu","13":"tag-europe","14":"tag-fr","15":"tag-france","16":"tag-news","17":"tag-news-paris","18":"tag-paris","19":"tag-paris-news","20":"tag-republique-francaise"},"share_on_mastodon":{"url":"https:\/\/pubeurope.com\/@fr\/115637520560577312","error":""},"_links":{"self":[{"href":"https:\/\/www.europesays.com\/fr\/wp-json\/wp\/v2\/posts\/568358","targetHints":{"allow":["GET"]}}],"collection":[{"href":"https:\/\/www.europesays.com\/fr\/wp-json\/wp\/v2\/posts"}],"about":[{"href":"https:\/\/www.europesays.com\/fr\/wp-json\/wp\/v2\/types\/post"}],"author":[{"embeddable":true,"href":"https:\/\/www.europesays.com\/fr\/wp-json\/wp\/v2\/users\/2"}],"replies":[{"embeddable":true,"href":"https:\/\/www.europesays.com\/fr\/wp-json\/wp\/v2\/comments?post=568358"}],"version-history":[{"count":0,"href":"https:\/\/www.europesays.com\/fr\/wp-json\/wp\/v2\/posts\/568358\/revisions"}],"wp:featuredmedia":[{"embeddable":true,"href":"https:\/\/www.europesays.com\/fr\/wp-json\/wp\/v2\/media\/568359"}],"wp:attachment":[{"href":"https:\/\/www.europesays.com\/fr\/wp-json\/wp\/v2\/media?parent=568358"}],"wp:term":[{"taxonomy":"category","embeddable":true,"href":"https:\/\/www.europesays.com\/fr\/wp-json\/wp\/v2\/categories?post=568358"},{"taxonomy":"post_tag","embeddable":true,"href":"https:\/\/www.europesays.com\/fr\/wp-json\/wp\/v2\/tags?post=568358"}],"curies":[{"name":"wp","href":"https:\/\/api.w.org\/{rel}","templated":true}]}}