{"id":568364,"date":"2025-11-30T07:43:19","date_gmt":"2025-11-30T07:43:19","guid":{"rendered":"https:\/\/www.europesays.com\/fr\/568364\/"},"modified":"2025-11-30T07:43:19","modified_gmt":"2025-11-30T07:43:19","slug":"retour-sur-toutes-les-tentatives-de-plan-de-paix-avec-poutine-qui-ont-echoue","status":"publish","type":"post","link":"https:\/\/www.europesays.com\/fr\/568364\/","title":{"rendered":"retour sur toutes les tentatives de plan de paix avec Poutine qui ont \u00e9chou\u00e9"},"content":{"rendered":"<p class=\"article-p mdl\">Depuis son retour \u00e0 la Maison-Blanche, Donald Trump s&rsquo;efforce de mettre un terme au conflit entre la Russie et l&rsquo;Ukraine pour cultiver son image de \u00ab\u00a0faiseur de paix\u00a0\u00bb, mais la t\u00e2che se r\u00e9v\u00e8le plus ardue que pr\u00e9vu.\u00a0<\/p>\n<p class=\"article-p mdl\">Apr\u00e8s des n\u00e9gociations secr\u00e8tes avec la Russie, les \u00c9tats-Unis ont propos\u00e9 un plan de paix en 28 points qu&rsquo;ils ont soumis \u00e0 l&rsquo;Ukraine le 20 novembre, avec une date butoir, celle de Thanksgiving. Lors des n\u00e9gociations \u00e0 Gen\u00e8ve,\u00a0<a class=\"link\" href=\"https:\/\/www.rtl.fr\/actu\/international\/volodymyr-zelensky-un-president-equilibriste-calme-mais-determine-face-a-donald-trump-7900570403\" title=\"Volodymyr Zelensky : un pr\u00e9sident \u00e9quilibriste, calme mais d\u00e9termin\u00e9 face \u00e0 Donald Trump\" target=\"_blank\" rel=\"noopener\">Volodymyr Zelensky\u00a0<\/a>a\u00a0propos\u00e9 des alternatives au plan am\u00e9ricain initial, jug\u00e9 trop favorable \u00e0 la Russie par Kiev et ses alli\u00e9s.\u00a0<\/p>\n<p>            La question sensibles des territoires<\/p>\n<p class=\"article-p mdl\">En milieu de semaine, Washington s&rsquo;est r\u00e9joui des \u00ab\u00a0immenses progr\u00e8s\u00a0\u00bb, dans ses discussions avec l&rsquo;Ukraine, tout en pr\u00e9cisant que \u00ab\u00a0des d\u00e9tails sensibles\u00a0\u00bb restaient \u00e0 r\u00e9gler avec la Russie. L&rsquo;\u00e9missaire am\u00e9ricain Steve Witkoff, critiqu\u00e9 pour\u00a0<a class=\"link\" href=\"https:\/\/www.rtl.fr\/actu\/international\/c-est-le-role-d-un-negociateur-donald-trump-defend-son-emissaire-steve-witkoff-accuse-de-collusion-avec-la-russie-7900571292\" title=\"&quot;C&#039;est le r\u00f4le d&#039;un n\u00e9gociateur&quot; : Donald Trump d\u00e9fend son \u00e9missaire Steve Witkoff, accus\u00e9 de collusion avec la Russie\" target=\"_blank\" rel=\"noopener\">sa proximit\u00e9 avec les conseillers du Kremlin<\/a>, doit rencontrer le pr\u00e9sident russe Vladimir Poutine la semaine prochaine \u00e0 Moscou pour trouver une issue.\u00a0<\/p>\n<p class=\"article-p mdl\">Le ma\u00eetre du Kremlin a d\u00e9j\u00e0 pr\u00e9venu qu&rsquo;il cesserait les hostilit\u00e9s, seulement si les forces ukrainiennes se retirent\u00a0<a class=\"link\" href=\"https:\/\/www.rtl.fr\/actu\/international\/guerre-en-ukraine-quelles-regions-sont-revendiquees-par-poutine-et-pourquoi-ce-redecoupage-tend-les-negociations-7900531516\" target=\"_blank\" rel=\"noopener\">des territoires dont la Russie revendique l&rsquo;annexion<\/a>. \u00ab\u00a0Si elles ne partent pas, nous les chasserons par la force militaire\u00a0\u00bb, a-t-il pr\u00e9cis\u00e9. La question de ces territoires est un point de crispation entre les deux pays qui a plus d&rsquo;une fois mis un terme aux n\u00e9gociations de paix.\u00a0<\/p>\n<p>            F\u00e9vrier 2022 : les pr\u00e9mices de n\u00e9gociations au B\u00e9larus<\/p>\n<p class=\"article-p mdl\">D\u00e8s les premiers jours de l&rsquo;invasion russe en Ukraine, des initiatives ont \u00e9t\u00e9 prises pour mettre fin au conflit. C&rsquo;est le B\u00e9larus qui a d&rsquo;abord jou\u00e9 un r\u00f4le de m\u00e9diateur. Proche de Vladimir Poutine, le pr\u00e9sident Alexandre Loukachenko, s&rsquo;entretient \u00e0 l&rsquo;\u00e9poque avec Volodymyr Zelensky pour organiser des n\u00e9gociations dans son pays.\u00a0\u00a0\u00a0<br \/>Favorable \u00e0 une rencontre avec son homologue russe, le pr\u00e9sident ukrainien refuse cependant que les pourparlers aient lieu au B\u00e9larus, base arri\u00e8re de la Russie. Finalement, l&rsquo;Ukraine et la Russie envoient leurs d\u00e9l\u00e9gations \u00e0 Gomel, mais les discussions ne m\u00e8nent nulle part. Vladimir Poutine est cat\u00e9gorique, il souhaite la reconnaissance de la souverainet\u00e9 russe sur la Crim\u00e9e, ainsi que \u00ab\u00a0la d\u00e9militarisation et la d\u00e9nazification de l&rsquo;\u00c9tat ukrainien et la garantie de son statut neutre\u00a0\u00bb, c&rsquo;est-\u00e0-dire son renoncement \u00e0 adh\u00e9rer \u00e0 l&rsquo;OTAN.<\/p>\n<p class=\"article-p mdl\">Le 3 mars 2022, la Russie et l&rsquo;Ukraine organisent une deuxi\u00e8me session de pourparlers et \u00e9tablissent simplement\u00a0<a class=\"link\" href=\"https:\/\/www.rtl.fr\/actu\/international\/en-direct-guerre-en-ukraine-des-responsables-ukrainiens-confirment-la-prise-de-kherson-par-l-armee-russe-7900130266\" title=\"Guerre en Ukraine : Russes et Ukrainiens s&#039;entendent sur la mise en place de &quot;couloirs humanitaires&quot;\" target=\"_blank\" rel=\"noopener\">des couloirs humanitaires<\/a>\u00a0pour permettre aux Ukrainiens habitant dans les zones touch\u00e9es par le conflit de fuir la guerre.<\/p>\n<p>            Mars 2022 : Isra\u00ebl se propose en m\u00e9diateur<\/p>\n<p class=\"article-p mdl\">Face \u00e0 l&rsquo;impuissance du B\u00e9larus pour jouer les interm\u00e9diaires, Isra\u00ebl propose son aide pour mettre fin au conflit en raison de sa proximit\u00e9 avec les deux pays. Apr\u00e8s s&rsquo;\u00eatre concert\u00e9 avec la France, les \u00c9tats-Unis et l&rsquo;Allemagne, le Premier ministre isra\u00e9lien de l&rsquo;\u00e9poque,\u00a0Naftali Bennett, rencontre Vladimir Poutine \u00e0 Moscou pendant trois heures, le 5 mars 2022.\u00a0<\/p>\n<p class=\"article-p mdl\">Il s\u2019entretient ensuite au t\u00e9l\u00e9phone avec Volodymyr Zelensky avant de se rendre \u00e0 Berlin pour rencontrer le chancelier Olaf Scholz. Ces discussions n&rsquo;aboutiront \u00e0 aucune action concr\u00e8te.<\/p>\n<p class=\"article-p mdl\">La tentative de m\u00e9diation d&rsquo;Isra\u00ebl est largement frein\u00e9e en mai 2022 lorsque le ministre russe des Affaires \u00e9trang\u00e8res, tient\u00a0<a class=\"link\" href=\"https:\/\/www.rtl.fr\/actu\/international\/guerre-en-ukraine-hitler-aussi-avait-du-sang-juif-declare-lavrov-israel-reagit-7900151007\" title=\"Guerre en Ukraine : &quot;Hitler aussi avait du sang juif&quot; d\u00e9clare Lavrov, Isra\u00ebl r\u00e9agit\" target=\"_blank\" rel=\"noopener\">des propos jug\u00e9s \u00ab\u00a0scandaleux\u00a0\u00bb par Isra\u00ebl<\/a>. En r\u00e9ponse \u00e0 Zelensky, qui soulignait ses origines juives pour r\u00e9futer toute accusation de nazisme, Sergue\u00ef Lavrov a d\u00e9clar\u00e9 : \u00ab\u00a0Je peux me tromper, mais il para\u00eet qu&rsquo;Hitler avait \u00e9galement des origines juives.\u00a0\u00bb<\/p>\n<p>            28 au 30 mars 2022 : la Turquie reprend le flambeau<\/p>\n<p class=\"article-p mdl\">\u00c0 Istanbul, sous la m\u00e9diation de la Turquie, les d\u00e9l\u00e9gations se r\u00e9unissent du 28 au 30 mars pour discuter d&rsquo;un\u00a0<a class=\"link\" href=\"https:\/\/www.rtl.fr\/actu\/international\/guerre-en-ukraine-ce-qu-il-faut-retenir-des-pourparlers-russo-ukrainiens-en-turquier-7900139046\" title=\"Guerre en Ukraine : ce qu&#039;il faut retenir des pourparlers russo-ukrainiens en Turquie\" target=\"_blank\" rel=\"noopener\">\u00ab\u00a0communiqu\u00e9 d&rsquo;Istanbul\u00a0\u00bb<\/a>, pr\u00e9sent\u00e9 par l&rsquo;Ukraine. Ce document proposait un cessez-le-feu, la neutralit\u00e9 permanente de l&rsquo;Ukraine et des garanties de s\u00e9curit\u00e9 internationales, tout en sugg\u00e9rant de clarifier le statut de la Crim\u00e9e sur une p\u00e9riode de quinze ans.<\/p>\n<p>L&rsquo;Ukraine \u00e9tait \u00e9galement dispos\u00e9e \u00e0 exclure la Crim\u00e9e et les r\u00e9gions occup\u00e9es du Donbass des garanties de s\u00e9curit\u00e9. Le communiqu\u00e9 incluait des concessions significatives de la part de Kiev. Bien que le texte n&rsquo;\u00e9voquait pas le retrait des forces russes derri\u00e8re la ligne de contact du 23 f\u00e9vrier 2022, il a \u00e9t\u00e9 approuv\u00e9 par les parties et aurait pu servir de base \u00e0 un accord n\u00e9goci\u00e9.<\/p>\n<p>Un jour seulement apr\u00e8s la r\u00e9union d&rsquo;Istanbul, le Kremlin a fermement refus\u00e9 d&rsquo;aborder la question de la Crim\u00e9e. Lors d&rsquo;une conversation t\u00e9l\u00e9phonique avec le Premier ministre italien Mario Draghi, Vladimir Poutine a affirm\u00e9 que le moment n&rsquo;\u00e9tait pas propice pour un cessez-le-feu ou une rencontre avec Volodymyr Zelensky. Malgr\u00e9 cela, les discussions sur la proposition ukrainienne se sont poursuivies durant la premi\u00e8re moiti\u00e9 du mois d&rsquo;avril.<\/p>\n<p>    17 mai 2022 : l&rsquo;Ukraine et la Russie se retirent des n\u00e9gociations de paix<\/p>\n<p class=\"article-p mdl\">Au mois d&rsquo;avril, la situation \u00e9volue sur le champ de bataille : Moscou concentre ses forces sur le Donbass et le sud de l&rsquo;Ukraine, Kiev parvient \u00e0 lib\u00e9rer certains de ces territoires, elle re\u00e7oit ses premi\u00e8res livraisons d&rsquo;armes et surtout, elle d\u00e9couvre les violences perp\u00e9tr\u00e9es par les forces russes, notamment \u00e0 Boutcha et Irpin.\u00a0<a class=\"link\" href=\"https:\/\/www.rtl.fr\/actu\/international\/des-absurdites-vladimir-poutine-assure-que-la-russie-n-a-pas-l-intention-d-attaquer-l-europe-7900571777\" target=\"_blank\" rel=\"noopener\">Des corps de civils sont retrouv\u00e9s jonchant dans les rues<\/a>, abattus d&rsquo;une balle dans la nuque.\u00a0<\/p>\n<p>Face \u00e0 ce massacre, la communaut\u00e9 internationale d\u00e9nonce des \u00ab\u00a0crimes de guerre\u00a0\u00bb. En cons\u00e9quence, l&rsquo;Assembl\u00e9e g\u00e9n\u00e9rale des Nations-Unies suspend le 7 avril la Russie de son si\u00e8ge au Conseil des droits de l&rsquo;homme. Cette derni\u00e8re assure ne pas \u00eatre impliqu\u00e9e dans ce massacre, mais\u00a0<a class=\"link\" href=\"https:\/\/www.rtl.fr\/actu\/international\/guerre-en-ukraine-des-journalistes-auraient-identifie-les-soldats-russes-des-massacres-de-boutcha-7900217621\" target=\"_blank\" rel=\"noopener\">des t\u00e9moignages prouvent le contraire.\u00a0<\/a>Face \u00e0 l&rsquo;horreur, l&rsquo;opinion publique ukrainienne refuse de faire des concessions avec Moscou.<\/p>\n<p>Au milieu du mois d&rsquo;avril, Zelensky \u00e9met une condition \u00e0 la reprise des n\u00e9gociations de cessez-le-feu : Poutine doit en finir avec les tueries des civils et des prisonniers ukrainiens. Une condition qui sera transgress\u00e9e d\u00e8s le 16 mai, lorsque les forces russes prennent le contr\u00f4le de l&rsquo;aci\u00e9rie d&rsquo;Azov, dernier bastion ukrainien de Marioupol.<\/p>\n<p>Le 17 mai, l&rsquo;Ukraine et la Russie ont officiellement mis fin aux n\u00e9gociations de cessez-le-feu. Les deux pays continuent de se rejeter mutuellement la responsabilit\u00e9 de l&rsquo;\u00e9chec de ces premiers pourparlers de paix.<\/p>\n<p>    18 f\u00e9vrier 2025 : premi\u00e8re rencontre entre les \u00c9tats-Unis et la Russie<\/p>\n<p class=\"article-p mdl\">Une rencontre diplomatique de haut niveau a lieu \u00e0 Riyad le 18 f\u00e9vrier entre les \u00c9tats-Unis et la Russie, incarn\u00e9e par Marco Rubio, le secr\u00e9taire d\u2019\u00c9tat am\u00e9ricain et Sergue\u00ef Lavrov le ministre russe des Affaires \u00e9trang\u00e8res. Une premi\u00e8re depuis le d\u00e9but de la guerre. L\u2019objectif affich\u00e9 \u00e9tait de \u201cposer les bases\u201d d\u2019un retour au dialogue, de r\u00e9tablir les missions diplomatiques des deux pays, et d\u2019engager un \u201cprocessus de consultation\u201d visant \u00e0 n\u00e9gocier un r\u00e8glement du conflit ukrainien.\u00a0<\/p>\n<p>Le d\u00e9placement \u00e0 Riyad est alors d\u00e9crit comme un \u201cpremier pas important\u201d par les autorit\u00e9s am\u00e9ricaines : selon elles, le r\u00e9tablissement de relations diplomatiques normales constitue une condition n\u00e9cessaire \u00e0 tout processus de paix durable. Cette session qui ne r\u00e9unissait ni repr\u00e9sentants ukrainiens ni europ\u00e9ens, a suscit\u00e9 imm\u00e9diatement des critiques, notamment de la part de Volodymyr Zelensky, qui a d\u00e9clar\u00e9 qu\u2019aucun accord sur l\u2019Ukraine ne pouvait \u00eatre l\u00e9gitime sans la participation de Kiev.\u00a0<\/p>\n<p>    28 f\u00e9vrier 2025 : la confrontation entre Zelensky et Trump<\/p>\n<p class=\"article-p mdl\">Dix jours plus tard, Zelensky se rend \u00e0 Washington pour rencontrer Donald Trump pour discuter d&rsquo;un accord bilat\u00e9ral am\u00e9ricano-ukrainien, principalement autour d&rsquo;un futur accord sur les ressources mini\u00e8res ukrainiennes, mais rapidement\u00a0<a class=\"link\" href=\"https:\/\/www.rtl.fr\/actu\/international\/altercation-trump-zelensky-ce-qu-il-faut-retenir-de-la-rencontre-entre-les-deux-chefs-d-etat-7900478021\" target=\"_blank\" rel=\"noopener\">la r\u00e9union d\u00e9g\u00e9n\u00e8re<\/a>.\u00a0<br \/>Durant l&rsquo;entretien dans le bureau ovale, Donald Trump et J.D. Vance accuse le pr\u00e9sident de \u00ab\u00a0jouer avec la troisi\u00e8me guerre mondiale\u00a0\u00bb et d&rsquo;\u00eatre \u00ab\u00a0irrespectueux\u00a0\u00bb. Volodymyr Zelensky quitte la Maison-Blanche en\u00a0pr\u00e9cipitation, la conf\u00e9rence de presse est annul\u00e9e et Trump annonce la fin du soutien militaire am\u00e9ricain \u00e0 l&rsquo;Ukraine.<\/p>\n<p>                <img decoding=\"async\" alt=\"\" class=\"media-item lazy\" src=\"https:\/\/www.europesays.com\/fr\/wp-content\/uploads\/2025\/11\/1737535-volodymyr-zelensky-et-donald-trump-a-la-maison-blanche-le-28-fevrier-2025.jpg\"\/><\/p>\n<p class=\"article-media-figcaption-title\">\n            Volodymyr Zelensky et Donald Trump, \u00e0 la Maison Blanche, le 28 f\u00e9vrier 2025.<\/p>\n<p class=\"article-media-figcaption-credits\">\n            Cr\u00e9dit : Andrew Harnik \/ GETTY IMAGES NORTH AMERICA \/ Getty Images via AFP<\/p>\n<p>2 mars 2025 : les Europ\u00e9ens entrent dans le jeu<\/p>\n<p class=\"article-p mdl\">Inquiets pour la s\u00e9curit\u00e9 de leur territoire apr\u00e8s l&rsquo;\u00e9chec de la rencontre entre Trump et Zelensky, les Europ\u00e9ens organisent le 2 mars un sommet pour la paix en Ukraine. Dix-huit dirigeants ou repr\u00e9sentants de pays europ\u00e9ens se r\u00e9unissent avec Volodymyr Zelensky pour b\u00e2tir une\u00a0large \u00ab\u00a0coalition des volontaires\u00a0\u00bb capable de soutenir l\u2019Ukraine, militairement, politiquement et diplomatiquement.\u00a0<\/p>\n<p>L\u2019objectif \u00e9tait double : garantir la s\u00e9curit\u00e9 et la souverainet\u00e9 ukrainienne face \u00e0 la pression russe, et pr\u00e9parer un cadre diplomatique solide \u00e0 soumettre ensuite aux \u00c9tats-Unis en vue d\u2019un cessez-le-feu et d\u2019un accord de paix global.  \u00c0 l\u2019issue du sommet, les participants ont r\u00e9affirm\u00e9 leur soutien militaire \u00e0 l\u2019Ukraine, envisag\u00e9 des garanties de s\u00e9curit\u00e9, et pos\u00e9 les premi\u00e8res bases d\u2019une coalition internationale, connue sous le nom de\u00a0<a class=\"link\" href=\"https:\/\/www.rtl.fr\/actu\/international\/guerre-en-ukraine-5-questions-sur-la-coalition-des-volontaires-qui-se-reunit-avec-macron-ce-dimanche-7900531338\" title=\"Guerre en Ukraine : 5 questions sur la &quot;coalition des volontaires&quot; qui se r\u00e9unit en visio avec Macron ce dimanche\" target=\"_blank\" rel=\"noopener\">\u00ab\u00a0coalition des volontaires\u00a0\u00bb<\/a>, pr\u00eate \u00e0 intervenir pour maintenir la paix en cas de cessez-le-feu avec la Russie.\u00a0<\/p>\n<p>                <img decoding=\"async\" alt=\"\" class=\"media-item lazy\" src=\"https:\/\/www.europesays.com\/fr\/wp-content\/uploads\/2025\/11\/1764488598_858_1775003-emmanuel-macron-et-volodymyr-zelensky-le-24-juin-a-la-haye-pays-bas.jpg\"\/><\/p>\n<p class=\"article-media-figcaption-title\">\n            Emmanuel Macron et Volodymyr Zelensky le 24 juin \u00e0 la Haye, Pays-bas.<\/p>\n<p class=\"article-media-figcaption-credits\">\n            Cr\u00e9dit : AFP<\/p>\n<p>18 mars 2025 : un accord de cessez-le-feu de 30 jours<\/p>\n<p class=\"article-p mdl\">Le 11 mars 2025, l\u2019Ukraine annonce qu\u2019elle accepte un cessez-le-feu provisoire de 30 jours propos\u00e9 par les \u00c9tats-Unis comme base pour ouvrir des n\u00e9gociations de paix. Dans le m\u00eame temps, Donald Trump restaure l&rsquo;aide militaire et le partage de renseignements en faveur de l\u2019Ukraine, qu\u2019il avait temporairement suspendus.  Le but est d\u2019arr\u00eater les attaques sur toute la ligne de front, de cr\u00e9er un \u201cespace de confiance\u201d, et de lancer des pourparlers pour un accord global, potentiellement prolongeable \u201cpar consentement mutuel\u201d.<\/p>\n<p>La Russie, tout en se disant \u00ab\u00a0ouverte\u00a0\u00bb \u00e0 l\u2019id\u00e9e, exige avant tout que la question de l&rsquo;occupation ukrainienne dans l&rsquo;oblast de Koursk soit discut\u00e9e, tout comme les livraisons d&rsquo;armes \u00e0 l&rsquo;Ukraine. Finalement, le 18 mars, apr\u00e8s une discussion t\u00e9l\u00e9phonique avec Trump, Vladimir Poutine accepte de mettre un terme pendant 30 jours aux frappes sur les infrastructures \u00e9nerg\u00e9tiques ukrainiennes.\u00a0<\/p>\n<p>Le 19 avril 2025, Vladimir Poutine d\u00e9cr\u00e8te<a class=\"link\" href=\"https:\/\/www.rtl.fr\/actu\/international\/guerre-en-ukraine-poutine-ordonne-un-cessez-le-feu-pour-paques-7900496212\" title=\"Guerre en Ukraine : Poutine ordonne un cessez-le-feu pour P\u00e2ques\" target=\"_blank\" rel=\"noopener\"> un nouveau cessez-le-feu \u00e0 l&rsquo;occasion\u00a0des f\u00eates de P\u00e2ques<\/a>, interdisant toute action militaire pendant 30 heures, mais d\u00e8s le lendemain, Zelensky lui reproche d&rsquo;avoir viol\u00e9 cette tr\u00eave \u00e0 plusieurs reprises.\u00a0<\/p>\n<p>    Mai 2025 : l&rsquo;Ukraine et la Russie reprennent contact<\/p>\n<p class=\"article-p mdl\">Apr\u00e8s trois ans sans dialogue de paix entre l&rsquo;Ukraine et la Russie. Les deux pays reprennent contact sous la pression de l&rsquo;administration Trump. Les d\u00e9l\u00e9gations des deux pays se rencontrent le 16 mai 2025 \u00e0 Istanbul. Kiev et Moscou s&rsquo;accordent pour \u00e9changer chacun 1.000 prisonniers de guerre. L&rsquo;Ukraine propose un cessez-le-feu de 30 jours, refus\u00e9 par la Russie qui demande une fois de plus la d\u00e9militarisation du pays et revendique le contr\u00f4le d&rsquo;environ un cinqui\u00e8me du territoire ukrainien.\u00a0<\/p>\n<p>    Juillet-ao\u00fbt 2025 : les ultimatums am\u00e9ricains<\/p>\n<p class=\"article-p mdl\">\u00c0 partir de la mi-juillet 2025, l\u2019initiative diplomatique repasse fortement entre les mains des \u00c9tats-Unis. Le 14 juillet, Donald Trump fixe un ultimatum \u00e0 la Russie, mena\u00e7ant de sanctions \u00e9conomiques massives si un accord de paix n\u2019est pas obtenu dans un d\u00e9lai de cinquante jours, puis r\u00e9duit cette \u00e9ch\u00e9ance \u00e0 une dizaine de jours \u00e0 la fin du mois.\u00a0<\/p>\n<p>Ce durcissement de ton s\u2019accompagne d\u2019une tentative d\u2019engager \u00e0 nouveau le dialogue : le 6 ao\u00fbt, l\u2019envoy\u00e9 sp\u00e9cial am\u00e9ricain Steve Witkoff se rend \u00e0 Moscou pour rencontrer Vladimir Poutine. Malgr\u00e9 l\u2019importance symbolique de cette rencontre, aucune perc\u00e9e diplomatique concr\u00e8te n\u2019en ressort, la Russie maintenant ses exigences et l\u2019Ukraine refusant les concessions territoriales \u00e9voqu\u00e9es par certains interm\u00e9diaires.<\/p>\n<p>Deux jours plus tard, le 8 ao\u00fbt, un sommet bilat\u00e9ral Trump-Poutine est annonc\u00e9 pour le 15 ao\u00fbt en Alaska, constituant la premi\u00e8re rencontre en face-\u00e0-face de ce niveau depuis le d\u00e9but de la guerre en f\u00e9vrier 2022. L\u2019objectif affich\u00e9 est de rouvrir un canal direct entre les deux puissances pour explorer les contours possibles d\u2019un accord de paix.\u00a0<\/p>\n<p>L\u2019\u00e9vocation publique par Trump de sc\u00e9narios d\u2019\u00e9changes territoriaux provoque cependant un rejet imm\u00e9diat du c\u00f4t\u00e9 ukrainien, Volodymyr Zelensky affirmant qu\u2019aucune solution durable ne pouvait passer par une cession de territoires.\u00a0<a class=\"link\" href=\"https:\/\/www.rtl.fr\/actu\/international\/sommet-trump-poutine-pourquoi-le-president-americain-parle-d-un-echange-de-territoires-7900530860\" title=\"Sommet Trump-Poutine : pourquoi le pr\u00e9sident am\u00e9ricain parle d&#039;un &quot;\u00e9change de territoires&quot; ?\" target=\"_blank\" rel=\"noopener\">La rencontre d\u2019Anchorage<\/a>\u00a0finit par se tenir le 15 ao\u00fbt, mais se conclut sans accord ni d\u00e9claration commune, confirmant que malgr\u00e9 une succession de signaux diplomatiques, l\u2019\u00e9t\u00e9 2025 d\u00e9bouche davantage sur un blocage que sur un compromis.<\/p>\n<p>                <img decoding=\"async\" alt=\"\" class=\"media-item lazy\" src=\"https:\/\/www.europesays.com\/fr\/wp-content\/uploads\/2025\/11\/1774906-donald-trump-et-vladimir-poutine-posent-sur-un-podium-sur-le-tarmac-apres-leur-arrivee-a-la-.jpeg\"\/><\/p>\n<p class=\"article-media-figcaption-title\">\n            Donald Trump et Vladimir Poutine posent sur un podium sur le tarmac apr\u00e8s leur arriv\u00e9e \u00e0 la base militaire Elmendorf-Richardson \u00e0 Anchorage, en Alaska, le 15 ao\u00fbt 2025.<\/p>\n<p class=\"article-media-figcaption-credits\">\n            Cr\u00e9dit : ANDREW CABALLERO-REYNOLDS \/ AFP<\/p>\n<p>Novembre 2025 : la fuite du plan de paix am\u00e9ricain en 28 points<\/p>\n<p class=\"article-p mdl\">Un plan de paix de 28 points, soutenu par les \u00c9tats-Unis et pr\u00e9sent\u00e9 comme destin\u00e9 \u00e0 mettre fin \u00e0 la guerre en Ukraine, fuite dans les m\u00e9dias am\u00e9ricains mercredi 19 novembre. Ce plan, con\u00e7u en coulisses par\u00a0<a class=\"link\" href=\"https:\/\/www.rtl.fr\/actu\/international\/c-est-le-role-d-un-negociateur-donald-trump-defend-son-emissaire-steve-witkoff-accuse-de-collusion-avec-la-russie-7900571292\" target=\"_blank\" rel=\"noopener\">l\u2019\u00e9missaire am\u00e9ricain Steve Witkoff avec des interlocuteurs russes<\/a>, reposait en grande partie sur un document ant\u00e9rieur transmis par la Russie \u00e0 Washington.\u00a0<\/p>\n<p>Plusieurs de ses clauses reprenaient des exigences longtemps \u00e9mises par Moscou.  Parmi les dispositions les plus controvers\u00e9es : la reconnaissance de facto du contr\u00f4le russe sur des territoires disput\u00e9s (comme la Crim\u00e9e, Donetsk, Louhansk), le gel de la participation future de l\u2019Ukraine \u00e0 l\u2019OTAN, un plafonnement de la taille de ses forces arm\u00e9es, ainsi que des concessions territoriales en \u00e9change de garanties de s\u00e9curit\u00e9 et d\u2019un vaste plan de reconstruction.\u00a0<\/p>\n<p>Cette fuite d\u2019un texte si sensible, avant m\u00eame qu\u2019il ait \u00e9t\u00e9 discut\u00e9 avec Kiev provoque un choc diplomatique en Ukraine, en Europe, le projet est per\u00e7u comme un plan de \u201ccapitulation d\u00e9guis\u00e9e\u201d pour l\u2019Ukraine.<\/p>\n<p>        \u00c0 \u00e9couter<\/p>\n<p class=\"col-12 col-md-11\">\n<p>                                Steve Witkoff est-il na\u00eff ou roule t-il pour la Russie ?\n                        <\/p>\n<p class=\"article-p mdl\">Face \u00e0 la lev\u00e9e de boucliers, le plan est tr\u00e8s rapidement ren\u00e9goci\u00e9. Lors de pourparlers \u00e0 Gen\u00e8ve entre d\u00e9l\u00e9gu\u00e9s ukrainiens et am\u00e9ricains, un \u00ab\u00a0cadre de paix retravaill\u00e9\u00a0\u00bb est adopt\u00e9, r\u00e9duisant la port\u00e9e du texte initial. Mardi 25 novembre, le pr\u00e9sident ukrainien Zelensky a inform\u00e9 ses alli\u00e9s de sa volont\u00e9 de progresser avec le plan de paix am\u00e9ricain pour mettre fin au conflit avec la Russie. Cependant, il a soulign\u00e9 que le plan comportait encore des \u00ab\u00a0points sensibles\u00a0\u00bb qu&rsquo;il souhaitait aborder avec le pr\u00e9sident am\u00e9ricain Donald Trump.<\/p>\n<p>Les \u00ab\u00a0points sensibles\u00a0\u00bb comportent sans nul doute la question des territoires qui doit \u00e9galement \u00eatre au c\u0153ur des discussions entre Steve Witkoff et Vladimir Poutine, la semaine prochaine.\u00a0<\/p>\n<p>    La r\u00e9daction vous recommande<\/p>\n<p class=\"s-newsletter__title\">\n                L\u2019actualit\u00e9 par la r\u00e9daction de RTL dans votre bo\u00eete mail.\n            <\/p>\n<p class=\"s-newsletter__subtitle\">\n                Gr\u00e2ce \u00e0 votre compte RTL abonnez-vous \u00e0 la newsletter RTL info pour suivre toute l&rsquo;actualit\u00e9 au quotidien\n            <\/p>\n<p>\n                                    Lire la suite\n                                <\/p>\n","protected":false},"excerpt":{"rendered":"Depuis son retour \u00e0 la Maison-Blanche, Donald Trump s&rsquo;efforce de mettre un terme au conflit entre la Russie&hellip;\n","protected":false},"author":2,"featured_media":568365,"comment_status":"","ping_status":"","sticky":false,"template":"","format":"standard","meta":{"footnotes":""},"categories":[1591],"tags":[11,75,1887,107,131,12,2403,1885,1886,132,220,135,134],"class_list":{"0":"post-568364","1":"post","2":"type-post","3":"status-publish","4":"format-standard","5":"has-post-thumbnail","7":"category-russie","8":"tag-actualites","9":"tag-donald-trump","10":"tag-federation-de-russie","11":"tag-fil-info","12":"tag-guerre-en-ukraine","13":"tag-news","14":"tag-paix","15":"tag-russia","16":"tag-russian-federation","17":"tag-russie","18":"tag-ukraine","19":"tag-vladimir-poutine","20":"tag-volodymyr-zelensky"},"share_on_mastodon":{"url":"https:\/\/pubeurope.com\/@fr\/115637533066665832","error":""},"_links":{"self":[{"href":"https:\/\/www.europesays.com\/fr\/wp-json\/wp\/v2\/posts\/568364","targetHints":{"allow":["GET"]}}],"collection":[{"href":"https:\/\/www.europesays.com\/fr\/wp-json\/wp\/v2\/posts"}],"about":[{"href":"https:\/\/www.europesays.com\/fr\/wp-json\/wp\/v2\/types\/post"}],"author":[{"embeddable":true,"href":"https:\/\/www.europesays.com\/fr\/wp-json\/wp\/v2\/users\/2"}],"replies":[{"embeddable":true,"href":"https:\/\/www.europesays.com\/fr\/wp-json\/wp\/v2\/comments?post=568364"}],"version-history":[{"count":0,"href":"https:\/\/www.europesays.com\/fr\/wp-json\/wp\/v2\/posts\/568364\/revisions"}],"wp:featuredmedia":[{"embeddable":true,"href":"https:\/\/www.europesays.com\/fr\/wp-json\/wp\/v2\/media\/568365"}],"wp:attachment":[{"href":"https:\/\/www.europesays.com\/fr\/wp-json\/wp\/v2\/media?parent=568364"}],"wp:term":[{"taxonomy":"category","embeddable":true,"href":"https:\/\/www.europesays.com\/fr\/wp-json\/wp\/v2\/categories?post=568364"},{"taxonomy":"post_tag","embeddable":true,"href":"https:\/\/www.europesays.com\/fr\/wp-json\/wp\/v2\/tags?post=568364"}],"curies":[{"name":"wp","href":"https:\/\/api.w.org\/{rel}","templated":true}]}}