{"id":568368,"date":"2025-11-30T07:45:18","date_gmt":"2025-11-30T07:45:18","guid":{"rendered":"https:\/\/www.europesays.com\/fr\/568368\/"},"modified":"2025-11-30T07:45:18","modified_gmt":"2025-11-30T07:45:18","slug":"comment-le-doge-ministere-charge-de-couper-dans-les-depenses-publiques-a-fini-par-etre-discretement-dissous","status":"publish","type":"post","link":"https:\/\/www.europesays.com\/fr\/568368\/","title":{"rendered":"comment le Doge, minist\u00e8re charg\u00e9 de couper dans les d\u00e9penses publiques, a fini par \u00eatre discr\u00e8tement dissous"},"content":{"rendered":"\n<p class=\"c-chapo \">\n  Lanc\u00e9 en grande pompe au d\u00e9but du second mandat de Donald Trump, ce minist\u00e8re dirig\u00e9 au d\u00e9part par Elon Musk semble avoir fait long feu.\n<\/p>\n<p>      lire plus tard<\/p>\n<p id=\"dialog__title\" class=\"dialog__title\">Pour sauvegarder cet article, connectez-vous ou cr\u00e9ez un compte franceinfo<\/p>\n<p class=\"dialog__description\">Sans paiement. Sans abonnement.<\/p>\n<p>        Fermer la fen\u00eatre d\u2019activation des notifications France Info<\/p>\n<p>      cr\u00e9er votre compte<\/p>\n<p>      se connecter<\/p>\n<p>        Fermer la fen\u00eatre de pr\u00e9sentation<\/p>\n<p>    <img loading=\"lazy\" decoding=\"async\" class=\"signature__image lazyload\" width=\"100\" height=\"100\" data- alt=\"\" src=\"https:\/\/www.europesays.com\/fr\/wp-content\/uploads\/2025\/05\/64a7df4c5fe71_placeholder-36b69ec8.png\"\/><\/p>\n<p>    Publi\u00e9 le 30\/11\/2025 08:00<\/p>\n<p>        Temps de lecture : 3min<\/p>\n<p>    <img decoding=\"async\"  alt=\"Elon Musk, portant un t-shirt \u00e0 l'effigie du Doge, le d\u00e9partement de l'Efficacit\u00e9 gouvernementale, le 9 mars 2025 \u00e0 Washington (Etats-Unis). (OLIVER CONTRERAS \/ AFP)\" width=\"432\" height=\"243\" src=\"https:\/\/www.europesays.com\/fr\/wp-content\/uploads\/2025\/11\/000-36zp6hu-692b523b1d992559511602.jpg\" fetchpriority=\"high\"\/><\/p>\n<p>      Elon Musk, portant un t-shirt \u00e0 l&rsquo;effigie du Doge, le d\u00e9partement de l&rsquo;Efficacit\u00e9 gouvernementale, le 9 mars 2025 \u00e0 Washington (Etats-Unis). (OLIVER CONTRERAS \/ AFP)<\/p>\n<p>Aux \u00c9tats-Unis, o\u00f9 est pass\u00e9 le minist\u00e8re de l&rsquo;Efficacit\u00e9 gouvernementale ? Grand projet de <a href=\"https:\/\/www.franceinfo.fr\/monde\/usa\/donald-trump-affirme-que-l-espace-aerien-du-venezuela-doit-etre-considere-comme-entierement-ferme_7647800.html\" target=\"_self\" rel=\"noopener noreferrer nofollow\" data-tooltip-url=\"https:\/\/www.franceinfo.fr\/monde\/usa\/donald-trump-affirme-que-l-espace-aerien-du-venezuela-doit-etre-considere-comme-entierement-ferme_7647800.html\">Donald Trump<\/a> pour ce second mandat, dirig\u00e9 \u00e0 ses d\u00e9buts par <a href=\"https:\/\/www.franceinfo.fr\/internet\/elon-musk\/\" target=\"_self\" rel=\"noopener noreferrer nofollow\" data-tooltip-url=\"https:\/\/www.franceinfo.fr\/internet\/elon-musk\/\">Elon Musk<\/a>, <a href=\"https:\/\/www.franceinfo.fr\/internet\/elon-musk\/economies-limitees-fonction-publique-abimee-personnel-sidere-le-bilan-peu-flamboyant-d-elon-musk-a-la-tete-de-la-commission-doge_7276125.html\" target=\"_self\" rel=\"noopener noreferrer nofollow\" data-tooltip-url=\"https:\/\/www.franceinfo.fr\/internet\/elon-musk\/economies-limitees-fonction-publique-abimee-personnel-sidere-le-bilan-peu-flamboyant-d-elon-musk-a-la-tete-de-la-commission-doge_7276125.html\">cette structure appel\u00e9e \u00ab\u00a0Doge\u00a0\u00bb<\/a> (d\u00e9partement d&rsquo;Efficacit\u00e9 gouvernementale)\u00a0et qui devait couper dans les d\u00e9penses de l&rsquo;administration am\u00e9ricaine \u00e9t\u00e9 discr\u00e8tement dissoute ces derniers mois.<\/p>\n<p>Dans une <a href=\"https:\/\/www.youtube.com\/watch?v=L3QUVQoXZM8\" target=\"_blank\" rel=\"noopener\" data-tooltip-url=\"https:\/\/www.youtube.com\/watch?v=L3QUVQoXZM8\">vid\u00e9o datant de f\u00e9vrier dernier<\/a>, Elon Musk appara\u00eet une tron\u00e7onneuse en main, surexcit\u00e9 sur sc\u00e8ne, pour souligner son objectif d&rsquo;en finir avec la bureaucratie. Le symbole restera, mais le minist\u00e8re cr\u00e9\u00e9 dans ce but, au premier jour du second mandat de Donald Trump, lui, n&rsquo;est plus. Huit mois avant ce qui devait \u00eatre la fin de sa mission, l&rsquo;agence charg\u00e9e de la fonction publique le confirme \u00e0 demi-mot, m\u00eame si aucune annonce officielle n&rsquo;a \u00e9t\u00e9 faite par l&rsquo;administration Trump.<\/p>\n<p>Depuis le d\u00e9part f\u00e2ch\u00e9 d&rsquo;Elon Musk en mai, plusieurs m\u00e9dias am\u00e9ricains avaient not\u00e9 les signes d&rsquo;une structure qui ne r\u00e9sisterait pas. Cet \u00e9t\u00e9, des employ\u00e9s qui dormaient sur place, au minist\u00e8re, depuis le mois de f\u00e9vrier ont ainsi d\u00e9barrass\u00e9 leurs affaires et rang\u00e9 leurs duvets. Et depuis, quand le pr\u00e9sident Donald Trump mentionne ce Doge , il en parle au pass\u00e9.<\/p>\n<p>Il faut dire que l&rsquo;objectif de ce minist\u00e8re n&rsquo;est pas atteint, en tout cas pas celui fix\u00e9 par Donald Trump et Elon Musk en f\u00e9vrier dernier\u00a0: couper 1\u00a0000 milliards de dollars en six mois dans les d\u00e9penses publiques \u00e0 grands coups de suppressions de postes. Aujourd&rsquo;hui, sur son site, toujours en place, le Doge ne revendique \u00ab\u00a0que\u00a0\u00bb 214\u00a0milliards d&rsquo;\u00e9conomies estim\u00e9es. Un montant que plusieurs analystes consid\u00e8rent d\u00e9j\u00e0 comme exag\u00e9r\u00e9. Le gel massif des embauches de fonctionnaires, lui, vient d&rsquo;\u00eatre lev\u00e9 et certains secteurs r\u00e9embauchent d\u00e9j\u00e0 pour r\u00e9parer les d\u00e9g\u00e2ts. Sur deux millions d&rsquo;agents publics am\u00e9ricains, 200\u00a0000 avaient d\u00fb quitter leur poste depuis le d\u00e9but de l&rsquo;ann\u00e9e.<\/p>\n<p>Toutefois, plusieurs m\u00e9dias appellent \u00e0 la prudence, car une grande partie des hauts responsables du minist\u00e8re ont \u00e9t\u00e9 red\u00e9ploy\u00e9s sur des postes de l&rsquo;administration am\u00e9ricaine diss\u00e9min\u00e9s. L&rsquo;un d&rsquo;eux a, par exemple, pris les manettes des services informatiques de la S\u00e9curit\u00e9 sociale, un autre a pris la t\u00eate de la gestion des \u00ab\u00a0ressources humaines\u00a0\u00bb de tout le gouvernement, tandis que la feuille de route du Doge est d\u00e9sormais g\u00e9r\u00e9e par le directeur du budget de la Maison Blanche, charg\u00e9 d&rsquo;acter les orientations budg\u00e9taires du pr\u00e9sident. Ce qui fait craindre \u00e0 certains observateurs que la mission de s&rsquo;attaquer au secteur public am\u00e9ricain reste bien d&rsquo;actualit\u00e9, juste un peu plus loin des projecteurs.<\/p>\n","protected":false},"excerpt":{"rendered":"Lanc\u00e9 en grande pompe au d\u00e9but du second mandat de Donald Trump, ce minist\u00e8re dirig\u00e9 au d\u00e9part par&hellip;\n","protected":false},"author":2,"featured_media":568369,"comment_status":"","ping_status":"","sticky":false,"template":"","format":"standard","meta":{"footnotes":""},"categories":[1589],"tags":[11,73,1866,12,1864,1865,1863,308],"class_list":{"0":"post-568368","1":"post","2":"type-post","3":"status-publish","4":"format-standard","5":"has-post-thumbnail","7":"category-etats-unis","8":"tag-actualites","9":"tag-etats-unis","10":"tag-etats-unis-damerique","11":"tag-news","12":"tag-united-states","13":"tag-united-states-of-america","14":"tag-us","15":"tag-usa"},"share_on_mastodon":{"url":"https:\/\/pubeurope.com\/@fr\/115637540275180022","error":""},"_links":{"self":[{"href":"https:\/\/www.europesays.com\/fr\/wp-json\/wp\/v2\/posts\/568368","targetHints":{"allow":["GET"]}}],"collection":[{"href":"https:\/\/www.europesays.com\/fr\/wp-json\/wp\/v2\/posts"}],"about":[{"href":"https:\/\/www.europesays.com\/fr\/wp-json\/wp\/v2\/types\/post"}],"author":[{"embeddable":true,"href":"https:\/\/www.europesays.com\/fr\/wp-json\/wp\/v2\/users\/2"}],"replies":[{"embeddable":true,"href":"https:\/\/www.europesays.com\/fr\/wp-json\/wp\/v2\/comments?post=568368"}],"version-history":[{"count":0,"href":"https:\/\/www.europesays.com\/fr\/wp-json\/wp\/v2\/posts\/568368\/revisions"}],"wp:featuredmedia":[{"embeddable":true,"href":"https:\/\/www.europesays.com\/fr\/wp-json\/wp\/v2\/media\/568369"}],"wp:attachment":[{"href":"https:\/\/www.europesays.com\/fr\/wp-json\/wp\/v2\/media?parent=568368"}],"wp:term":[{"taxonomy":"category","embeddable":true,"href":"https:\/\/www.europesays.com\/fr\/wp-json\/wp\/v2\/categories?post=568368"},{"taxonomy":"post_tag","embeddable":true,"href":"https:\/\/www.europesays.com\/fr\/wp-json\/wp\/v2\/tags?post=568368"}],"curies":[{"name":"wp","href":"https:\/\/api.w.org\/{rel}","templated":true}]}}