{"id":568376,"date":"2025-11-30T07:49:15","date_gmt":"2025-11-30T07:49:15","guid":{"rendered":"https:\/\/www.europesays.com\/fr\/568376\/"},"modified":"2025-11-30T07:49:15","modified_gmt":"2025-11-30T07:49:15","slug":"pour-dune-denis-villeneuve-voulait-timothee-chalamet-et-personne-dautre","status":"publish","type":"post","link":"https:\/\/www.europesays.com\/fr\/568376\/","title":{"rendered":"Pour Dune, Denis Villeneuve voulait Timoth\u00e9e Chalamet et personne d&rsquo;autre !"},"content":{"rendered":"<p>Ce dimanche 30 novembre 2025 \u00e0 21h10, France 2 diffuse le film de science-fiction Dune, r\u00e9alis\u00e9 par Denis Villeneuve. Cette nouvelle adaptation, port\u00e9e par Timoth\u00e9e Chalamet dans le r\u00f4le de Paul Atr\u00e9ides, a fait l&rsquo;unanimit\u00e9.<\/p>\n<p>Sorti en 2021, le film Dune, adapt\u00e9 du roman de science-fiction \u00e9ponyme de Frank Herbert (1965), a rencontr\u00e9 un v\u00e9ritable succ\u00e8s en France, cumulant plus de 3\u00a0millions d&rsquo;entr\u00e9es. Il s&rsquo;agit de la seconde adaptation cin\u00e9matographique de l&rsquo;\u0153uvre, <a href=\"https:\/\/www.programme-tv.net\/news\/cinema\/258678-dune-arte-pourquoi-david-lynch-a-renie-son-propre-film\/\" data-api-deeplink=\"teleloisirs:\/\/news\/258678\" target=\"_blank\" rel=\"noopener\">apr\u00e8s celle r\u00e9alis\u00e9e par David Lynch en 1984<\/a>. Ce long-m\u00e9trage \u00e0 gros budget est cette fois-ci r\u00e9alis\u00e9 par Denis Villeneuve, un fan inconditionnel des livres de Frank Herbert, <a href=\"https:\/\/www.programme-tv.net\/news\/cinema\/360554-dune-quelles-conditions-denis-villeneuve-a-t-il-imposees-pour-tourner-ses-films-tire-des-livres-de-frank-herbert\/\" data-api-deeplink=\"teleloisirs:\/\/news\/360554\" target=\"_blank\" rel=\"noopener\">qui a pu imposer ses conditions lors du tournage<\/a>. Le succ\u00e8s du film a rapidement donn\u00e9 lieu \u00e0 une suite, sortie en 2024, <a href=\"https:\/\/www.programme-tv.net\/news\/cinema\/348334-dune-y-aura-t-il-un-troisieme-film-realise-par-denis-villeneuve\/\" data-api-deeplink=\"teleloisirs:\/\/news\/348334\" target=\"_blank\" rel=\"noopener\">ainsi qu&rsquo;\u00e0 un troisi\u00e8me volet actuellement en <\/a><a href=\"https:\/\/www.programme-tv.net\/news\/cinema\/348334-dune-y-aura-t-il-un-troisieme-film-realise-par-denis-villeneuve\/\" data-api-deeplink=\"teleloisirs:\/\/news\/348334\" target=\"_blank\" rel=\"noopener\">pr\u00e9paration<\/a>. Par ailleurs, <a href=\"https:\/\/www.programme-tv.net\/news\/series-tv\/364895-dune-prophecy-quand-se-situe-la-serie-par-rapport-aux-films-avec-timothee-chalamet\/\" data-api-deeplink=\"teleloisirs:\/\/news\/364895\" target=\"_blank\" rel=\"noopener\">une s\u00e9rie d\u00e9riv\u00e9e de l&rsquo;univers cin\u00e9matographique a \u00e9t\u00e9 lanc\u00e9e en novembre\u00a02024 sur la plateforme Max.<\/a><\/p>\n<p>Quelle est l&rsquo;histoire de Dune ?<\/p>\n<p>Le film de science-fiction se d\u00e9roule en l&rsquo;an 10\u00a0191 et met en sc\u00e8ne Paul Atr\u00e9ides, interpr\u00e9t\u00e9 par Timoth\u00e9e Chalamet. Son destin bascule lorsqu&rsquo;il va devoir se rendre sur la plan\u00e8te la plus dangereuse de l&rsquo;univers pour garantir l&rsquo;avenir de sa famille et de son peuple. Cette plan\u00e8te est d&rsquo;autant plus convoit\u00e9e qu&rsquo;elle est l&rsquo;unique source d&rsquo;une ressource d&rsquo;une valeur inestimable, capable de d\u00e9cupler la puissance de l&rsquo;humanit\u00e9. Pour ce film, <b>Denis Villeneuve a r\u00e9uni un casting cinq \u00e9toiles, comprenant Timoth\u00e9e Chalamet, Zendaya<\/b> (dans un r\u00f4le secondaire dans ce premier opus), <a href=\"https:\/\/www.programme-tv.net\/biographie\/291604-ferguson-rebecca\/\" data-link-people=\"2008f734-c43a-4256-b974-7b35b1b03ebc\" target=\"_blank\" rel=\"noopener\">Rebecca Ferguson<\/a>, <a href=\"https:\/\/www.programme-tv.net\/biographie\/3166-bardem-javier\/\" data-link-people=\"80862475-0dc0-46f3-9dfc-35dc5b6c37a8\" target=\"_blank\" rel=\"noopener\">Javier Bardem<\/a>, <a href=\"https:\/\/www.programme-tv.net\/biographie\/19884-brolin-josh\/\" data-link-people=\"a6d43071-b021-45e5-8daa-f24e3ec9ad40\" target=\"_blank\" rel=\"noopener\">Josh Brolin<\/a> ou encore <a href=\"https:\/\/www.programme-tv.net\/biographie\/5844-rampling-charlotte\/\" data-link-people=\"683d30df-6c70-4c82-8688-2443deeec4c9\" target=\"_blank\" rel=\"noopener\">Charlotte Rampling<\/a>. Le cin\u00e9aste avait des id\u00e9es tr\u00e8s pr\u00e9cises, tant pour la r\u00e9alisation que pour le choix des acteurs. Alors quand est venue la question du r\u00f4le de Paul Atr\u00e9ides, il n&rsquo;a pas h\u00e9sit\u00e9 une seule seconde. Et pour cause, il n&rsquo;y a pas eu de casting\u00a0!<\/p>\n<p>                        \u00ab\u00a0Je n&rsquo;avais pas de plan B\u00a0\u00bb, confie le r\u00e9alisateur de Dune<\/p>\n<p>\u00ab\u00a0Je n&rsquo;envisageais que Timoth\u00e9e. Je n&rsquo;avais pas de plan B. Autrement dit, je tournais Dune avec Timoth\u00e9e Chalamet, un point c&rsquo;est tout\u00a0\u00bb, r\u00e9v\u00e8le le cin\u00e9aste sur son film. Pour Denis Villeneuve, il \u00e9tait l&rsquo;acteur id\u00e9al pour ce r\u00f4le, le consid\u00e9rant comme \u00ab\u00a0<b>un immense acteur, fascinant et merveilleux.<\/b>\u00a0\u00bb Le r\u00e9alisateur ajoute\u00a0: \u00ab\u00a0Pour porter un tel film sur ses \u00e9paules, il faut avoir un acteur d&rsquo;une grande force, et Timoth\u00e9e poss\u00e8de plusieurs qualit\u00e9s qui m&rsquo;ont pouss\u00e9 \u00e0 lui confier le r\u00f4le.\u00a0\u00bb<\/p>\n","protected":false},"excerpt":{"rendered":"Ce dimanche 30 novembre 2025 \u00e0 21h10, France 2 diffuse le film de science-fiction Dune, r\u00e9alis\u00e9 par Denis&hellip;\n","protected":false},"author":2,"featured_media":568377,"comment_status":"","ping_status":"","sticky":false,"template":"","format":"standard","meta":{"footnotes":""},"categories":[1586],"tags":[11,1409,244,33217,4440,68355,1777,674,1779,1011,27,12,25,68354,1778,364],"class_list":{"0":"post-568376","1":"post","2":"type-post","3":"status-publish","4":"format-standard","5":"has-post-thumbnail","7":"category-europe","8":"tag-actualites","9":"tag-bande-annonce","10":"tag-commentaire","11":"tag-denis-villeneuve","12":"tag-dune","13":"tag-dune-150144425","14":"tag-eu","15":"tag-europe","16":"tag-european-union","17":"tag-fr","18":"tag-france","19":"tag-news","20":"tag-republique-francaise","21":"tag-timothu00e9e-chalamet","22":"tag-ue","23":"tag-union-europeenne"},"share_on_mastodon":{"url":"https:\/\/pubeurope.com\/@fr\/115637555240977150","error":""},"_links":{"self":[{"href":"https:\/\/www.europesays.com\/fr\/wp-json\/wp\/v2\/posts\/568376","targetHints":{"allow":["GET"]}}],"collection":[{"href":"https:\/\/www.europesays.com\/fr\/wp-json\/wp\/v2\/posts"}],"about":[{"href":"https:\/\/www.europesays.com\/fr\/wp-json\/wp\/v2\/types\/post"}],"author":[{"embeddable":true,"href":"https:\/\/www.europesays.com\/fr\/wp-json\/wp\/v2\/users\/2"}],"replies":[{"embeddable":true,"href":"https:\/\/www.europesays.com\/fr\/wp-json\/wp\/v2\/comments?post=568376"}],"version-history":[{"count":0,"href":"https:\/\/www.europesays.com\/fr\/wp-json\/wp\/v2\/posts\/568376\/revisions"}],"wp:featuredmedia":[{"embeddable":true,"href":"https:\/\/www.europesays.com\/fr\/wp-json\/wp\/v2\/media\/568377"}],"wp:attachment":[{"href":"https:\/\/www.europesays.com\/fr\/wp-json\/wp\/v2\/media?parent=568376"}],"wp:term":[{"taxonomy":"category","embeddable":true,"href":"https:\/\/www.europesays.com\/fr\/wp-json\/wp\/v2\/categories?post=568376"},{"taxonomy":"post_tag","embeddable":true,"href":"https:\/\/www.europesays.com\/fr\/wp-json\/wp\/v2\/tags?post=568376"}],"curies":[{"name":"wp","href":"https:\/\/api.w.org\/{rel}","templated":true}]}}