{"id":568388,"date":"2025-11-30T08:00:17","date_gmt":"2025-11-30T08:00:17","guid":{"rendered":"https:\/\/www.europesays.com\/fr\/568388\/"},"modified":"2025-11-30T08:00:17","modified_gmt":"2025-11-30T08:00:17","slug":"florian-baudouin-de-la-surprise-de-la-selection-a-la-montagne-flamanville-actualite","status":"publish","type":"post","link":"https:\/\/www.europesays.com\/fr\/568388\/","title":{"rendered":"Florian Baudouin, de la surprise de la s\u00e9lection \u00e0 la montagne Flamanville &#8211; Actualit\u00e9"},"content":{"rendered":"<p style=\"text-align: justify;\"><strong><a href=\"https:\/\/www.directvelo.com\/coureur\/58562\/florian-baudouin\" target=\"_blank\" rel=\"noopener\">Florian Baudouin<\/a><\/strong>\u00a0va d\u00e9couvrir la Coupe du Monde de cyclo-cross, ce dimanche, \u00e0 Flamanville. \u00c0 peine d\u00e9barqu\u00e9 chez les Juniors, le coureur de l&rsquo;US Saint-Pierre-des-Corps s&rsquo;appr\u00eate \u00e0 troquer son maillot pour le bleu de l&rsquo;\u00e9quipe de France. \u00ab\u00a0Je suis dans la totale d\u00e9couverte, je suis J1 donc c&rsquo;est du plaisir, je me confronte \u00e0 ce niveau pour la premi\u00e8re fois. Je ne suis pas quelqu&rsquo;un qui stresse trop, mais la pression va monter demain matin (dimanche)\u00a0\u00bb, confie-t-il \u00e0 DirectVelo.<\/p>\n<p>Ce samedi apr\u00e8s-midi, les reconnaissances lui ont permis de se familiariser avec le circuit normand. \u00ab\u00a0C&rsquo;est un circuit sympa, c&rsquo;est complet, assez technique et physique. C&rsquo;est un peu gras mais \u00e7a va par rapport \u00e0 la Coupe de France qu&rsquo;il y avait eu o\u00f9 c&rsquo;\u00e9tait beaucoup de course \u00e0 pied, l\u00e0 tout passe \u00e0 v\u00e9lo, mais aussi parce qu&rsquo;il y a moins de coureurs qui passent dessus\u00a0\u00bb. Pour le moment, sa seule exp\u00e9rience avec les Juniors a justement \u00e9t\u00e9 les quatre courses de la Coupe de France. \u00ab\u00a0J&rsquo;ai pass\u00e9 un cap physiquement par rapport \u00e0 l&rsquo;ann\u00e9e derni\u00e8re, j&rsquo;ai fait deux bonnes manches\u00a0\u00bb.<\/p>\n<p><strong>\u00ab JE M&rsquo;\u00c9TAIS DIT QUE C&rsquo;\u00c9TAIT MORT \u00bb<\/strong><\/p>\n<p>Le m\u00e9daill\u00e9 d&rsquo;argent du dernier Championnat de France Cadets de cyclo-cross s&rsquo;est surtout distingu\u00e9 le samedi, en terminant 5e \u00e0 Albi et 6e \u00e0 Quelneuc. Mais ce n&rsquo;est pas une panne physique qui l&rsquo;a rel\u00e9gu\u00e9 plus loin les deux dimanches. \u00ab\u00a0\u00c0 Albi, je tombe. Sinon j&rsquo;\u00e9tais bien. Puis \u00e0 Quelneuc, je suis pris dans la chute au d\u00e9part, je suis reparti dernier, puis je suis remont\u00e9 24e. Physiquement je suis m\u00eame mieux le dimanche que le samedi, donc c&rsquo;est frustrant\u00a0\u00bb. Et malgr\u00e9 ce r\u00e9sultat en de\u00e7\u00e0 de ses attentes, la bonne surprise est venue de son s\u00e9lectionneur, Fran\u00e7ois Trarieux. \u00ab\u00a0Il est venu me voir le dimanche soir en repartant, j&rsquo;\u00e9tais assez surpris. Je m&rsquo;\u00e9tais dit que c&rsquo;\u00e9tait mort. Je suis super content d&rsquo;\u00eatre d\u00e9j\u00e0 s\u00e9lectionn\u00e9, d\u00e8s le d\u00e9but d&rsquo;ann\u00e9e\u00a0\u00bb.<\/p>\n<p>Pour Florian Baudouin, le passage des Cadets aux Juniors est un vrai cap \u00e0 franchir. \u00ab\u00a0Le niveau n&rsquo;est pas le m\u00eame, on sent que devant \u00e7a roule fort avec Soren (Bruy\u00e8re Joumard) et d&rsquo;autres\u00a0\u00bb. S&rsquo;il n&rsquo;a pas encore appris \u00e0 conna\u00eetre tous ses coll\u00e8gues de l&rsquo;\u00e9quipe de France, le gar\u00e7on originaire des environs de Chambord partage d\u00e9j\u00e0 quelques conseils avec Axel Martineau. \u00ab\u00a0Il me donne des petites infos, sur les pressions, etc\u00a0\u00bb. Quand l&rsquo;hiver laissera place aux beaux jours, il aura peut-\u00eatre encore besoin de conseils. Car Florian Baudouin compte se lancer pleinement sur la route. \u00ab\u00a0Normalement je fais du VTT l&rsquo;\u00e9t\u00e9, mais il me manque de la force et du fond. Le VTT sera secondaire, hormis la Coupe de France\u00a0\u00bb.<\/p>\n<p><strong>LA FAMILLE LIBOREAU EN BOUSSOLE<\/strong><\/p>\n<p>Pour obtenir ces pr\u00e9cieux conseils, il pourra compter sur sa famille. Car bien que son nom de famille soit Baudouin, le gar\u00e7on de 16 ans est en fait li\u00e9 \u00e0 la famille Liboreau, notamment Nicolas et Lucie. \u00ab\u00a0C&rsquo;est une famille de v\u00e9lo. Mon oncle et ma cousine ont \u00e9t\u00e9 pros, ils m&rsquo;ont baign\u00e9 l\u00e0-dedans. Je m&rsquo;y suis mis \u00e0 7-8 ans\u00a0\u00bb. Et il a donc fait ses choix. \u00ab\u00a0Je ne savais pas trop quoi faire entre VTT, route&#8230; Je vais faire pas mal de F\u00e9d\u00e9rales, c&rsquo;est accessible avec le club. Mais je pr\u00e9f\u00e8re le cross, \u00e7a r\u00e9unit tout, le physique, la technique&#8230;\u00a0\u00bb.<\/p>\n<p>C&rsquo;est la raison pour laquelle ses principaux objectifs sont concentr\u00e9s sur l&rsquo;hiver. \u00ab\u00a0Je veux bien pr\u00e9parer le Championnat de France. Ce serait bien d&rsquo;int\u00e9grer le Top 8 ou Top 5\u00a0\u00bb. Et la course de ses r\u00eaves est aussi dans les sous-bois. \u00ab\u00a0Un Championnat du Monde de cross, sourit-il. Ce serait une belle r\u00e9compense\u00a0\u00bb. En attendant de voir sa progression sur route, et de s&rsquo;attaquer un jour \u00e0 la montagne. Mais d&rsquo;abord, c&rsquo;est la Coupe du Monde de Flamanville qui se dresse sur sa route.<\/p>\n","protected":false},"excerpt":{"rendered":"Florian Baudouin\u00a0va d\u00e9couvrir la Coupe du Monde de cyclo-cross, ce dimanche, \u00e0 Flamanville. \u00c0 peine d\u00e9barqu\u00e9 chez les&hellip;\n","protected":false},"author":2,"featured_media":568389,"comment_status":"","ping_status":"","sticky":false,"template":"","format":"standard","meta":{"footnotes":""},"categories":[1411],"tags":[834,828,836,829,837,827,83,826,824,823,1154,207,814,817,815,816,822,821,832,211,839,1011,27,820,818,819,835,831,830,833,838,60,212,208,825],"class_list":{"0":"post-568388","1":"post","2":"type-post","3":"status-publish","4":"format-standard","5":"has-post-thumbnail","7":"category-cyclisme","8":"tag-attaque","9":"tag-belgique","10":"tag-braquet","11":"tag-bretagne","12":"tag-chute","13":"tag-competition","14":"tag-coupe-de-france","15":"tag-coureur","16":"tag-course-cyclisme","17":"tag-course-cycliste","18":"tag-cycling","19":"tag-cyclisme","20":"tag-direct","21":"tag-direct-velo","22":"tag-directvelo","23":"tag-directvelo-com","24":"tag-epreuve","25":"tag-epreuve-cycliste","26":"tag-federation-francaise-de-cyclisme","27":"tag-ffc","28":"tag-flandres","29":"tag-fr","30":"tag-france","31":"tag-live","32":"tag-live-course","33":"tag-live-epreuve","34":"tag-peloton","35":"tag-radio-peloton","36":"tag-radio-tour","37":"tag-ravitaillement","38":"tag-relance","39":"tag-sports","40":"tag-uci","41":"tag-velo","42":"tag-velos"},"share_on_mastodon":{"url":"https:\/\/pubeurope.com\/@fr\/115637598572223073","error":""},"_links":{"self":[{"href":"https:\/\/www.europesays.com\/fr\/wp-json\/wp\/v2\/posts\/568388","targetHints":{"allow":["GET"]}}],"collection":[{"href":"https:\/\/www.europesays.com\/fr\/wp-json\/wp\/v2\/posts"}],"about":[{"href":"https:\/\/www.europesays.com\/fr\/wp-json\/wp\/v2\/types\/post"}],"author":[{"embeddable":true,"href":"https:\/\/www.europesays.com\/fr\/wp-json\/wp\/v2\/users\/2"}],"replies":[{"embeddable":true,"href":"https:\/\/www.europesays.com\/fr\/wp-json\/wp\/v2\/comments?post=568388"}],"version-history":[{"count":0,"href":"https:\/\/www.europesays.com\/fr\/wp-json\/wp\/v2\/posts\/568388\/revisions"}],"wp:featuredmedia":[{"embeddable":true,"href":"https:\/\/www.europesays.com\/fr\/wp-json\/wp\/v2\/media\/568389"}],"wp:attachment":[{"href":"https:\/\/www.europesays.com\/fr\/wp-json\/wp\/v2\/media?parent=568388"}],"wp:term":[{"taxonomy":"category","embeddable":true,"href":"https:\/\/www.europesays.com\/fr\/wp-json\/wp\/v2\/categories?post=568388"},{"taxonomy":"post_tag","embeddable":true,"href":"https:\/\/www.europesays.com\/fr\/wp-json\/wp\/v2\/tags?post=568388"}],"curies":[{"name":"wp","href":"https:\/\/api.w.org\/{rel}","templated":true}]}}