{"id":568394,"date":"2025-11-30T08:03:21","date_gmt":"2025-11-30T08:03:21","guid":{"rendered":"https:\/\/www.europesays.com\/fr\/568394\/"},"modified":"2025-11-30T08:03:21","modified_gmt":"2025-11-30T08:03:21","slug":"lincroyable-renaissance-dun-chef-doeuvre-de-lart-nouveau","status":"publish","type":"post","link":"https:\/\/www.europesays.com\/fr\/568394\/","title":{"rendered":"l\u2019incroyable renaissance d\u2019un chef-d\u2019\u0153uvre de l\u2019Art nouveau"},"content":{"rendered":"<p>Article r\u00e9dig\u00e9 par les services programmes.<\/p>\n<p class=\"article__intro\">Le ch\u00e2teau Laurens \u00e0 Agde dans l&rsquo;H\u00e9rault est un monument historique fascinant o\u00f9 myst\u00e8re et beaut\u00e9 artistique se c\u00f4toient. Restaur\u00e9 r\u00e9cemment, le monument r\u00e9v\u00e8le tous les charmes de l&rsquo;Art nouveau.<\/p>\n<p>\n      L\u2019actu des r\u00e9gions\n    <\/p>\n<p>\n      Chaque jour, un tour d\u2019horizon des principales infos de toutes les r\u00e9gions.\n    <\/p>\n<p>    France T\u00e9l\u00e9visions utilise votre adresse e-mail afin de vous envoyer la newsletter \u00ab\u00a0L\u2019actu des r\u00e9gions\u00a0\u00bb. Vous pouvez vous d\u00e9sinscrire \u00e0 tout moment via le lien en bas de cette newsletter. <a target=\"_blank\" href=\"https:\/\/www.francetelevisions.fr\/groupe\/confidentialite\/politique-de-confidentialite\/politique-de-confidentialite-de-france-televisions-6503\" rel=\"noopener\">Notre politique de confidentialit\u00e9<\/a><\/p>\n<p>Le long des berges de l\u2019H\u00e9rault, face \u00e0 Agde, se dresse une b\u00e2tisse myst\u00e9rieuse, t\u00e9moin d\u2019un temps r\u00e9volu.<\/p>\n<p>Construite \u00e0 la fin du XIX\u1d49 si\u00e8cle par le riche Agathois Emmanuel Laurens, cette villa a travers\u00e9 les \u00e9poques, tour \u00e0 tour demeure somptueuse, lieu oubli\u00e9, et aujourd\u2019hui chef-d\u2019\u0153uvre restaur\u00e9. H\u00e9l\u00e8ne Bassas a rencontr\u00e9 Laurent F\u00e9lix, chef du service patrimoine, au c\u0153ur du Ch\u00e2teau Laurens et de ses pi\u00e8ces d&rsquo;art.<\/p>\n<blockquote class=\"ftvi_content_quote\">\n<p class=\"ftvi_citation_quote\">Faire de sa maison un monument, telle est cette \u00e9nigmatique b\u00e2tisse le long des berges de l&rsquo;H\u00e9rault, face \u00e0 la ville d&rsquo;Agde. Splendeur d\u00e9chue, nos contemporains ont compris l&rsquo;importance de r\u00e9habiliter cette demeure.<\/p>\n<\/blockquote>\n<p>Le ch\u00e2teau Laurens, \u00e0 la fois villa palladienne et temple \u00e0 l&rsquo;esprit antique, fut \u00e9difi\u00e9 sur le domaine de Belle-Isle, \u00e0 Agde. Bord\u00e9 par le fleuve H\u00e9rault et le canal du Midi, entour\u00e9 d\u2019un vaste parc de douze hectares, il a \u00e9t\u00e9 construit pour Emmanuel Laurens par l\u2019architecte montpelli\u00e9rain Jacques F\u00e9vrier.<\/p>\n<p>Construite entre 1898 et 1900, cette villa a subi des usages diff\u00e9rents selon les \u00e9poques puis a \u00e9t\u00e9 laiss\u00e9e \u00e0 l&rsquo;abandon. Ce fut la villa Laurens, le domaine de Belle-Ile, et aujourd&rsquo;hui le ch\u00e2teau Laurens.<\/p>\n<\/p>\n<p>Une \u00e9tude men\u00e9e en 2006 par l\u2019architecte en chef des Monuments Historiques, Dominique Larpin, a permis d\u2019\u00e9laborer un plan de restauration.<\/p>\n<p>\u00ab\u00a0On a organis\u00e9 des campagnes de recherche, \u00e0 la faveur de t\u00e9moignages, de pr\u00eats de document et aussi des \u00e9tudes d\u2019architecture. Au moment de la restauration, on a trouv\u00e9 des noms d\u2019artistes cach\u00e9s derri\u00e8re les boiseries\u00a0\u00bb, raconte Laurent F\u00e9lix, chef du service patrimoine de la Communaut\u00e9 d\u2019Agglom\u00e9ration H\u00e9rault M\u00e9diterran\u00e9e.<\/p>\n<blockquote class=\"ftvi_content_quote\">\n<p class=\"ftvi_citation_quote\">Rien n\u2019avait \u00e9t\u00e9 perturb\u00e9, les murs avaient gonfl\u00e9\u2026 il restait 50 ou 60% du d\u00e9cor qui vibrait, qui faisait vibrer les yeux, l\u2019essence, l\u2019imaginaire tel qu\u2019il avait pu \u00eatre au moment de sa cr\u00e9ation en 1900. <\/p>\n<p>Laurent F\u00e9lix &#8211; chef du service patrimoine<\/p><\/blockquote>\n<p>La restauration de ce joyau patrimonial est un ouvrage collectif : nourrie par pr\u00e8s de vingt ans de recherches, pr\u00e8s de 10 ans de travaux, 1 400 m\u00b2 de surface, 7 terrasses dont une terrasse panoramique. Elle s&rsquo;est achev\u00e9e en 2023.<\/p>\n<p><a data-article-figure=\"\" href=\"https:\/\/france3-regions.franceinfo.fr\/image\/519wUWEX0MHT8f7xD6kfj-turE0\/1920x1080\/regions\/2025\/11\/12\/shd-45-chateau-laurens-pad-hd-00-02-57-21-69149caccf176624335984.jpg\" data-pswp-width=\"1920\" data-pswp-height=\"1080\" target=\"_blank\" rel=\"noopener\"><\/p>\n<p>          <img width=\"600\" height=\"400\" class=\"article-image lazy\" data-src=\"https:\/\/www.europesays.com\/fr\/wp-content\/uploads\/2025\/11\/shd-45-chateau-laurens-pad-hd-00-02-57-21-69149caccf176624335984.jpg\" alt=\"Photo d'\u00e9poque : On devine une pi\u00e8ce d'apparat d\u00e9cor\u00e9e d'ornements et d'objets ramen\u00e9s des voyages d'Emmanuel Laurens \" fetchpriority=\"high\" as=\"image\"\/><\/p>\n<p>\n            Photo d&rsquo;\u00e9poque : On devine une pi\u00e8ce d&rsquo;apparat d\u00e9cor\u00e9e d&rsquo;ornements et d&rsquo;objets ramen\u00e9s des voyages d&rsquo;Emmanuel Laurens<br \/>\n                           \u2022<br \/>\n                                      \u00a9 France T\u00e9l\u00e9visions\n                      <\/p>\n<p><\/a><\/p>\n<p>M\u00e9langeant pi\u00e8ces d&rsquo;apparat qui \u00e9voquent une villa antique et un appartement priv\u00e9 plus intime, ce b\u00e2timent extravagant comprend une salle de musique, un grand vestibule, un auditorium, un laboratoire, etc.<\/p>\n<p>Cette demeure toute en couleurs est faite de boiseries d\u00e9licates, de c\u00e9ramiques, de peintures et de reflets de la lumi\u00e8re qui inondent les vingt pi\u00e8ces. \u00c0 mi-chemin entre romantisme fin de si\u00e8cle et modernisme triomphant, cette villa de pr\u00e8s de 1 400 m\u00b2 pr\u00e9sente un cadre de vie inspir\u00e9 par les voyages en Orient de son propri\u00e9taire et son go\u00fbt pour l\u2019Art nouveau.<\/p>\n<p>Certaines pi\u00e8ces sont agr\u00e9ment\u00e9es de vitraux ou des peintures murales avec un c\u00f4t\u00e9 grec, romain ou \u00e9gyptien. Le g\u00e9nie d&rsquo;Emmanuel Laurens abouti \u00e0 une villa de ses r\u00eaves, de son monde \u00e0 lui.<\/p>\n<p><a data-article-figure=\"\" href=\"https:\/\/france3-regions.franceinfo.fr\/image\/o-6po-nP9WKJ7VWBECOyervoJm8\/4032x3024\/regions\/2025\/11\/13\/img-2309-691597a97ea75410397683.jpg\" data-pswp-width=\"4032\" data-pswp-height=\"3024\" target=\"_blank\" rel=\"noopener\"><\/p>\n<p>          <img width=\"600\" height=\"400\" class=\"article-image lazy\" data-src=\"https:\/\/www.europesays.com\/fr\/wp-content\/uploads\/2025\/11\/img-2309-691597a97ea75410397683.jpg\" alt=\"La d\u00e9coration tr\u00e8s riche dans les pi\u00e8ces d'apparat du ch\u00e2teau Laurens \" fetchpriority=\"high\" as=\"image\"\/><\/p>\n<p>\n            La d\u00e9coration tr\u00e8s riche dans les pi\u00e8ces d&rsquo;apparat du ch\u00e2teau Laurens<br \/>\n                           \u2022<br \/>\n                                      \u00a9 H\u00e9l\u00e8ne Bassas \/ France T\u00e9l\u00e9visions\n                      <\/p>\n<p><\/a><\/p>\n<p>Grand voyageur, Emmanuel Laurens poursuit la r\u00e9forme des arts d\u00e9coratifs, pr\u00f4nant le \u00ab\u00a0beau et l\u2019utile\u00a0\u00bb. Parmi ses commandes : une couverture de livre exceptionnelle des \u00ab\u00a0Fleurs du Mal\u00a0\u00bb de Baudelaire, o\u00f9 mat\u00e9riaux et ornements se m\u00ealent en t\u00e9moignage du foisonnement cr\u00e9atif de l\u2019\u00e9poque.<\/p>\n<p>Du mobilier a \u00e9t\u00e9 \u00e9galement restaur\u00e9 pour orner le ch\u00e2teau apportant un certain raffinement entre le luxe oriental et l&rsquo;Art nouveau.<\/p>\n<blockquote class=\"ftvi_content_quote\">\n<p class=\"ftvi_citation_quote\">C&rsquo;est la p\u00e9riode de la r\u00e9forme des arts d\u00e9coratifs , la p\u00e9riode du beau et de l&rsquo;utile, l&rsquo;art dans tout et Emmanuel Laurens rentre dans ce mouvement.<\/p>\n<p>Laurent F\u00e9lix &#8211; chef du service patrimoine<\/p><\/blockquote>\n<p><a data-article-figure=\"\" href=\"https:\/\/france3-regions.franceinfo.fr\/image\/QfFowyQ445n7kKtzufiZ3cflZ2o\/4032x3024\/regions\/2025\/11\/12\/chateau-laurens-francetv-2-6914942a61397188531001.jpg\" data-pswp-width=\"4032\" data-pswp-height=\"3024\" target=\"_blank\" rel=\"noopener\"><\/p>\n<p>          <img width=\"600\" height=\"400\" class=\"article-image lazy\" data-src=\"https:\/\/www.europesays.com\/fr\/wp-content\/uploads\/2025\/11\/chateau-laurens-francetv-2-6914942a61397188531001.jpg\" alt=\"Le mobilier et les pi\u00e8ces d'art dans la villa Laurens, des pi\u00e8ces uniques de l'Art nouveau\" fetchpriority=\"high\" as=\"image\"\/><\/p>\n<p>\n            Le mobilier et les pi\u00e8ces d&rsquo;art dans la villa Laurens, des pi\u00e8ces uniques de l&rsquo;Art nouveau<br \/>\n                           \u2022<br \/>\n                                      \u00a9 H\u00e9l\u00e8ne Bassas \/ France T\u00e9l\u00e9visions\n                      <\/p>\n<p><\/a><\/p>\n<p>De multiples d&rsquo;artistes ont particip\u00e9 \u00e0 l&rsquo;enrichissement artistique de ce lieu, t\u00e9moin d&rsquo;une p\u00e9riode remarquable qu&rsquo;\u00e9tait l&rsquo;Art nouveau, il y a 100 ans au tout d\u00e9but du 20\u00e8me si\u00e8cle.<\/p>\n<p>Cette r\u00e9novation permet au public de s&rsquo;immerger dans un contexte historique marqu\u00e9 par l&rsquo;excentricit\u00e9 des \u00ab\u00a0ann\u00e9es folles\u00a0\u00bb.<\/p>\n<p>En franchissant les portes du ch\u00e2teau, visiteurs et passionn\u00e9s red\u00e9couvrent un \u00ab\u00a0\u202fmonument vivant\u00a0\u00bb, t\u00e9moin de l\u2019histoire agathoise.<\/p>\n<p>Aujourd\u2019hui, le ch\u00e2teau Laurens ouvre ses portes aux visiteurs et propose diverses manifestations culturelles. Transform\u00e9 en lieu \u00e0 vocation artistique, p\u00e9dagogique et touristique, il propose de<a href=\"https:\/\/www.chateaulaurens-agde.fr\/billetterie\" target=\"_blank\" rel=\"noopener noreferrer nofollow\" data-tooltip-url=\"https:\/\/www.chateaulaurens-agde.fr\/billetterie\">s tarifs adapt\u00e9s <\/a>selon le profil des visiteurs.<\/p>\n<p>Retrouvez d&rsquo;autres lieux historiques atypiques<a href=\"https:\/\/www.youtube.com\/playlist?list=PLjk_2UG-CeKZ2Xp-ZJkq9EO0Y3UFHbL-j\" target=\"_blank\" rel=\"noopener noreferrer nofollow\" data-tooltip-url=\"https:\/\/www.youtube.com\/playlist?list=PLjk_2UG-CeKZ2Xp-ZJkq9EO0Y3UFHbL-j\"> dans la playlist<\/a>.<\/p>\n","protected":false},"excerpt":{"rendered":"Article r\u00e9dig\u00e9 par les services programmes. Le ch\u00e2teau Laurens \u00e0 Agde dans l&rsquo;H\u00e9rault est un monument historique fascinant&hellip;\n","protected":false},"author":2,"featured_media":568395,"comment_status":"","ping_status":"","sticky":false,"template":"","format":"standard","meta":{"footnotes":""},"categories":[1358],"tags":[1348,1384,1385,1386,58,59,1011,27],"class_list":{"0":"post-568394","1":"post","2":"type-post","3":"status-publish","4":"format-standard","5":"has-post-thumbnail","7":"category-arts-et-design","8":"tag-arts","9":"tag-arts-and-design","10":"tag-arts-et-design","11":"tag-design","12":"tag-divertissement","13":"tag-entertainment","14":"tag-fr","15":"tag-france"},"share_on_mastodon":{"url":"https:\/\/pubeurope.com\/@fr\/115637610324097016","error":""},"_links":{"self":[{"href":"https:\/\/www.europesays.com\/fr\/wp-json\/wp\/v2\/posts\/568394","targetHints":{"allow":["GET"]}}],"collection":[{"href":"https:\/\/www.europesays.com\/fr\/wp-json\/wp\/v2\/posts"}],"about":[{"href":"https:\/\/www.europesays.com\/fr\/wp-json\/wp\/v2\/types\/post"}],"author":[{"embeddable":true,"href":"https:\/\/www.europesays.com\/fr\/wp-json\/wp\/v2\/users\/2"}],"replies":[{"embeddable":true,"href":"https:\/\/www.europesays.com\/fr\/wp-json\/wp\/v2\/comments?post=568394"}],"version-history":[{"count":0,"href":"https:\/\/www.europesays.com\/fr\/wp-json\/wp\/v2\/posts\/568394\/revisions"}],"wp:featuredmedia":[{"embeddable":true,"href":"https:\/\/www.europesays.com\/fr\/wp-json\/wp\/v2\/media\/568395"}],"wp:attachment":[{"href":"https:\/\/www.europesays.com\/fr\/wp-json\/wp\/v2\/media?parent=568394"}],"wp:term":[{"taxonomy":"category","embeddable":true,"href":"https:\/\/www.europesays.com\/fr\/wp-json\/wp\/v2\/categories?post=568394"},{"taxonomy":"post_tag","embeddable":true,"href":"https:\/\/www.europesays.com\/fr\/wp-json\/wp\/v2\/tags?post=568394"}],"curies":[{"name":"wp","href":"https:\/\/api.w.org\/{rel}","templated":true}]}}