{"id":568396,"date":"2025-11-30T08:05:28","date_gmt":"2025-11-30T08:05:28","guid":{"rendered":"https:\/\/www.europesays.com\/fr\/568396\/"},"modified":"2025-11-30T08:05:28","modified_gmt":"2025-11-30T08:05:28","slug":"le-siege-de-france-televisions-brievement-evacue-a-cause-dune-alerte-a-la-bombe-nice-matin","status":"publish","type":"post","link":"https:\/\/www.europesays.com\/fr\/568396\/","title":{"rendered":"Le si\u00e8ge de France T\u00e9l\u00e9visions bri\u00e8vement \u00e9vacu\u00e9 \u00e0 cause d\u2019une alerte \u00e0 la bombe &#8211; Nice-Matin"},"content":{"rendered":"<ol>\n<li><a href=\"https:\/\/news.google.com\/rss\/articles\/CBMixwFBVV95cUxNLWRwZDJ4WmxKRV9EWEM3bXNUZlZMdnNrWXplendmdGZzellXOG84eEk1ZWF2dGdEdXBZdjh0cnFaT1Y4U0pueDlWeDR6Rm1GaEh0VjhfelVpUWFQSjJlMUpyV1I0dVVpRVNKdnYzdmNsc1REYjdORWxOWUwzN3ZYcml2LVVGRU4tVm9TYVo1VmQ3eEhCSHVRSTdBd3ZpWWNNejZGMW5Yc1RURC1ZNmhZZThxVExWN1BaM1l0MGphNjFfS2YzS0kw?oc=5\" target=\"_blank\" rel=\"noopener\">Le si\u00e8ge de France T\u00e9l\u00e9visions bri\u00e8vement \u00e9vacu\u00e9 \u00e0 cause d\u2019une alerte \u00e0 la bombe<\/a>&nbsp;&nbsp;Nice-Matin<\/li>\n<li><a href=\"https:\/\/news.google.com\/rss\/articles\/CBMi4gFBVV95cUxNZlhtcUtodWNnN2wza2M5clEyWk9oamFqNzRUcllGYl80M0xoVVRVdWJGcktBUEZfNW9QQjlBWWdMUUExVDdPUE1uc1M2aWM2R0tSLWp5VFVrUVhrYm9QS3JVZUNPTmJjY1JGZVZEblVXV2kyZVdYSWItVWZxczJBbGhEbFdUdjFGUGJQVmJWbnJua0gtYktKZDRVOTYzS1Q1ajB6N0ZLSUJ5QVBJZDJaZ0NOMWR5VFZTTkczRUItSmJDUGJmdVo5MmV6eW1JOHFrOHdNeU9QaG1NdjNoTXhzOFFn?oc=5\" target=\"_blank\" rel=\"noopener\">Le si\u00e8ge parisien de France T\u00e9l\u00e9visions \u00e9vacu\u00e9 pendant pr\u00e8s de deux heures en raison d&rsquo;une alerte \u00e0 la bombe<\/a>&nbsp;&nbsp;Franceinfo<\/li>\n<li><a href=\"https:\/\/news.google.com\/rss\/articles\/CBMi0gFBVV95cUxPanBlcmQ1NkZxQVMxcDJBZ25Wbk5jMGsxXzJoUTFpWGp2ZFcxdzFqV2xaWFRBLVdGemZ5bkFBLWZhZzByUG9DcUd4M1dWaURvM3ZEaXdwckFqWldtS2paTnYwRlFBY3AtUHNrdVh3RThfOVZ0c0VoTF9yQmNad2gzdkZBZUdpXzVQRDVjdjZLcndKYTZzbDN4d3VjN29QVDM4SFFuUHFpVV8ta0pnUjczVTNMT2NnQ0F3QnZsU1RfWU5kaDM0dGIyRHA0OHBxdzE4MEE?oc=5\" target=\"_blank\" rel=\"noopener\">Alerte \u00e0 la bombe en plein direct sur franceinfo, le si\u00e8ge de France t\u00e9l\u00e9 temporairement \u00e9vacu\u00e9<\/a>&nbsp;&nbsp;Le HuffPost<\/li>\n<li><a href=\"https:\/\/news.google.com\/rss\/articles\/CBMixgFBVV95cUxNLTJlV1JsWi14Q2JnWWk5RllRaHd3cGRIT3VzZkgwT1NvZ2FkYlBpYkpyR3dEbzk3UFlGMTBENkRieGxwLVFYNG5NeF9uX2drMnRFVW1qcDVOUTlIaTNyNGMtSFJYS3ZRaG1jdVRoVFVkZjJhZFhkeHhCakNpYUg3bTJIQ1l1bEVRTTZiaFpqdS1jdlI0Z1FtYmlIQnFQeEdWdzBsaGduN3V6dW5iYy1yTDlxTHd1MUFrTTFzMkt3WTZWd3JyLUE?oc=5\" target=\"_blank\" rel=\"noopener\">Paris : le si\u00e8ge de France T\u00e9l\u00e9visions \u00e9vacu\u00e9 apr\u00e8s une alerte \u00e0 la bombe<\/a>&nbsp;&nbsp;Actualit\u00e9s \u2013 Orange<\/li>\n<li><a href=\"https:\/\/news.google.com\/rss\/articles\/CBMi0wFBVV95cUxNazZuM1JGbHVLdHl5aWlGV2hKOC1WYWxhbEJOS09ZSVdIbEFjUnloeG5kLXdXR3FTYXR6SnUyUWNHMlBZOGJiWnJzV1RIb0plVWFfbVBvcEt3MEhkYVo5YnhsU1FIb01QNDFIZGtUZHYtM0NuT0p5bzNWS0xKMTZxN1FidGpHNDltRENaVmE0VE5BeHFNU1J5eDBkYXdVYzJXZmstd1loWWdzRmtxTEtmUHZQanFBQzlUMlBpZU9Vb0JRSldiaDZDYlc4ZkRiN3ZPdThZ?oc=5\" target=\"_blank\" rel=\"noopener\">Le si\u00e8ge de France T\u00e9l\u00e9visions victime d&rsquo;une alerte \u00e0 la bombe, les programmes interrompus plus d&rsquo;une heure<\/a>&nbsp;&nbsp;BFM<\/li>\n<\/ol>\n","protected":false},"excerpt":{"rendered":"Le si\u00e8ge de France T\u00e9l\u00e9visions bri\u00e8vement \u00e9vacu\u00e9 \u00e0 cause d\u2019une alerte \u00e0 la bombe&nbsp;&nbsp;Nice-Matin Le si\u00e8ge parisien de&hellip;\n","protected":false},"author":2,"featured_media":568397,"comment_status":"","ping_status":"","sticky":false,"template":"","format":"standard","meta":{"footnotes":""},"categories":[1356],"tags":[58,59,1011,27,252,1364],"class_list":{"0":"post-568396","1":"post","2":"type-post","3":"status-publish","4":"format-standard","5":"has-post-thumbnail","7":"category-television","8":"tag-divertissement","9":"tag-entertainment","10":"tag-fr","11":"tag-france","12":"tag-television","13":"tag-tv"},"share_on_mastodon":{"url":"https:\/\/pubeurope.com\/@fr\/115637618280119434","error":""},"_links":{"self":[{"href":"https:\/\/www.europesays.com\/fr\/wp-json\/wp\/v2\/posts\/568396","targetHints":{"allow":["GET"]}}],"collection":[{"href":"https:\/\/www.europesays.com\/fr\/wp-json\/wp\/v2\/posts"}],"about":[{"href":"https:\/\/www.europesays.com\/fr\/wp-json\/wp\/v2\/types\/post"}],"author":[{"embeddable":true,"href":"https:\/\/www.europesays.com\/fr\/wp-json\/wp\/v2\/users\/2"}],"replies":[{"embeddable":true,"href":"https:\/\/www.europesays.com\/fr\/wp-json\/wp\/v2\/comments?post=568396"}],"version-history":[{"count":0,"href":"https:\/\/www.europesays.com\/fr\/wp-json\/wp\/v2\/posts\/568396\/revisions"}],"wp:featuredmedia":[{"embeddable":true,"href":"https:\/\/www.europesays.com\/fr\/wp-json\/wp\/v2\/media\/568397"}],"wp:attachment":[{"href":"https:\/\/www.europesays.com\/fr\/wp-json\/wp\/v2\/media?parent=568396"}],"wp:term":[{"taxonomy":"category","embeddable":true,"href":"https:\/\/www.europesays.com\/fr\/wp-json\/wp\/v2\/categories?post=568396"},{"taxonomy":"post_tag","embeddable":true,"href":"https:\/\/www.europesays.com\/fr\/wp-json\/wp\/v2\/tags?post=568396"}],"curies":[{"name":"wp","href":"https:\/\/api.w.org\/{rel}","templated":true}]}}