{"id":568398,"date":"2025-11-30T08:06:17","date_gmt":"2025-11-30T08:06:17","guid":{"rendered":"https:\/\/www.europesays.com\/fr\/568398\/"},"modified":"2025-11-30T08:06:17","modified_gmt":"2025-11-30T08:06:17","slug":"celine-dion-adresse-un-touchant-message-a-ses-fans-pour-thanksgiving","status":"publish","type":"post","link":"https:\/\/www.europesays.com\/fr\/568398\/","title":{"rendered":"C\u00e9line Dion adresse un touchant message \u00e0 ses fans pour Thanksgiving"},"content":{"rendered":"<ul class=\"jsx-862013697 ArticleChapo__List\">\n<li class=\"jsx-862013697 ArticleChapo__List_Item flex\">C\u00e9line Dion a partag\u00e9 un message touchant sur Instagram pour Thanksgiving.<\/li>\n<li class=\"jsx-862013697 ArticleChapo__List_Item flex\">Elle y exprime sa gratitude et invite ses fans \u00e0 \u00ab\u00a0ralentir\u00a0\u00bb.<\/li>\n<li class=\"jsx-862013697 ArticleChapo__List_Item flex\">Malgr\u00e9 son combat contre le \u00ab\u00a0syndrome de l&rsquo;homme raide\u00a0\u00bb, elle conserve sa force et sa chaleur.<\/li>\n<\/ul>\n<p data-module=\"article-paragraph\" class=\"jsx-3046738180 Paragraph Paragraph__End\">Ce jeudi 27 novembre, les Am\u00e9ricains c\u00e9l\u00e9braient Thanksgiving. Et \u00e0 cette occasion, <a href=\"https:\/\/www.tf1info.fr\/culture\/video-celine-dion-sort-du-silence-pour-honorer-en-chanson-une-legende-quebecoise-et-c-est-de-toute-beaute-2383206.html\" target=\"_blank\" rel=\"noopener\">C\u00e9line Dion<\/a> a partag\u00e9 une vid\u00e9o sur son compte Instagram pour \u00ab\u00a0exprimer sa gratitude\u00a0\u00bb. \u00a0Radieuse, solaire, v\u00eatue d&rsquo;un col roul\u00e9 couleur ocre et d&rsquo;une veste, la chanteuse de 51 ans, atteinte du syndrome de l&rsquo;homme raide, a profit\u00e9 de cette journ\u00e9e sp\u00e9ciale pour s&rsquo;adresser \u00e0 ses fans du monde entier : \u00ab\u00a0Chers amis, aujourd&rsquo;hui, est un beau rappel de l&rsquo;importance de ralentir, de respirer profond\u00e9ment et d&rsquo;exprimer sa gratitude\u00a0\u00bb, d\u00e9clare-t-elle. Elle poursuit : \u00ab\u00a0se r\u00e9unir avec les personnes que l&rsquo;on aime, que ce soit autour d&rsquo;une table, au t\u00e9l\u00e9phone ou simplement dans son c\u0153ur, est une exp\u00e9rience profond\u00e9ment enrichissante\u00a0\u00bb.\u00a0<\/p>\n<p>\u00ab\u00a0Ils repr\u00e9sentent tout pour moi\u00a0\u00bb <\/p>\n<p data-module=\"article-paragraph\" class=\"jsx-3046738180 Paragraph\">Tr\u00e8s proche de ses trois fils, <a href=\"https:\/\/www.tf1info.fr\/culture\/apres-le-report-de-sa-tournee-celine-dion-s-affiche-avec-ses-fils-pour-la-fete-des-meres-2219135.html\" target=\"_blank\" rel=\"noopener\">Ren\u00e9-Charles, Eddy et Nelson<\/a>, la chanteuse a \u00e9galement gliss\u00e9 un petit mot pour eux : \u00ab\u00a0Je suis tellement reconnaissante envers ma famille et pour les moments que nous passons ensemble. Ils repr\u00e9sentent tout pour moi\u00a0\u00bb.<\/p>\n<p data-module=\"article-paragraph\" class=\"jsx-3046738180 Paragraph Paragraph__End\">Si C\u00e9line Dion se bat contre la maladie depuis plusieurs ann\u00e9es d\u00e9j\u00e0, elle ne perd pas son \u00e9ternel sourire et sa force de caract\u00e8re. Elle souhaite en l\u00e9gende sa vid\u00e9o que ce jour de gr\u00e2ce \u00ab\u00a0soit rempli de joie, de paix et de gratitude pour tout, m\u00eame les petites choses\u00a0\u00bb. Un message chaleureux et bienveillant, \u00e0 l&rsquo;image de la star canadienne.<\/p>\n<p><a href=\"https:\/\/www.tf1info.fr\/culture\/celine-dion-livre-un-poignant-message-aux-personnes-en-souffrance-vous-n-etes-pas-seules-2359618.html\" rel=\"noopener\" class=\"jsx-3308031228 Link flex\" target=\"_blank\"><img decoding=\"async\" src=\"https:\/\/www.europesays.com\/fr\/wp-content\/uploads\/2025\/11\/celine-dion-mars-2025-44d59d-0@1x.jpeg\" alt=\"La chanteuse C\u00e9line Dion \u00e9voque le syndrome de l'homme raide dont elle souffre dans une vid\u00e9o partag\u00e9e sur Instagram le 15 mars 2025.\" loading=\"lazy\" importance=\"low\" fetchpriority=\"low\" class=\"\" aria-hidden=\"true\"\/><\/p>\n<p class=\"jsx-3657663356 ReadMoreArticle__Title\">Lire aussi<\/p>\n<p class=\"jsx-3657663356\">\u00ab\u00a0Vous n\u2019\u00eates pas seules\u00a0\u00bb : C\u00e9line Dion livre un poignant message aux personnes en souffrance<\/p>\n<p><\/a>Son combat contre la maladie <\/p>\n<p data-module=\"article-paragraph\" class=\"jsx-3046738180 Paragraph Paragraph__End\">Depuis l&rsquo;annonce de son combat en 2022, C\u00e9line Dion s&rsquo;est mise en retrait de la sc\u00e8ne, mais ne manque pas de donner des nouvelles \u00e0 ses fans, notamment via des vid\u00e9os. En toute transparence, elle avait d\u00e9voil\u00e9 son quotidien boulevers\u00e9 par le douloureux syndrome de l&rsquo;homme raide (une maladie rare qui affecte progressivement le syst\u00e8me nerveux) dans un documentaire intime et touchant, \u00ab\u00a0Je suis : C\u00e9line Dion\u00a0\u00bb. Elle y partageait ses difficult\u00e9s \u00e0 se mouvoir et \u00e0 chanter. N\u00e9anmoins, l&rsquo;artiste ne perd pas espoir de retrouver son public et la sc\u00e8ne. \u00ab\u00a0Je ne m&rsquo;arr\u00eaterai pas\u00a0\u00bb, avait-elle promis. Lors de la c\u00e9r\u00e9monie d&rsquo;ouverture des Jeux olympiques de Paris, la star avait marqu\u00e9 les esprits du monde entier avec son interpr\u00e9tation \u00e9mouvante de \u00ab\u00a0L&rsquo;hymne \u00e0 l&rsquo;amour\u00a0\u00bb depuis la tour Eiffel. Depuis, elle a \u00e9t\u00e9 aper\u00e7ue \u00e0 un concert d&rsquo;Ad\u00e8le, mais aussi dans les tribunes du concert \u00e0 Las Vegas de Paul McCartney, l&rsquo;ancien Beatles.<\/p>\n<p>S.B.<\/p>\n","protected":false},"excerpt":{"rendered":"C\u00e9line Dion a partag\u00e9 un message touchant sur Instagram pour Thanksgiving. Elle y exprime sa gratitude et invite&hellip;\n","protected":false},"author":2,"featured_media":568399,"comment_status":"","ping_status":"","sticky":false,"template":"","format":"standard","meta":{"footnotes":""},"categories":[1355],"tags":[1111,11,1921,7043,58,59,1011,27,1922,2041,1361,873,973,133,2040],"class_list":{"0":"post-568398","1":"post","2":"type-post","3":"status-publish","4":"format-standard","5":"has-post-thumbnail","7":"category-musique","8":"tag-actu","9":"tag-actualites","10":"tag-article-video","11":"tag-celine-dion","12":"tag-divertissement","13":"tag-entertainment","14":"tag-fr","15":"tag-france","16":"tag-info","17":"tag-medias-et-divertissement","18":"tag-music","19":"tag-musique","20":"tag-people","21":"tag-video","22":"tag-video-culture"},"share_on_mastodon":{"url":"https:\/\/pubeurope.com\/@fr\/115637622903693607","error":""},"_links":{"self":[{"href":"https:\/\/www.europesays.com\/fr\/wp-json\/wp\/v2\/posts\/568398","targetHints":{"allow":["GET"]}}],"collection":[{"href":"https:\/\/www.europesays.com\/fr\/wp-json\/wp\/v2\/posts"}],"about":[{"href":"https:\/\/www.europesays.com\/fr\/wp-json\/wp\/v2\/types\/post"}],"author":[{"embeddable":true,"href":"https:\/\/www.europesays.com\/fr\/wp-json\/wp\/v2\/users\/2"}],"replies":[{"embeddable":true,"href":"https:\/\/www.europesays.com\/fr\/wp-json\/wp\/v2\/comments?post=568398"}],"version-history":[{"count":0,"href":"https:\/\/www.europesays.com\/fr\/wp-json\/wp\/v2\/posts\/568398\/revisions"}],"wp:featuredmedia":[{"embeddable":true,"href":"https:\/\/www.europesays.com\/fr\/wp-json\/wp\/v2\/media\/568399"}],"wp:attachment":[{"href":"https:\/\/www.europesays.com\/fr\/wp-json\/wp\/v2\/media?parent=568398"}],"wp:term":[{"taxonomy":"category","embeddable":true,"href":"https:\/\/www.europesays.com\/fr\/wp-json\/wp\/v2\/categories?post=568398"},{"taxonomy":"post_tag","embeddable":true,"href":"https:\/\/www.europesays.com\/fr\/wp-json\/wp\/v2\/tags?post=568398"}],"curies":[{"name":"wp","href":"https:\/\/api.w.org\/{rel}","templated":true}]}}