{"id":568402,"date":"2025-11-30T08:08:14","date_gmt":"2025-11-30T08:08:14","guid":{"rendered":"https:\/\/www.europesays.com\/fr\/568402\/"},"modified":"2025-11-30T08:08:14","modified_gmt":"2025-11-30T08:08:14","slug":"les-coreennes-ne-jurent-que-par-ce-regime-pour-perdre-la-graisse-du-ventre-en-30-jours-seulement","status":"publish","type":"post","link":"https:\/\/www.europesays.com\/fr\/568402\/","title":{"rendered":"les Cor\u00e9ennes ne jurent que par ce r\u00e9gime pour perdre la graisse du ventre en 30 jours seulement"},"content":{"rendered":"<p>La d\u00e9ferlante cor\u00e9enne continue de tout emporter sur son<br \/>\npassage. <strong>K-pop, K-drama, K-beaut\u00e9\u2026<\/strong> Toutes les<br \/>\ntendances estampill\u00e9es du fameux K de Korea sont forc\u00e9ment<br \/>\nsynonymes de succ\u00e8s.<\/p>\n<p>Parmi les Koreaboos (personnes non cor\u00e9ennes nourrissant une<br \/>\nobsession pour la culture cor\u00e9enne) les plus assidues, <strong>on<br \/>\nretrouve les beautystas<\/strong>. Adeptes de routines en mille<br \/>\n\u00e9tapes et de <a href=\"https:\/\/www.mariefrance.fr\/beaute\/ma-peau-est-transformee-en-3-heures-disponible-en-pharmacie-ce-masque-coreen-a-moins-de-6-euros-est-le-produit-le-plus-populaire-du-moment-1215052.html\" target=\"_blank\" rel=\"noopener\"><br \/>\nmasques en tous genres<\/a>, cela fait longtemps qu\u2019elles ne jurent<br \/>\nplus que par <a href=\"https:\/\/www.mariefrance.fr\/mode\/tendances-mode\/quelles-sont-les-dernieres-tendances-de-la-k-beaute-1083606.html\" target=\"_blank\" rel=\"noopener\"><br \/>\nles soins et les techniques<\/a> venus du Pays du Matin calme.<\/p>\n<p>Un r\u00e9gime cor\u00e9en qui promet de remodeler la silhouette en moins<br \/>\nd\u2019un mois<\/p>\n<p>La population cor\u00e9enne fait partie des plus minces au monde.<br \/>\nC\u2019est donc naturellement que l\u2019on cherche \u00e0 percer leurs secrets<br \/>\npour \u00e9liminer ces graisses que l\u2019on ne peut plus se voir. L\u2019une des<br \/>\nderni\u00e8res obsessions de ceux qui guettent avec attention tout ce<br \/>\nqui arrive de S\u00e9oul, c\u2019est ce nouveau r\u00e9gime cor\u00e9en. Cette m\u00e9thode<br \/>\npl\u00e9biscit\u00e9e sur les r\u00e9seaux sociaux promet de <strong>remodeler la<br \/>\nsilhouette en moins d\u2019un mois<\/strong>. Rien que \u00e7a !<\/p>\n<p><strong>Le \u00ab\u00a0Switch On Diet\u00a0\u00bb ou \u00ab\u00a0Glow Diet\u00a0\u00bb<\/strong> a \u00e9t\u00e9<br \/>\nimagin\u00e9 par le Dr Yong-Woo Park, sp\u00e9cialiste de l\u2019ob\u00e9sit\u00e9 depuis<br \/>\nplus de trois d\u00e9cennies. Sa di\u00e8te mise sur une remise \u00e0 z\u00e9ro du<br \/>\nm\u00e9tabolisme. Comme le rapporte <a href=\"https:\/\/www.grazia.fr\/beaute\/forme-minceur\/adieu-le-gras-du-ventre-en-1-mois-le-regime-que-les-coreennes-ont-adopte-pour-perdre-du-poids-plus-rapidement-1202884.html\" target=\"_blank\" rel=\"noopener\">Grazia<\/a>, son objectif<br \/>\nest \u00ab\u00a0d\u2019aider le corps \u00e0 puiser dans ses r\u00e9serves graisseuses<br \/>\ntout en pr\u00e9servant les muscles\u00a0\u00bb.<\/p>\n<p><img loading=\"lazy\" decoding=\"async\" aria-describedby=\"caption-attachment-622430\" itemprop=\"thumbnailUrl\" class=\"size-large wp-image-622430 img-responsive\" src=\"https:\/\/www.europesays.com\/fr\/wp-content\/uploads\/2025\/11\/shutterstock_1907181211-1024x683.jpg\" alt=\"minceur r\u00e9gime\" width=\"1024\" height=\"683\"\/><\/p>\n<p id=\"caption-attachment-622430\" class=\"wp-caption-text\">Le Dr<br \/>\nYong-Woo Park est \u00e0 l\u2019origine du \u00ab\u00a0Switch On Diet\u00a0\u00bb, \u00e9galement nomm\u00e9<br \/>\n\u00ab\u00a0Glow Diet\u00a0\u00bb.<\/p>\n<p>Je\u00fbne intermittent, prot\u00e9ines et activit\u00e9 physique<\/p>\n<p>Ce r\u00e9gime s\u2019appuie notamment sur le je\u00fbne intermittent,<br \/>\nl\u2019\u00e9quilibre du microbiote et une alimentation resserr\u00e9e autour de<br \/>\nprot\u00e9ines de qualit\u00e9. Il encourage une hydratation g\u00e9n\u00e9reuse, un<br \/>\nsommeil r\u00e9gulier et <a href=\"https:\/\/www.mariefrance.fr\/equilibre\/sport\/fitness-5-meilleurs-appareils-faire-a-maison-602369.html\" target=\"_blank\" rel=\"noopener\"><br \/>\nune activit\u00e9 sportive soutenue<\/a>. Les personnes qui s\u2019y<br \/>\nint\u00e9ressent sont aussi invit\u00e9es \u00e0 r\u00e9duire drastiquement leur<br \/>\nconsommation d\u2019alcool, de sucre et de produits transform\u00e9s, afin de<br \/>\npermettre \u00e0 l\u2019organisme d\u2019entrer dans un mode de combustion plus<br \/>\nefficace. Petit rappel avant de se lancer dans ce type de r\u00e9gime :<br \/>\nil est indispensable de <strong>consulter un professionnel de sant\u00e9<br \/>\nau pr\u00e9alable<\/strong>.<\/p>\n<p><strong>C\u2019est parti pour un protocole sur quatre semaines<br \/>\n!<\/strong> La premi\u00e8re marque l\u2019entr\u00e9e en mati\u00e8re, avec <strong>une<br \/>\nv\u00e9ritable phase de purification de l\u2019organisme<\/strong>. \u00ab\u00a0Le<br \/>\ncorps est encourag\u00e9 \u00e0 repartir sur de bonnes bases gr\u00e2ce \u00e0 des<br \/>\nboissons prot\u00e9in\u00e9es, des aliments l\u00e9gers comme le chou ou le<br \/>\nconcombre, et des probiotiques pris \u00e0 jeun.\u00a0\u00bb Apr\u00e8s quelques<br \/>\njours, des prot\u00e9ines animales peuvent \u00eatre r\u00e9introduites, tandis<br \/>\nque les farines, le caf\u00e9 et certains produits laitiers restent<br \/>\n\u00e9cart\u00e9s. Associ\u00e9e \u00e0 une marche quotidienne soutenue, cette phase<br \/>\npr\u00e9pare l\u2019organisme aux \u00e9tapes suivantes, plus exigeantes.<\/p>\n<p><img loading=\"lazy\" decoding=\"async\" aria-describedby=\"caption-attachment-1116016\" class=\"wp-image-1116016 img-responsive size-full\" src=\"https:\/\/www.europesays.com\/fr\/wp-content\/uploads\/2025\/11\/voici-le-regime-alimentaire-facile-a-suivre-numero-1-en-2025-selon-les-experts.jpg\" alt=\"\" width=\"1280\" height=\"720\"\/> \u00a9<br \/>\nShutterstock<\/p>\n<p id=\"caption-attachment-1116016\" class=\"wp-caption-text\">Ce<br \/>\nr\u00e9gime encourage une hydratation g\u00e9n\u00e9reuse, un sommeil r\u00e9gulier et<br \/>\nune activit\u00e9 sportive soutenue.<\/p>\n<p>Le corps commence d\u00e9j\u00e0 \u00e0 s\u2019habituer \u00e0<br \/>\nce nouveau r\u00e9gime<\/p>\n<p>Apr\u00e8s cette phase introductive arrive la phase \u00ab\u00a0critique\u00a0\u00bb.<br \/>\n<strong>La deuxi\u00e8me semaine<\/strong> impose une journ\u00e9e enti\u00e8re<br \/>\nsans manger, imm\u00e9diatement suivie d\u2019un repas riche en prot\u00e9ines.<br \/>\nLes jours suivants s\u2019organisent autour d\u2019une alimentation tr\u00e8s<br \/>\npauvre en glucides, pens\u00e9e pour \u00e9viter les pics de glyc\u00e9mie. Le but<br \/>\nde cette semaine particuli\u00e8rement exigeante pour le corps est de<br \/>\nl\u2019habituer \u00e0 <strong>puiser davantage dans les graisses<\/strong><br \/>\npour produire de l\u2019\u00e9nergie.<\/p>\n<blockquote class=\"tiktok-embed\" cite=\"https:\/\/www.tiktok.com\/@xtineseo\/video\/7532260232337181966\" data-video-id=\"7532260232337181966\" style=\"max-width: 605px;min-width: 325px;\"><p>\n<a target=\"_blank\" href=\"https:\/\/www.tiktok.com\/@xtineseo\/video\/7532260232337181966\" rel=\"noopener\"><img decoding=\"async\" src=\"https:\/\/www.tiktok.com\/img\/logo.png\" alt=\"TikTok Logo\"\/><\/a>\n<\/p><\/blockquote>\n<p><strong>Les deux derni\u00e8res semaines<\/strong> sont un peu moins<br \/>\nd\u00e9routantes, puisque <strong>le corps commence d\u00e9j\u00e0 \u00e0<br \/>\ns\u2019habituer<\/strong> \u00e0 ce nouveau rythme. Plusieurs p\u00e9riodes de<br \/>\nje\u00fbne prolong\u00e9 viennent toutefois accentuer la combustion des<br \/>\ngraisses. Le menu se compose alors de bouillons, de smoothies et de<br \/>\nrepas tr\u00e8s faibles en glucides. Certains aliments riches en amidon<br \/>\npeuvent \u00eatre r\u00e9introduits, mais uniquement apr\u00e8s l\u2019effort, afin<br \/>\nd\u2019optimiser la r\u00e9cup\u00e9ration.<\/p>\n<p><script async src=\"\/\/www.tiktok.com\/embed.js\"><\/script><\/p>\n","protected":false},"excerpt":{"rendered":"La d\u00e9ferlante cor\u00e9enne continue de tout emporter sur son passage. K-pop, K-drama, K-beaut\u00e9\u2026 Toutes les tendances estampill\u00e9es du&hellip;\n","protected":false},"author":2,"featured_media":568403,"comment_status":"","ping_status":"","sticky":false,"template":"","format":"standard","meta":{"footnotes":""},"categories":[10],"tags":[1011,27,72,71],"class_list":{"0":"post-568402","1":"post","2":"type-post","3":"status-publish","4":"format-standard","5":"has-post-thumbnail","7":"category-sante","8":"tag-fr","9":"tag-france","10":"tag-health","11":"tag-sante"},"share_on_mastodon":{"url":"https:\/\/pubeurope.com\/@fr\/115637630273244280","error":""},"_links":{"self":[{"href":"https:\/\/www.europesays.com\/fr\/wp-json\/wp\/v2\/posts\/568402","targetHints":{"allow":["GET"]}}],"collection":[{"href":"https:\/\/www.europesays.com\/fr\/wp-json\/wp\/v2\/posts"}],"about":[{"href":"https:\/\/www.europesays.com\/fr\/wp-json\/wp\/v2\/types\/post"}],"author":[{"embeddable":true,"href":"https:\/\/www.europesays.com\/fr\/wp-json\/wp\/v2\/users\/2"}],"replies":[{"embeddable":true,"href":"https:\/\/www.europesays.com\/fr\/wp-json\/wp\/v2\/comments?post=568402"}],"version-history":[{"count":0,"href":"https:\/\/www.europesays.com\/fr\/wp-json\/wp\/v2\/posts\/568402\/revisions"}],"wp:featuredmedia":[{"embeddable":true,"href":"https:\/\/www.europesays.com\/fr\/wp-json\/wp\/v2\/media\/568403"}],"wp:attachment":[{"href":"https:\/\/www.europesays.com\/fr\/wp-json\/wp\/v2\/media?parent=568402"}],"wp:term":[{"taxonomy":"category","embeddable":true,"href":"https:\/\/www.europesays.com\/fr\/wp-json\/wp\/v2\/categories?post=568402"},{"taxonomy":"post_tag","embeddable":true,"href":"https:\/\/www.europesays.com\/fr\/wp-json\/wp\/v2\/tags?post=568402"}],"curies":[{"name":"wp","href":"https:\/\/api.w.org\/{rel}","templated":true}]}}