{"id":568406,"date":"2025-11-30T08:10:11","date_gmt":"2025-11-30T08:10:11","guid":{"rendered":"https:\/\/www.europesays.com\/fr\/568406\/"},"modified":"2025-11-30T08:10:11","modified_gmt":"2025-11-30T08:10:11","slug":"bardot-le-documentaire-testament-adoube-par-b-b-le-figaro","status":"publish","type":"post","link":"https:\/\/www.europesays.com\/fr\/568406\/","title":{"rendered":"Bardot , le documentaire-testament adoub\u00e9 par B.B. &#8211; Le Figaro"},"content":{"rendered":"<ol>\n<li><a href=\"https:\/\/news.google.com\/rss\/articles\/CBMikAFBVV95cUxOeG1hcGtZSnM5MFNaTmVIM3I2S0FrV2poa25DX3hWZ1lsa2xSeXNTbkUyenN1Mm82R0NYQXhPbzM2dVNJSVNJeTY1UFNPbzNHTmw2TGFkLW0tWDhFYzFsanY4REpkUFhFWE1QVno5SEFVNzZhNUg4cUhrQl9NeEZXODg3bnhtNm1uS2pOaFB1UXY?oc=5\" target=\"_blank\" rel=\"noopener\">Bardot , le documentaire-testament adoub\u00e9 par B.B.<\/a>&nbsp;&nbsp;Le Figaro<\/li>\n<li><a href=\"https:\/\/news.google.com\/rss\/articles\/CBMiugFBVV95cUxNXzRjOHU0UXl2NkxCRkFiajQxdjcybjlyT05hRGxWT0h5R3JNNkdKa050ZEpfNzhJZG4walFtbm1SS1RXTXhmajR3Q2pUc3RKTkVCeENUZzM5LWhaMmRSdW9mbVgzTm4zejZROHA3c2JPRlZVMWxFTVhhSWZyMHNFMS1CNkF1ZnlmZzhCNE5rY0oyTk5qbms1a1ZGWFR0Nk9LN3lSWEQzdW1HQWVhUUpwVUF0WmJaM2NicXfSAb8BQVVfeXFMT3lPNVJaalFBWEF5ZnV4X1ZMdnBreVdoRkE2N1FEVllkcHJGeXhTdGdIR0huWUhUYnNTelc2UTktMkJ6MVBuSUJlU3c5VGNReFZPZVF3bWlsaXQxUnB1cS1wWHJZT21OZHkzQzhqd0x2ZEZPTW9UWXFzUUx5RzVJNkJkSy1uYTFTSU1xUkJ6ZzdydHlySDhLV09udE1pcXRTWUdTXzc3Ump6b2pueTZIOVQyMHg2b0ViSDN2ZlpEclE?oc=5\" target=\"_blank\" rel=\"noopener\">Enfance stricte, actrice traqu\u00e9e, militantisme&#8230; Brigitte Bardot se confie dans un documentaire poignant au cin\u00e9ma ce mercredi<\/a>&nbsp;&nbsp;CNews<\/li>\n<li><a href=\"https:\/\/news.google.com\/rss\/articles\/CBMimAJBVV95cUxPNTQtZGFWRGVIUC1tVDZldnRiWjVjSGNnT3R2THkxRzlSZFd4WFpRc21MclZZZ3MtSmxDNTFsMXlBbzRSUWxiMkVlOFJVNy0zVHJqc1k5TU5QNkpjeVhzMXh3RFUzSmJYbFY1NFJkSE9IN0ZrdTh5N0hzVThZeXV1LV9KUGcyNERJVjh5UmdhdzRacU9mbGhRYWZHWE5HNjhlSVdicE1KUHNVcldhZlh0TGRUclNXYmVuVUtDbTQ2aWtFTXp5VWktcmJIVk9EekJRUDMwWTJHZGtQajJLdFhRY2I2dkNIaV96d0hxNTdkekJFVXdBbW9ON2VORUVaVGVEZU1SMmtQYVF2dUxpQnlQT1ZOdm1yaV9j?oc=5\" target=\"_blank\" rel=\"noopener\">\u00ab\u00a0Brigitte est une personne plurielle, profonde et tr\u00e8s sensible\u00a0\u00bb confie Elora Thevenet la co-r\u00e9alisatrice de \u00ab\u00a0Bardot\u00a0\u00bb<\/a>&nbsp;&nbsp;francebleu.fr<\/li>\n<li><a href=\"https:\/\/news.google.com\/rss\/articles\/CBMi1wFBVV95cUxQLTZpLWt1Z0EzNzgtSGRfS25PWTZtSFdYSVpJMXYyRHIwb2JmdjViLVVtQlBJcXgwSG53cXBWcnBoazBqTGtBM2VfSmtnV0FjbXRkQThzMlVtNWVTY3BZZUpGRDhGY3NUcENTX1BSMTBjLVhkUjlPSDc5ck90b2VTNDhhVlRkQmhkcmpLS3UwbC1OSml4MFFibFZSemVES0RzU21CRE9sWE40eW05VWFBQU4wMUp0ejJ6UzZJa203V0VCeXlua1NfelJTbl84bEZjbnNRSFdxZw?oc=5\" target=\"_blank\" rel=\"noopener\">Nouveau documentaire au cin\u00e9ma sur Brigitte Bardot : l&rsquo;Ic\u00f4ne sous toutes ses coutures<\/a>&nbsp;&nbsp;europe1.fr<\/li>\n<li><a href=\"https:\/\/news.google.com\/rss\/articles\/CBMi0wFBVV95cUxNdnNKVllaWXJjbVNHTkJvMm96b0lYaVowc0VCYXRiRjEtVVdvdkxhQ3gyczRKb1hsWHNBMlV3azF2b1ZDTzZjRHU0U3VtUkFsb3VoZzNlWFlLZVQ4R2FsS3lJdE0yRXBFaWVaNERHSFNja19BY2V6WlpxYVdYSngyM0J3NHljZ0JTWFBXcVh1SHhYSWl5NFdSWFM0S1BCZFg2a1VfbmozUEoxekZDY0loMVVLMm45WnFVd0dUY2VKbEFEWUQ1MHBmblpYV1EzOHlZUXZ3?oc=5\" target=\"_blank\" rel=\"noopener\">\u00ab\u00a0Bardot\u00a0\u00bb : un documentaire au cin\u00e9ma revient sur la vie de l&rsquo;ic\u00f4ne fran\u00e7aise<\/a>&nbsp;&nbsp;La Provence<\/li>\n<\/ol>\n","protected":false},"excerpt":{"rendered":"Bardot , le documentaire-testament adoub\u00e9 par B.B.&nbsp;&nbsp;Le Figaro Enfance stricte, actrice traqu\u00e9e, militantisme&#8230; Brigitte Bardot se confie dans&hellip;\n","protected":false},"author":2,"featured_media":568407,"comment_status":"","ping_status":"","sticky":false,"template":"","format":"standard","meta":{"footnotes":""},"categories":[8],"tags":[20224,58,59,1011,27],"class_list":{"0":"post-568406","1":"post","2":"type-post","3":"status-publish","4":"format-standard","5":"has-post-thumbnail","7":"category-divertissement","8":"tag-brigitte-bardot","9":"tag-divertissement","10":"tag-entertainment","11":"tag-fr","12":"tag-france"},"share_on_mastodon":{"url":"https:\/\/pubeurope.com\/@fr\/115637637856574593","error":""},"_links":{"self":[{"href":"https:\/\/www.europesays.com\/fr\/wp-json\/wp\/v2\/posts\/568406","targetHints":{"allow":["GET"]}}],"collection":[{"href":"https:\/\/www.europesays.com\/fr\/wp-json\/wp\/v2\/posts"}],"about":[{"href":"https:\/\/www.europesays.com\/fr\/wp-json\/wp\/v2\/types\/post"}],"author":[{"embeddable":true,"href":"https:\/\/www.europesays.com\/fr\/wp-json\/wp\/v2\/users\/2"}],"replies":[{"embeddable":true,"href":"https:\/\/www.europesays.com\/fr\/wp-json\/wp\/v2\/comments?post=568406"}],"version-history":[{"count":0,"href":"https:\/\/www.europesays.com\/fr\/wp-json\/wp\/v2\/posts\/568406\/revisions"}],"wp:featuredmedia":[{"embeddable":true,"href":"https:\/\/www.europesays.com\/fr\/wp-json\/wp\/v2\/media\/568407"}],"wp:attachment":[{"href":"https:\/\/www.europesays.com\/fr\/wp-json\/wp\/v2\/media?parent=568406"}],"wp:term":[{"taxonomy":"category","embeddable":true,"href":"https:\/\/www.europesays.com\/fr\/wp-json\/wp\/v2\/categories?post=568406"},{"taxonomy":"post_tag","embeddable":true,"href":"https:\/\/www.europesays.com\/fr\/wp-json\/wp\/v2\/tags?post=568406"}],"curies":[{"name":"wp","href":"https:\/\/api.w.org\/{rel}","templated":true}]}}