{"id":568410,"date":"2025-11-30T08:12:16","date_gmt":"2025-11-30T08:12:16","guid":{"rendered":"https:\/\/www.europesays.com\/fr\/568410\/"},"modified":"2025-11-30T08:12:16","modified_gmt":"2025-11-30T08:12:16","slug":"les-impots-ecrivent-a-des-millions-de-salaries-et-retraites-pour-les-avertir-quil-leur-reste-peu-de-temps-pour-diminuer-leur-impot","status":"publish","type":"post","link":"https:\/\/www.europesays.com\/fr\/568410\/","title":{"rendered":"Les imp\u00f4ts \u00e9crivent \u00e0 des millions de salari\u00e9s et retrait\u00e9s pour les avertir qu&rsquo;il leur reste peu de temps pour diminuer leur imp\u00f4t"},"content":{"rendered":"<p class=\"app_entry_lead\">\n                                                                                <a title=\"\u00a0\u00a9\u00a0Marc Roche - stock.adobe.com\" href=\"https:\/\/www.europesays.com\/fr\/wp-content\/uploads\/2025\/11\/39530171.jpg\" class=\"fancy\"><\/p>\n<p>                            <img loading=\"lazy\" decoding=\"async\" src=\"https:\/\/www.europesays.com\/fr\/wp-content\/uploads\/2025\/11\/39530171.jpg\" alt=\"Les imp\u00f4ts \u00e9crivent \u00e0 des millions de salari\u00e9s et retrait\u00e9s pour les avertir qu'il leur reste peu de temps pour diminuer leur imp\u00f4t\" width=\"1500\" height=\"1000\"\/><\/p>\n<p>                    <\/a><br \/>\n                                        Des millions de contribuables ont jusqu&rsquo;au 6\u00a0d\u00e9cembre pour agir. Sinon ils risquent de voir leurs revenus mensuels changer en 2026.<\/p>\n<p data-pm-slice=\"1 1 []\">L&rsquo;administration fiscale lance l&rsquo;alerte. La Direction g\u00e9n\u00e9rale des Finances publiques (DGFIP) a envoy\u00e9 un mail aux 41\u00a0millions de contribuables qui ont rempli une d\u00e9claration de revenus cette ann\u00e9e. Parmi les destinataires figurent les 17,2\u00a0millions de retrait\u00e9s fran\u00e7ais ainsi que plus de 20\u00a0millions de salari\u00e9s. Bon nombre d&rsquo;entre eux doivent pr\u00eater la plus grande attention \u00e0 cette communication puisqu&rsquo;elle a pour objet leur pr\u00e9l\u00e8vement \u00e0 la source.<\/p>\n<p>Le pr\u00e9l\u00e8vement \u00e0 la source est l&rsquo;un des principaux moyen de collecter des imp\u00f4ts en France. Tous les mois, un pr\u00e9l\u00e8vement est appliqu\u00e9 sur les salaires et les pensions de retraite per\u00e7us par les travailleurs et les retrait\u00e9s redevables de l&rsquo;imp\u00f4t. Ce pr\u00e9l\u00e8vement correspond \u00e0 un pourcentage calcul\u00e9 selon les revenus de chaque contribuable. Concr\u00e8tement, un salari\u00e9 dont la r\u00e9mun\u00e9ration s&rsquo;\u00e9l\u00e8ve \u00e0 2\u00a0000\u00a0euros net par mois et dont le taux de pr\u00e9l\u00e8vement \u00e0 la source est de 3%, sera pr\u00e9lev\u00e9 mensuellement de 60\u00a0euros. A la fin du mois, le salari\u00e9 recevra sur son compte en banque un versement de 1\u00a0940\u00a0euros.<\/p>\n<p>Or, en 2025, de nombreux foyers ont proc\u00e9d\u00e9 \u00e0 une modification de leur taux de pr\u00e9l\u00e8vement \u00e0 la source. Souvent c&rsquo;est parce qu&rsquo;ils ont anticip\u00e9 une hausse ou une baisse de leurs revenus cette ann\u00e9e\u00a0: augmentation de salaire, p\u00e9riode de ch\u00f4mage, changement de situation familiale (mariage, pacs, naissance d&rsquo;un enfant, etc). Autant de situations qui engendrent une modification du montant de l&rsquo;imp\u00f4t sur le revenu qu&rsquo;ils devront payer en 2026.<\/p>\n<p><img decoding=\"async\" alt=\"\" src=\"https:\/\/www.europesays.com\/fr\/wp-content\/uploads\/2025\/11\/39530172.jpg\"\/><\/p>\n<p>Augmenter volontairement son taux de pr\u00e9l\u00e8vement \u00e0 la source permet d&rsquo;\u00e9viter d&rsquo;avoir \u00e0 payer un reliquat trop important aux imp\u00f4ts l&rsquo;ann\u00e9e suivante. \u00c0 l&rsquo;inverse, r\u00e9duire son taux de pr\u00e9l\u00e8vement \u00e0 la source permet d&rsquo;augmenter sa r\u00e9mun\u00e9ration nette mensuelle, une option particuli\u00e8rement int\u00e9ressante pour les contribuables qui payent peu d&rsquo;imp\u00f4ts. Concr\u00e8tement, si une personne a trop d&rsquo;imp\u00f4ts \u00e0 payer en 2026, c&rsquo;est que son taux de pr\u00e9l\u00e8vement \u00e0 la source en 2025\u00a0\u00e9tait trop bas. Si, au contraire, un contribuable re\u00e7oit un important remboursement du fisc en 2026, c&rsquo;est que son taux de pr\u00e9l\u00e8vement \u00e0 la source \u00e9tait trop \u00e9lev\u00e9 en 2025.<\/p>\n<p>Or, modifier son taux de pr\u00e9l\u00e8vement \u00e0 la source n\u00e9cessite une certaine vigilance. En effet, le mail de la DGFIP rappelle aux contribuables que toute modification effectu\u00e9e en 2025\u00a0demeure valable uniquement jusqu&rsquo;au 31\u00a0d\u00e9cembre prochain. Les contribuables souhaitant maintenir ce taux pour l&rsquo;ann\u00e9e 2026\u00a0doivent imp\u00e9rativement se connecter, avant le 6\u00a0d\u00e9cembre prochain, \u00e0 leur espace personnel sur le site impots.gouv.fr.<\/p>\n<p>Ils doivent acc\u00e9der \u00e0 la rubrique \u00ab\u00a0G\u00e9rer mon pr\u00e9l\u00e8vement \u00e0 la source\u00a0\u00bb, puis s\u00e9lectionner le menu \u00ab\u00a0Actualiser suite \u00e0 une hausse ou une baisse de vos revenus\u00a0\u00bb. Les contribuables doivent alors estimer leurs revenus pour l&rsquo;ann\u00e9e 2026. Cela permettra la reconduction de leur taux personnalis\u00e9 de pr\u00e9l\u00e8vement \u00e0 la source pour l&rsquo;ann\u00e9e prochaine. Si les contribuables accomplissent cette d\u00e9marche avant le 6\u00a0d\u00e9cembre, alors l&rsquo;administration fiscale pourra transmettre le taux \u00e0 l&#8217;employeur qui verse le salaire (pour les travailleurs) ou \u00e0 la caisse de retraite qui\u00a0verse la pension (pour les retrait\u00e9s).<\/p>\n<p>En l&rsquo;absence de toute intervention du contribuable avant la date limite, le taux de pr\u00e9l\u00e8vement \u00e0 la source appliqu\u00e9 en 2026\u00a0sera le taux calcul\u00e9 \u00e0 partir de la derni\u00e8re d\u00e9claration de revenus. Un taux \u00e9tabli sur les revenus per\u00e7us en 2024, qui risque de ne pas correspondre \u00e0 la situation financi\u00e8re actuelle du contribuable.<\/p>\n","protected":false},"excerpt":{"rendered":"Des millions de contribuables ont jusqu&rsquo;au 6\u00a0d\u00e9cembre pour agir. Sinon ils risquent de voir leurs revenus mensuels changer&hellip;\n","protected":false},"author":2,"featured_media":568411,"comment_status":"","ping_status":"","sticky":false,"template":"","format":"standard","meta":{"footnotes":""},"categories":[6],"tags":[35,68357,51761,33,34,54796,51763,1011,27,52173,51767],"class_list":{"0":"post-568410","1":"post","2":"type-post","3":"status-publish","4":"format-standard","5":"has-post-thumbnail","7":"category-economie","8":"tag-business","9":"tag-cms-journaldunet-1546331","10":"tag-controller-content","11":"tag-economie","12":"tag-economy","13":"tag-finances-personnelles","14":"tag-format-papier","15":"tag-fr","16":"tag-france","17":"tag-les-histoires-du-jdn","18":"tag-parallaxeinfeed"},"share_on_mastodon":{"url":"https:\/\/pubeurope.com\/@fr\/115637646601742153","error":""},"_links":{"self":[{"href":"https:\/\/www.europesays.com\/fr\/wp-json\/wp\/v2\/posts\/568410","targetHints":{"allow":["GET"]}}],"collection":[{"href":"https:\/\/www.europesays.com\/fr\/wp-json\/wp\/v2\/posts"}],"about":[{"href":"https:\/\/www.europesays.com\/fr\/wp-json\/wp\/v2\/types\/post"}],"author":[{"embeddable":true,"href":"https:\/\/www.europesays.com\/fr\/wp-json\/wp\/v2\/users\/2"}],"replies":[{"embeddable":true,"href":"https:\/\/www.europesays.com\/fr\/wp-json\/wp\/v2\/comments?post=568410"}],"version-history":[{"count":0,"href":"https:\/\/www.europesays.com\/fr\/wp-json\/wp\/v2\/posts\/568410\/revisions"}],"wp:featuredmedia":[{"embeddable":true,"href":"https:\/\/www.europesays.com\/fr\/wp-json\/wp\/v2\/media\/568411"}],"wp:attachment":[{"href":"https:\/\/www.europesays.com\/fr\/wp-json\/wp\/v2\/media?parent=568410"}],"wp:term":[{"taxonomy":"category","embeddable":true,"href":"https:\/\/www.europesays.com\/fr\/wp-json\/wp\/v2\/categories?post=568410"},{"taxonomy":"post_tag","embeddable":true,"href":"https:\/\/www.europesays.com\/fr\/wp-json\/wp\/v2\/tags?post=568410"}],"curies":[{"name":"wp","href":"https:\/\/api.w.org\/{rel}","templated":true}]}}