{"id":568419,"date":"2025-11-30T08:18:17","date_gmt":"2025-11-30T08:18:17","guid":{"rendered":"https:\/\/www.europesays.com\/fr\/568419\/"},"modified":"2025-11-30T08:18:17","modified_gmt":"2025-11-30T08:18:17","slug":"lorraine-au-cap-vert-seize-jeunes-oublient-le-cancer-grace-a-lassociation-rafael","status":"publish","type":"post","link":"https:\/\/www.europesays.com\/fr\/568419\/","title":{"rendered":"Lorraine. Au Cap Vert, seize jeunes oublient le cancer gr\u00e2ce \u00e0 l\u2019association Rafael"},"content":{"rendered":"<p>Les retrouvailles, samedi dans le salon d\u2019honneur de l\u2019h\u00f4tel de ville de Pont-\u00e0-Mousson, ont \u00e9t\u00e9 chaleureuses. Seize jeunes de 6 \u00e0 23 ans atteints d\u2019un cancer s\u2019y sont r\u00e9unis pour visionner le film de leurs vacances tourn\u00e9 par Moselle TV, qui les a accompagn\u00e9s au Cap Vert. Chacun y \u00e9tait accompagn\u00e9 d\u2019un parent. Une \u00ab\u00a0bouff\u00e9e d\u2019oxyg\u00e8ne\u00a0\u00bb rendue possible\u00a0par l\u2019association Rafael Lorraine.<\/p>\n<p>Depuis sa cr\u00e9ation en 2012, elle r\u00e9alise les r\u00eaves les plus fous de jeunes Lorrains suivis par le service oncologie-h\u00e9matologie p\u00e9diatrique du CHU de Nancy-Brabois. Celui-ci a choisi les participants. \u00ab\u00a0Tous sont atteints de cancers diff\u00e9rents et se trouvent \u00e0 des \u00e9tapes diff\u00e9rentes de la maladie, certains subissant de lourds traitements et d\u2019autres \u00e9tant en r\u00e9mission\u00a0\u00bb, d\u00e9crit <a href=\"https:\/\/www.republicain-lorrain.fr\/loisirs\/2019\/01\/29\/faiseur-de-reves-pour-enfants-malades\" target=\"_blank\" rel=\"noopener\">Denis Bettinger, \u00e0 l\u2019origine de la cr\u00e9ation de cette association \u00e0 la suite du d\u00e9c\u00e8s de son neveu Rafael<\/a>.<\/p>\n<p>Ce contenu est bloqu\u00e9 car vous n&rsquo;avez pas accept\u00e9 les cookies et autres traceurs.<\/p>\n<p>En cliquant sur \u00ab J\u2019accepte \u00bb, les cookies et autres traceurs seront d\u00e9pos\u00e9s et vous pourrez visualiser les contenus  (<a href=\"\" class=\"consentModule_policy\" target=\"_blank\" title=\"Consulter la politique de protection des donn\u00e9es du fournisseur\">plus d&rsquo;informations<\/a>).<\/p>\n<p>En cliquant sur \u00ab J\u2019accepte tous les cookies \u00bb, vous autorisez des d\u00e9p\u00f4ts de cookies et autres traceurs pour le stockage de vos donn\u00e9es sur nos sites et applications \u00e0 des fins de personnalisation et de ciblage publicitaire.<\/p>\n<p class=\"consentModule_secondaryText\">Vous gardez la possibilit\u00e9 de retirer votre consentement \u00e0 tout moment en consultant notre <a href=\"https:\/\/www.republicain-lorrain.fr\/protection-des-donnees\" target=\"_blank\" title=\"Consulter notre politique de protection des donn\u00e9es\" rel=\"noopener\">politique de protection des donn\u00e9es<\/a>. <br \/>&#13;<br \/>\n            <a href=\"https:\/\/www.republicain-lorrain.fr\/societe\/2025\/11\/30\/javascript:Didomi.notice.show()\" class=\"consentModule_cmp\" target=\"_blank\" rel=\"noopener\">G\u00e9rer mes choix<\/a>&#13;\n        <\/p>\n<p>&#13;<br \/>\n                        J&rsquo;accepte&#13;<br \/>\n            J&rsquo;accepte tous les cookies&#13;\n        <\/p>\n<p>Apr\u00e8s cinq voyages en Laponie pour y rencontrer le vrai P\u00e8re No\u00ebl, l\u2019association a mis le cap au soleil pour y vivre un autre moment magique\u00a0: la naissance et la mise \u00e0 l\u2019eau des tortues. \u00ab\u00a0Une id\u00e9e d\u2019un de nos m\u00e9c\u00e8nes qui y est all\u00e9 et a trouv\u00e9 \u00e7a magique\u00a0\u00bb, pr\u00e9cise le pr\u00e9sident. La d\u00e9l\u00e9gation a pass\u00e9 une semaine sur l\u2019\u00eele de Sal, connue pour ses zones de reproduction des tortues, suivies par des scientifiques\u00a0: \u00ab\u00a0Nos enfants ont pu y accompagner une association humanitaire.\u00a0\u00bb <\/p>\n<p>D\u2019autres activit\u00e9s \u00e9taient organis\u00e9es chaque matin\u00a0: rencontres d\u2019enfants d\u00e9favoris\u00e9s, retour de la p\u00eache, visite de marais salants, d\u2019une nurserie de requins, sortie en bateau au milieu des dauphins, buggy. Les apr\u00e8s-midi \u00e9taient r\u00e9serv\u00e9s \u00e0 la plage\u00a0: \u00ab\u00a0On avait pris un h\u00f4tel cinq \u00e9toiles pour leur confort, avec des animations tous les soirs, la mer \u00e0 200 m\u00e8tres.\u00a0\u00bb<\/p>\n<p>  85\u00a0000\u00a0\u20ac de m\u00e9c\u00e9nat<\/p>\n<p>Un voyage \u00e0 85\u00a0000\u00a0\u20ac financ\u00e9 par une dizaine de m\u00e9c\u00e8nes, dont deux essentiels\u00a0: \u00ab\u00a0\u00c0 eux seuls, <a href=\"https:\/\/www.estrepublicain.fr\/social\/2024\/12\/30\/plus-de-60-000-remis-a-rafael-lorraine-pour-faire-voyager-les-enfants-malades\" target=\"_blank\" rel=\"noopener\">les commer\u00e7ants de Pont-\u00e0-Mousson nous ont donn\u00e9 cette ann\u00e9e 62\u00a0000\u00a0\u20ac<\/a> en nous versant les b\u00e9n\u00e9fices sur la restauration de leur march\u00e9 de No\u00ebl. C\u2019est hors-norme\u00a0! Le Troph\u00e9e des rois, des passionn\u00e9s d\u2019\u00e9quitation, nous verse aussi chaque ann\u00e9e depuis trois ans plus de 20\u00a0000\u00a0\u20ac.\u00a0\u00bb<\/p>\n<p>Ces magnifiques \u00e9lans de solidarit\u00e9 ont permis ce moment d\u2019\u00e9vasion. Le Messin Pierre Pilon y a accompagn\u00e9 son fils Gr\u00e9goire, 12 ans, suivi depuis l\u2019\u00e2ge de 3 ans. Pour ses 5 ans, il avait \u00e9t\u00e9 du premier voyage en Laponie\u00a0: \u00ab\u00a0Tous les trois mois, on est dans les h\u00f4pitaux entre Nancy et Paris. Ce voyage, c\u2019est \u00e0 chaque fois une belle bouff\u00e9e d\u2019oxyg\u00e8ne pour tous ces enfants qui ont pour point commun la cicatrice de leurs cath\u00e9ters qu\u2019on voyait \u00e0 la plage. Cela leur fait du bien de partager des moments de joie. <a href=\"https:\/\/www.republicain-lorrain.fr\/sante-et-medecine\/2018\/12\/18\/rafael-ces-faiseurs-de-reves\" target=\"_blank\" rel=\"noopener\">L\u2019association organise \u00e9norm\u00e9ment d\u2019\u00e9v\u00e9nements en englobant aussi les familles<\/a>. C\u2019est formidable de nous permettre de partager ces bons moments ensemble.\u00a0\u00bb<\/p>\n<p>Ce contenu est bloqu\u00e9 car vous n&rsquo;avez pas accept\u00e9 les cookies et autres traceurs.<\/p>\n<p>En cliquant sur \u00ab J\u2019accepte \u00bb, les cookies et autres traceurs seront d\u00e9pos\u00e9s et vous pourrez visualiser les contenus  (<a href=\"\" class=\"consentModule_policy\" target=\"_blank\" title=\"Consulter la politique de protection des donn\u00e9es du fournisseur\">plus d&rsquo;informations<\/a>).<\/p>\n<p>En cliquant sur \u00ab J\u2019accepte tous les cookies \u00bb, vous autorisez des d\u00e9p\u00f4ts de cookies et autres traceurs pour le stockage de vos donn\u00e9es sur nos sites et applications \u00e0 des fins de personnalisation et de ciblage publicitaire.<\/p>\n<p class=\"consentModule_secondaryText\">Vous gardez la possibilit\u00e9 de retirer votre consentement \u00e0 tout moment en consultant notre <a href=\"https:\/\/www.republicain-lorrain.fr\/protection-des-donnees\" target=\"_blank\" title=\"Consulter notre politique de protection des donn\u00e9es\" rel=\"noopener\">politique de protection des donn\u00e9es<\/a>. <br \/>&#13;<br \/>\n            <a href=\"https:\/\/www.republicain-lorrain.fr\/societe\/2025\/11\/30\/javascript:Didomi.notice.show()\" class=\"consentModule_cmp\" target=\"_blank\" rel=\"noopener\">G\u00e9rer mes choix<\/a>&#13;\n        <\/p>\n<p>&#13;<br \/>\n                        J&rsquo;accepte&#13;<br \/>\n            J&rsquo;accepte tous les cookies&#13;\n        <\/p>\n<p>  \u00ab\u00a0Voyage de la victoire\u00a0\u00bb<\/p>\n<p>Aur\u00e9lie Cichowlas, de Berg-sur-Moselle, a voyag\u00e9 avec sa fille Camille, bient\u00f4t 9 ans. En r\u00e9mission d\u2019une leuc\u00e9mie, elle sera consid\u00e9r\u00e9e comme gu\u00e9rie d\u00e9but janvier apr\u00e8s cinq ans de traitement\u00a0: \u00ab\u00a0Pour nous, c\u2019est le voyage de la victoire. Cela vient mettre un point final au combat qu\u2019on a men\u00e9. <a href=\"https:\/\/www.republicain-lorrain.fr\/sante\/2022\/05\/08\/rafael-lorraine-dix-ans-de-reves-fous-d-enfants-realises\" target=\"_blank\" rel=\"noopener\">On ne peut pas imaginer \u00e0 quel point Rafael nous a permis de garder la t\u00eate hors de l\u2019eau<\/a> durant ces cinq ann\u00e9es tr\u00e8s compliqu\u00e9es. C\u2019est ce c\u00f4t\u00e9 positif qu\u2019on va garder. Les seules fois o\u00f9 on a quitt\u00e9 la France et pris l\u2019avion, c\u2019est gr\u00e2ce \u00e0 l\u2019association. On sera \u00e9ternellement reconnaissants.\u00a0\u00bb Un bel hommage, largement m\u00e9rit\u00e9.<\/p>\n","protected":false},"excerpt":{"rendered":"Les retrouvailles, samedi dans le salon d\u2019honneur de l\u2019h\u00f4tel de ville de Pont-\u00e0-Mousson, ont \u00e9t\u00e9 chaleureuses. Seize jeunes&hellip;\n","protected":false},"author":2,"featured_media":568420,"comment_status":"","ping_status":"","sticky":false,"template":"","format":"standard","meta":{"footnotes":""},"categories":[9635],"tags":[1111,11,1777,674,1011,27,775,3457,1702,12,3456,25,104,1631],"class_list":{"0":"post-568419","1":"post","2":"type-post","3":"status-publish","4":"format-standard","5":"has-post-thumbnail","7":"category-nancy","8":"tag-actu","9":"tag-actualites","10":"tag-eu","11":"tag-europe","12":"tag-fr","13":"tag-france","14":"tag-grand-est","15":"tag-meurthe-et-moselle","16":"tag-nancy","17":"tag-news","18":"tag-region-lorraine","19":"tag-republique-francaise","20":"tag-societe","21":"tag-vie-associative"},"share_on_mastodon":{"url":"https:\/\/pubeurope.com\/@fr\/115637669326590387","error":""},"_links":{"self":[{"href":"https:\/\/www.europesays.com\/fr\/wp-json\/wp\/v2\/posts\/568419","targetHints":{"allow":["GET"]}}],"collection":[{"href":"https:\/\/www.europesays.com\/fr\/wp-json\/wp\/v2\/posts"}],"about":[{"href":"https:\/\/www.europesays.com\/fr\/wp-json\/wp\/v2\/types\/post"}],"author":[{"embeddable":true,"href":"https:\/\/www.europesays.com\/fr\/wp-json\/wp\/v2\/users\/2"}],"replies":[{"embeddable":true,"href":"https:\/\/www.europesays.com\/fr\/wp-json\/wp\/v2\/comments?post=568419"}],"version-history":[{"count":0,"href":"https:\/\/www.europesays.com\/fr\/wp-json\/wp\/v2\/posts\/568419\/revisions"}],"wp:featuredmedia":[{"embeddable":true,"href":"https:\/\/www.europesays.com\/fr\/wp-json\/wp\/v2\/media\/568420"}],"wp:attachment":[{"href":"https:\/\/www.europesays.com\/fr\/wp-json\/wp\/v2\/media?parent=568419"}],"wp:term":[{"taxonomy":"category","embeddable":true,"href":"https:\/\/www.europesays.com\/fr\/wp-json\/wp\/v2\/categories?post=568419"},{"taxonomy":"post_tag","embeddable":true,"href":"https:\/\/www.europesays.com\/fr\/wp-json\/wp\/v2\/tags?post=568419"}],"curies":[{"name":"wp","href":"https:\/\/api.w.org\/{rel}","templated":true}]}}