{"id":568421,"date":"2025-11-30T08:19:18","date_gmt":"2025-11-30T08:19:18","guid":{"rendered":"https:\/\/www.europesays.com\/fr\/568421\/"},"modified":"2025-11-30T08:19:18","modified_gmt":"2025-11-30T08:19:18","slug":"meurthe-et-moselle-cinq-personnes-dont-un-ado-de-16-ans-meurent-dans-un-dramatique-incendie-pres-de-nancy","status":"publish","type":"post","link":"https:\/\/www.europesays.com\/fr\/568421\/","title":{"rendered":"Meurthe-et-Moselle. Cinq personnes, dont un ado de 16 ans, meurent dans un dramatique incendie pr\u00e8s de Nancy"},"content":{"rendered":"<p>Cing personnes sont mortes dans un incendie \u00e0 Neuves-Maisons, en Meurthe-et-Moselle, a-t-on appris dimanche aupr\u00e8s des pompiers et de la pr\u00e9fecture.<\/p>\n<p>Un homme de 59 ans, une femme de 60 ans, une jeune femme de 20 ans et un adolescent de 16 ans sont d\u00e9c\u00e9d\u00e9s, ont annonc\u00e9 les pompiers. Une cinqui\u00e8me personne, qui avait \u00e9t\u00e9 gravement bless\u00e9e, a succomb\u00e9 \u00e0 ses blessures, a indiqu\u00e9 un peu plus tard la pr\u00e9fecture. Un bless\u00e9 l\u00e9ger, \u00e2g\u00e9 de 21 ans, a \u00e9t\u00e9 victime d&rsquo;inhalation de fum\u00e9es. Ses jours ne sont pas en danger, a soulign\u00e9 la pr\u00e9fecture<\/p>\n<p>Les b\u00e2timents voisins \u00e9pargn\u00e9s<\/p>\n<p>Les pompiers ont \u00e9t\u00e9 alert\u00e9s vers 3h15 dimanche de l&rsquo;incendie survenu rue du Capitaine Caillon \u00e0 Neuves-Maisons, une commune de 7 000 habitants situ\u00e9e au sud-ouest de Nancy. Le sinistre a touch\u00e9 un b\u00e2timent de trois niveaux comprenant un magasin au rez-de-chauss\u00e9e. <\/p>\n<p>Au total, 70 pompiers sont intervenus avec une trentaine de v\u00e9hicules. Ils sont parvenus \u00e0 maitriser le feu \u00ab assez rapidement \u00bb. Une vingtaine de gendarmes, dont des membres de la brigade de recherches et du PSIG (peloton de surveillance et d&rsquo;intervention de la gendarmerie) se sont rendus sur place et trois ambulances ont \u00e9t\u00e9 utilis\u00e9es, a pr\u00e9cis\u00e9 la pr\u00e9fecture.<\/p>\n<p>L&rsquo;incendie ne s&rsquo;est pas propag\u00e9 aux b\u00e2timents voisins. La mairie va ouvrir deux salles, l&rsquo;une pour accueillir des familles et l&rsquo;autre pour abriter une cellule d&rsquo;urgence m\u00e9dico-psychologique pour la population qui a pu \u00eatre choqu\u00e9e par le drame, a indiqu\u00e9 la pr\u00e9fecture \u00e0 l&rsquo;AFP.<\/p>\n","protected":false},"excerpt":{"rendered":"Cing personnes sont mortes dans un incendie \u00e0 Neuves-Maisons, en Meurthe-et-Moselle, a-t-on appris dimanche aupr\u00e8s des pompiers et&hellip;\n","protected":false},"author":2,"featured_media":568422,"comment_status":"","ping_status":"","sticky":false,"template":"","format":"standard","meta":{"footnotes":""},"categories":[9635],"tags":[1111,11,1777,674,274,107,1011,27,329,775,1310,1702,12,25],"class_list":{"0":"post-568421","1":"post","2":"type-post","3":"status-publish","4":"format-standard","5":"has-post-thumbnail","7":"category-nancy","8":"tag-actu","9":"tag-actualites","10":"tag-eu","11":"tag-europe","12":"tag-faits-divers-justice","13":"tag-fil-info","14":"tag-fr","15":"tag-france","16":"tag-france-monde","17":"tag-grand-est","18":"tag-incendie","19":"tag-nancy","20":"tag-news","21":"tag-republique-francaise"},"share_on_mastodon":{"url":"https:\/\/pubeurope.com\/@fr\/115637673299772639","error":""},"_links":{"self":[{"href":"https:\/\/www.europesays.com\/fr\/wp-json\/wp\/v2\/posts\/568421","targetHints":{"allow":["GET"]}}],"collection":[{"href":"https:\/\/www.europesays.com\/fr\/wp-json\/wp\/v2\/posts"}],"about":[{"href":"https:\/\/www.europesays.com\/fr\/wp-json\/wp\/v2\/types\/post"}],"author":[{"embeddable":true,"href":"https:\/\/www.europesays.com\/fr\/wp-json\/wp\/v2\/users\/2"}],"replies":[{"embeddable":true,"href":"https:\/\/www.europesays.com\/fr\/wp-json\/wp\/v2\/comments?post=568421"}],"version-history":[{"count":0,"href":"https:\/\/www.europesays.com\/fr\/wp-json\/wp\/v2\/posts\/568421\/revisions"}],"wp:featuredmedia":[{"embeddable":true,"href":"https:\/\/www.europesays.com\/fr\/wp-json\/wp\/v2\/media\/568422"}],"wp:attachment":[{"href":"https:\/\/www.europesays.com\/fr\/wp-json\/wp\/v2\/media?parent=568421"}],"wp:term":[{"taxonomy":"category","embeddable":true,"href":"https:\/\/www.europesays.com\/fr\/wp-json\/wp\/v2\/categories?post=568421"},{"taxonomy":"post_tag","embeddable":true,"href":"https:\/\/www.europesays.com\/fr\/wp-json\/wp\/v2\/tags?post=568421"}],"curies":[{"name":"wp","href":"https:\/\/api.w.org\/{rel}","templated":true}]}}