{"id":568425,"date":"2025-11-30T08:21:18","date_gmt":"2025-11-30T08:21:18","guid":{"rendered":"https:\/\/www.europesays.com\/fr\/568425\/"},"modified":"2025-11-30T08:21:18","modified_gmt":"2025-11-30T08:21:18","slug":"top-14-malgre-une-defaite-avec-plus-de-50-points-encaisses-lus-montauban-a-su-reagir-pour-ne-pas-sombrer","status":"publish","type":"post","link":"https:\/\/www.europesays.com\/fr\/568425\/","title":{"rendered":"Top 14\u00a0: malgr\u00e9 une d\u00e9faite avec plus de 50 points encaiss\u00e9s, l\u2019US Montauban a su r\u00e9agir pour ne pas sombrer"},"content":{"rendered":"<p>\n                                                                    l&rsquo;essentiel<br \/>\n                                                                Compl\u00e8tement d\u00e9pass\u00e9s samedi 22\u00a0novembre 2025 contre Toulouse \u00e0 domicile (7-49), les joueurs de l\u2019US Montauban ont \u00e9t\u00e9 vite distanc\u00e9s par le RC Toulon samedi 29\u00a0novembre mais ont su relever la t\u00eate en seconde p\u00e9riode.\n                            <\/p>\n<p>Apr\u00e8s 50 minutes de jeu, peu de monde aurait mis\u00e9 sur le fait que l\u2019US Montauban inscrive 4 essais au RC Toulon, samedi 29\u00a0novembre 2025, pour la 11e journ\u00e9e de Top 14. Les Varois, venaient d\u2019inscrire leur septi\u00e8me r\u00e9alisation de la soir\u00e9e par Mathis Fert\u00e9, absolument intenable.<\/p>\n<p class=\"std-elt__inline\">\n        <strong>\u00c0 lire aussi :<\/strong><br \/>\n        <a href=\"https:\/\/www.ladepeche.fr\/2025\/11\/29\/on-sest-releve-sur-letat-desprit-les-reactions-des-acteurs-du-match-entre-toulon-et-montauban-13081769.php\" target=\"_blank\" rel=\"noopener\">\u00ab\u00a0On s\u2019est relev\u00e9 sur l\u2019\u00e9tat d\u2019esprit\u00a0\u00bb\u00a0: les r\u00e9actions des acteurs du match entre Toulon et Montauban<\/a>\n    <\/p>\n<p>Non, au moment o\u00f9 les Tarn-et-Garonnais \u00e9taient p\u00e9nalis\u00e9s pour la 11e fois, beaucoup auraient mis\u00e9 sur une nouvelle d\u00e9route \u00e0 l\u2019ext\u00e9rieur comme \u00e0 <a href=\"https:\/\/www.ladepeche.fr\/2025\/09\/20\/top-14-grace-a-un-festival-de-ses-internationaux-lunion-bordeaux-begles-surclasse-montauban-12943099.php\" target=\"_self\" rel=\"noopener\">Bordeaux-B\u00e8gles<\/a> ou Clermont, encaissant ainsi 70 \u00e0 80 points.<\/p>\n<p>Un premier quart d\u2019heure de l\u2019enfer<\/p>\n<p>Mais les joueurs de <a href=\"https:\/\/www.ladepeche.fr\/2025\/11\/29\/entretien-toulon-restera-grave-a-vie-le-grand-retour-de-sebastien-tillous-borde-a-mayol-ou-il-a-tout-gagne-13079790.php\" target=\"_self\" rel=\"noopener\">S\u00e9bastien Tillous-Borde<\/a> ont montr\u00e9 qu\u2019ils avaient du caract\u00e8re. Ce fut d\u2019abord le cas en premi\u00e8re p\u00e9riode, apr\u00e8s un premier quart d\u2019heure cauchemardesque.<\/p>\n<p>        <img decoding=\"async\" class=\"std-img__img responsive-img\" src=\"https:\/\/www.europesays.com\/fr\/wp-content\/uploads\/2025\/11\/1764490875_647_image.jpg\" alt=\"Le banc montalbanais inquiet apr\u00e8s un premier quart d\u2019heure cauchemardesque.\"\/><\/p>\n<p>                Le banc montalbanais inquiet apr\u00e8s un premier quart d\u2019heure cauchemardesque.<br \/>\n                                    DDM &#8211; MANU MASSIP<\/p>\n<p>Carton jaune de Tomas Lezana \u00e0 la 5e, trois essais derri\u00e8re par Tuicuvu, puis Serin apr\u00e8s une perc\u00e9e de son ouvreur Garcia, puis Sma\u00efli sur un ballon haut mal n\u00e9goci\u00e9 par Thomas Fortunel. Lequel s\u2019est bless\u00e9 en prenant dans le dos \u00e0 retardement le deuxi\u00e8me ligne toulonnais David Ribbans (21-0, 16e).<\/p>\n<p>La passe de funambule de Romain Fonnicola<\/p>\n<p>Dans une action initi\u00e9e par la relance de Baptiste Mouchous, Joe Powell a astucieusement gliss\u00e9 au pied un ballon dans le dos de la d\u00e9fense pour son ailier Josua Vici. Le Fidjien a retrouv\u00e9 son num\u00e9ro\u00a09 qui l\u2019a servi pour plonger dans l\u2019en-but (21-7, 19e).<\/p>\n<p>        <img decoding=\"async\" class=\"std-img__img responsive-img\" src=\"https:\/\/www.europesays.com\/fr\/wp-content\/uploads\/2025\/11\/1764490877_608_image.jpg\" alt=\"Lucas Seyrolle, bien lanc\u00e9, a accompli une belle perc\u00e9e contre le RCT.\"\/><\/p>\n<p>                Lucas Seyrolle, bien lanc\u00e9, a accompli une belle perc\u00e9e contre le RCT.<br \/>\n                                    DDM &#8211; MANU MASSIP<\/p>\n<p>Certes, la fin du premier acte et, surtout, le d\u00e9but du second ont aussi \u00e9t\u00e9 un calvaire. La faute \u00e0 4 r\u00e9alisations de Dr\u00e9an, Sma\u00efli, Baubigny et Fert\u00e9. Mais l\u2019USM n\u2019a pas \u00e9t\u00e9 aid\u00e9e par une indiscipline criante (16 p\u00e9nalit\u00e9s conc\u00e9d\u00e9es) et un arbitrage pointilleux contre elle et plus permissif pour Toulon.<\/p>\n<p>La passe apr\u00e8s-contact de Fonnicola<\/p>\n<p>Malgr\u00e9 ce contexte, les Tarn-et-Garonnais n\u2019ont pas baiss\u00e9 les bras. Le meilleur exemple est Romain Fonnicola. Le jeune centre, entr\u00e9 \u00e0 la 25e minute \u00e0 la place de Fortunel, est impliqu\u00e9 dans 2 des 3 derni\u00e8res r\u00e9alisations des siens.<\/p>\n<p class=\"std-elt__inline\">\n        <strong>\u00c0 lire aussi :<\/strong><br \/>\n        <a href=\"https:\/\/www.ladepeche.fr\/2025\/11\/29\/top-14-a-mayol-montauban-ne-fait-pas-le-poids-face-a-toulon-13081646.php\" target=\"_blank\" rel=\"noopener\">Top 14\u00a0: \u00e0 Mayol, Montauban ne fait pas le poids face \u00e0 Toulon<\/a>\n    <\/p>\n<p>Apr\u00e8s une perc\u00e9e de Maxime Mathy, il est \u00e0 la conclusion d\u2019un beau mouvement collectif des Sapiacains. Surtout, il a cr\u00e9\u00e9 un d\u00e9calage dans le couloir des 5 m\u00e8tres par une passe au contact de funambule pour Vici. L\u2019ailier n\u2019a plus eu qu\u2019\u00e0 cadrer l\u2019arri\u00e8re adverse pour envoyer Paul Vall\u00e9e \u00e0 l\u2019essai (47-21, 56e).<\/p>\n<p>Vaea Fifita \u00e0 une main<\/p>\n<p>Et m\u00eame lorsque le RCT a d\u00e9cid\u00e9 de remettre le pied sur l\u2019acc\u00e9l\u00e9rateur gr\u00e2ce \u00e0 son meilleur joueur, <a href=\"https:\/\/www.ladepeche.fr\/2025\/07\/31\/apres-avoir-porte-le-maillot-des-all-blacks-javais-un-autre-reve-jouer-en-top-14-confie-vaea-fifita-recrue-phare-de-lus-montauban-12853967.php\" target=\"_self\" rel=\"noopener\">Vaea Fifita<\/a> a montr\u00e9 que ses mouvements de classe n\u2019\u00e9taient pas r\u00e9serv\u00e9s qu\u2019aux vid\u00e9os r\u00e9capitulant ses meilleures actions lorsqu\u2019il \u00e9tait sous le maillot des All Blacks\u2026 avant le Covid.<\/p>\n<p>        <img decoding=\"async\" class=\"std-img__img responsive-img\" src=\"https:\/\/www.europesays.com\/fr\/wp-content\/uploads\/2025\/11\/1764490878_811_image.jpg\" alt=\"Vaea Fifita, ballon \u00e0 une main, s\u2019est jou\u00e9 de la d\u00e9fense varoise en fin de match.\"\/><\/p>\n<p>                Vaea Fifita, ballon \u00e0 une main, s\u2019est jou\u00e9 de la d\u00e9fense varoise en fin de match.<br \/>\n                                    DDM &#8211; MANU MASSIP<\/p>\n<p>Le troisi\u00e8me ligne, balle \u00e0 une main tel un joueur de rugby \u00e0 VII \u2013 c\u2019\u00e9tait le th\u00e8me hier \u2013, s\u2019est amus\u00e9 des d\u00e9fenseurs toulonnais apr\u00e8s des interventions de Kyllian Ringuet et Baptiste Mouchous.<\/p>\n<p>Les blessures de Fortunel et Lezana<\/p>\n<p>En conf\u00e9rence de presse d\u2019apr\u00e8s-match, S\u00e9bastien Tillous-Borde a lou\u00e9 l\u2019engagement de ses hommes, certes moins puissants physiquement, malgr\u00e9 la prestation de Nafi Ma\u2019afu qui a beaucoup ferraill\u00e9 hier ou une paire de Maxime au centre (Mathy-Espeut) qui ne se sont jamais \u00e9chapp\u00e9s.<\/p>\n<p class=\"std-elt__inline\">\n        <strong>\u00c0 lire aussi :<\/strong><br \/>\n        <a href=\"https:\/\/www.ladepeche.fr\/2025\/11\/29\/top-14-la-belle-ovation-du-stade-mayol-pour-le-retour-de-sebastien-tillous-borde-avec-montauban-13081439.php\" target=\"_blank\" rel=\"noopener\">Top 14\u00a0: la belle ovation du stade Mayol de Toulon pour le retour de S\u00e9bastien Tillous-Borde avec Montauban<\/a>\n    <\/p>\n<p>Une ombre de taille reste n\u00e9anmoins \u00e0 noter au tableau\u00a0: la perte de deux joueurs qui avaient beaucoup \u00e0 prouver hier soir. Malheureusement, <a href=\"https:\/\/www.ladepeche.fr\/2025\/11\/29\/top-14-le-sort-sacharne-sur-thomas-fortunel-louvreur-de-montauban-sorti-apres-25-minutes-de-jeu-contre-toulon-13081503.php\" target=\"_self\" rel=\"noopener\">Thomas Fortunel (c\u00f4tes)<\/a> et Tomas Lezana (mollet) ont d\u00fb sortir pr\u00e9cipitamment.<\/p>\n<p class=\"std-elt__inline\">\n        <strong>\u00c0 lire aussi :<\/strong><br \/>\n        <a href=\"https:\/\/www.ladepeche.fr\/2025\/11\/29\/info-la-depeche-un-nouveau-cadre-de-lus-montauban-signe-un-bail-longue-duree-avec-le-club-tarn-et-garonnais-13080025.php\" target=\"_blank\" rel=\"noopener\">INFO LA DEPECHE. Un nouveau cadre de l\u2019US Montauban signe un bail longue dur\u00e9e avec le club tarn-et-garonnais<\/a>\n    <\/p>\n<p>Si en troisi\u00e8me ligne, le r\u00e9servoir est relativement important, le poste d\u2019ouvreur est moins fourni. Seuls J\u00e9r\u00f4me Bosviel et <a href=\"https:\/\/www.ladepeche.fr\/2025\/10\/22\/rugby-a-7-un-accelerateur-dans-leur-carriere-deux-joueurs-de-lus-montauban-appeles-en-equipe-de-france-13007473.php\" target=\"_self\" rel=\"noopener\">Merlin Leflamand<\/a> (s\u00e9lectionn\u00e9 \u00e0 Duba\u00ef pour le circuit mondial de rugby \u00e0 VII) sont des ouvreurs de m\u00e9tier. <a href=\"https:\/\/www.ladepeche.fr\/2025\/10\/30\/entretien-a-vic-jai-vecu-mes-meilleures-annees-le-vicquois-baptiste-mouchous-qui-vient-de-prolonger-jusquen-2029-a-montauban-revient-sur-son-parcours-13023874.php\" target=\"_self\" rel=\"noopener\">Baptiste Mouchous<\/a>, joueur le plus usit\u00e9 cette saison, risque bien de devoir encore d\u00e9panner\u2026<\/p>\n","protected":false},"excerpt":{"rendered":"l&rsquo;essentiel Compl\u00e8tement d\u00e9pass\u00e9s samedi 22\u00a0novembre 2025 contre Toulouse \u00e0 domicile (7-49), les joueurs de l\u2019US Montauban ont \u00e9t\u00e9&hellip;\n","protected":false},"author":2,"featured_media":568426,"comment_status":"","ping_status":"","sticky":false,"template":"","format":"standard","meta":{"footnotes":""},"categories":[9619],"tags":[1111,11,1777,674,1011,27,12,882,25,2310],"class_list":{"0":"post-568425","1":"post","2":"type-post","3":"status-publish","4":"format-standard","5":"has-post-thumbnail","7":"category-toulon","8":"tag-actu","9":"tag-actualites","10":"tag-eu","11":"tag-europe","12":"tag-fr","13":"tag-france","14":"tag-news","15":"tag-provence-alpes-cote-dazur","16":"tag-republique-francaise","17":"tag-toulon"},"share_on_mastodon":{"url":"https:\/\/pubeurope.com\/@fr\/115637682579349690","error":""},"_links":{"self":[{"href":"https:\/\/www.europesays.com\/fr\/wp-json\/wp\/v2\/posts\/568425","targetHints":{"allow":["GET"]}}],"collection":[{"href":"https:\/\/www.europesays.com\/fr\/wp-json\/wp\/v2\/posts"}],"about":[{"href":"https:\/\/www.europesays.com\/fr\/wp-json\/wp\/v2\/types\/post"}],"author":[{"embeddable":true,"href":"https:\/\/www.europesays.com\/fr\/wp-json\/wp\/v2\/users\/2"}],"replies":[{"embeddable":true,"href":"https:\/\/www.europesays.com\/fr\/wp-json\/wp\/v2\/comments?post=568425"}],"version-history":[{"count":0,"href":"https:\/\/www.europesays.com\/fr\/wp-json\/wp\/v2\/posts\/568425\/revisions"}],"wp:featuredmedia":[{"embeddable":true,"href":"https:\/\/www.europesays.com\/fr\/wp-json\/wp\/v2\/media\/568426"}],"wp:attachment":[{"href":"https:\/\/www.europesays.com\/fr\/wp-json\/wp\/v2\/media?parent=568425"}],"wp:term":[{"taxonomy":"category","embeddable":true,"href":"https:\/\/www.europesays.com\/fr\/wp-json\/wp\/v2\/categories?post=568425"},{"taxonomy":"post_tag","embeddable":true,"href":"https:\/\/www.europesays.com\/fr\/wp-json\/wp\/v2\/tags?post=568425"}],"curies":[{"name":"wp","href":"https:\/\/api.w.org\/{rel}","templated":true}]}}