{"id":568437,"date":"2025-11-30T08:30:20","date_gmt":"2025-11-30T08:30:20","guid":{"rendered":"https:\/\/www.europesays.com\/fr\/568437\/"},"modified":"2025-11-30T08:30:20","modified_gmt":"2025-11-30T08:30:20","slug":"deux-clandestins-pris-en-flagrant-delit-dagression-sexuelle-dans-un-centre-commercial","status":"publish","type":"post","link":"https:\/\/www.europesays.com\/fr\/568437\/","title":{"rendered":"deux clandestins pris en flagrant d\u00e9lit d&rsquo;agression sexuelle dans un centre commercial"},"content":{"rendered":"<p>            <img decoding=\"async\" alt=\"Les auteurs ne font pas l\u2019objet de poursuites judiciaires.\" src=\"https:\/\/www.europesays.com\/fr\/wp-content\/uploads\/2025\/11\/000_82z23we-2.jpg\" width=\"375\" height=\"250\" loading=\"lazy\"\/><\/p>\n<p>\n    Les auteurs ne font pas l\u2019objet de poursuites judiciaires.<\/p>\n<p>                AFP<br \/>\n                                        \/<br \/>\n                                                    \u00a9 Julie SEBADELHA<\/p>\n<p>Pris sur le fait. Deux hommes en situation irr\u00e9guli\u00e8re ont \u00e9t\u00e9 interpell\u00e9s vendredi\u00a028\u00a0novembre au centre commercial Alma, \u00e0 <a href=\"https:\/\/www.lejdd.fr\/Societe\/rennes-le-detenu-evade-lors-dune-sortie-au-planetarium-retrouve-dans-un-camp-de-gens-du-voyage-164462\" target=\"_blank\" rel=\"noopener\">Rennes<\/a>, surpris en train de commettre des attouchements sur plusieurs femmes, rapporte<a href=\"https:\/\/www.ouest-france.fr\/faits-divers\/agression\/a-rennes-deux-hommes-interpelles-apres-avoir-agresse-sexuellement-des-vendeuses-au-centre-alma-22a040a6-cd41-11f0-82ad-c76f6b87fd49?utm_content=photo&amp;utm_term=OuestFranceRennes&amp;utm_campaign=facebook&amp;utm_source=nonli&amp;utm_medium=Social\" target=\"_blank\" rel=\"noopener\"> Ouest-France<\/a>.<\/p>\n<p>Aux alentours de 13\u00a0heures, la police est intervenue apr\u00e8s un signalement indiquant que deux hommes touchaient les fesses des vendeuses dans une boutique de v\u00eatements. Les auteurs ont \u00e9t\u00e9 interpell\u00e9s et plac\u00e9s en garde \u00e0 vue pendant 24\u00a0heures, avant d\u2019\u00eatre rel\u00e2ch\u00e9s ce samedi. L\u2019un d\u2019eux, \u00e2g\u00e9 de 28\u00a0ans, demeure assign\u00e9 \u00e0 r\u00e9sidence. Aucun ne fait, pour l\u2019heure, l\u2019objet de poursuites p\u00e9nales.<\/p>\n<p>    La suite apr\u00e8s cette publicit\u00e9<\/p>\n<p>Cette affaire d\u2019agression sexuelle \u00e0 Rennes survient deux semaines apr\u00e8s qu\u2019un automobiliste a tent\u00e9 de violer une cycliste dans la m\u00eame ville. Un homme \u00e0 bord d\u2019une voiture avait renvers\u00e9 volontairement une femme \u00e0 v\u00e9lo. L\u2019individu, \u00e2g\u00e9 de 33\u00a0ans, s\u2019\u00e9tait ensuite stationn\u00e9 sur le bas-c\u00f4t\u00e9 de la route avant d\u2019essayer d\u2019agresser sexuellement la victime en pleine rue. Alert\u00e9e, la police \u00e9tait rapidement intervenue et avait interpell\u00e9 l\u2019auteur des faits avant qu\u2019il ne parvienne \u00e0 ses fins.<\/p>\n","protected":false},"excerpt":{"rendered":"Les auteurs ne font pas l\u2019objet de poursuites judiciaires. AFP \/ \u00a9 Julie SEBADELHA Pris sur le fait.&hellip;\n","protected":false},"author":2,"featured_media":568438,"comment_status":"","ping_status":"","sticky":false,"template":"","format":"standard","meta":{"footnotes":""},"categories":[2821],"tags":[1111,11,829,1777,674,1011,27,12,584,25],"class_list":{"0":"post-568437","1":"post","2":"type-post","3":"status-publish","4":"format-standard","5":"has-post-thumbnail","7":"category-rennes","8":"tag-actu","9":"tag-actualites","10":"tag-bretagne","11":"tag-eu","12":"tag-europe","13":"tag-fr","14":"tag-france","15":"tag-news","16":"tag-rennes","17":"tag-republique-francaise"},"share_on_mastodon":{"url":"https:\/\/pubeurope.com\/@fr\/115637717906862478","error":""},"_links":{"self":[{"href":"https:\/\/www.europesays.com\/fr\/wp-json\/wp\/v2\/posts\/568437","targetHints":{"allow":["GET"]}}],"collection":[{"href":"https:\/\/www.europesays.com\/fr\/wp-json\/wp\/v2\/posts"}],"about":[{"href":"https:\/\/www.europesays.com\/fr\/wp-json\/wp\/v2\/types\/post"}],"author":[{"embeddable":true,"href":"https:\/\/www.europesays.com\/fr\/wp-json\/wp\/v2\/users\/2"}],"replies":[{"embeddable":true,"href":"https:\/\/www.europesays.com\/fr\/wp-json\/wp\/v2\/comments?post=568437"}],"version-history":[{"count":0,"href":"https:\/\/www.europesays.com\/fr\/wp-json\/wp\/v2\/posts\/568437\/revisions"}],"wp:featuredmedia":[{"embeddable":true,"href":"https:\/\/www.europesays.com\/fr\/wp-json\/wp\/v2\/media\/568438"}],"wp:attachment":[{"href":"https:\/\/www.europesays.com\/fr\/wp-json\/wp\/v2\/media?parent=568437"}],"wp:term":[{"taxonomy":"category","embeddable":true,"href":"https:\/\/www.europesays.com\/fr\/wp-json\/wp\/v2\/categories?post=568437"},{"taxonomy":"post_tag","embeddable":true,"href":"https:\/\/www.europesays.com\/fr\/wp-json\/wp\/v2\/tags?post=568437"}],"curies":[{"name":"wp","href":"https:\/\/api.w.org\/{rel}","templated":true}]}}