{"id":568439,"date":"2025-11-30T08:32:50","date_gmt":"2025-11-30T08:32:50","guid":{"rendered":"https:\/\/www.europesays.com\/fr\/568439\/"},"modified":"2025-11-30T08:32:50","modified_gmt":"2025-11-30T08:32:50","slug":"ces-hypermarches-auchan-vont-ouvrir-plusieurs-dimanches-avant-noel","status":"publish","type":"post","link":"https:\/\/www.europesays.com\/fr\/568439\/","title":{"rendered":"ces hypermarch\u00e9s Auchan vont ouvrir plusieurs dimanches avant No\u00ebl"},"content":{"rendered":"<p>                    Par<br \/>\n        <strong><br \/>\n            <a href=\"https:\/\/actu.fr\/auteur\/ivan-capecchi\" title=\"Consulter tous les articles de Ivan CAPECCHI\" target=\"_blank\" rel=\"noopener\">Ivan CAPECCHI<\/a><br \/>\n                    <\/strong><\/p>\n<p>        Publi\u00e9 le<\/p>\n<p>            27 nov. 2025 \u00e0 12h23        <\/p>\n<p>\u00c0 l\u2019approche des f\u00eates, plusieurs hypermarch\u00e9s <a href=\"https:\/\/actu.fr\/tag\/auchan\" target=\"_blank\" rel=\"noopener\">Auchan<\/a> de l\u2019agglom\u00e9ration strasbourgeoise ouvriront exceptionnellement certains dimanches.<\/p>\n<p>Ouverture des Auchan le dimanche : voici les horaires<\/p>\n<p class=\" wall-content\"><a href=\"https:\/\/actu.fr\/grand-est\/illkirch-graffenstaden_67218\/auchan-hypermarche-illkirch-de-nombreux-changements-prevus-jusqu-en-septembre-voici-lesquels_63024041.html\" target=\"_blank\" rel=\"noopener\">Auchan Hypermarch\u00e9 Illkirch<\/a> et <a href=\"https:\/\/actu.fr\/grand-est\/strasbourg_67482\/pourquoi-auchan-strasbourg-a-suspendu-les-heures-calmes-destinees-a-ses-clients-hypersensoriels_62171986.html\" target=\"_blank\" rel=\"noopener\">Auchan Hypermarch\u00e9 Strasbourg<\/a> vont ouvrir exceptionnellement leurs portes <strong>quatre dimanches avant No\u00ebl<\/strong>.<\/p>\n<p class=\" wall-content\"><strong>Dimanche 30 novembre<\/strong> et <strong>dimanche 7 d\u00e9cembre<\/strong>, ils n\u2019ouvriront qu\u2019en apr\u00e8s-midi : <strong>de 13h30 \u00e0 18h30<\/strong>.<\/p>\n<p class=\" wall-content\">Les <strong>dimanches 14<\/strong> et <strong>21 d\u00e9cembre<\/strong>, les hypermarch\u00e9s Auchan seront ouverts<strong> de 10h \u00e0 18h30<\/strong>.<\/p>\n<p>Tous les commerces strasbourgeois autoris\u00e9s \u00e0 ouvrir aux m\u00eames dates<\/p>\n<p class=\" wall-content\">Pour rappel, cela est permis gr\u00e2ce \u00e0 la publication d\u2019un <a href=\"https:\/\/www.bas-rhin.gouv.fr\/Actions-de-l-Etat\/Entreprises-economie-et-finances-publiques\/Ouverture-des-commerces-les-dimanches-de-l-Avent\" target=\"_blank\" rel=\"noopener\">arr\u00eat\u00e9 pr\u00e9fectoral<\/a>.<\/p>\n<p class=\" wall-content\">Dans ce cadre, <a href=\"https:\/\/actu.fr\/grand-est\/strasbourg_67482\/strasbourg-les-commerces-autorises-a-ouvrir-plusieurs-dimanches-avant-noel-voici-le-detail_63401830.html\" target=\"_blank\" rel=\"noopener\">tous les\u00a0commerces de d\u00e9tail strasbourgeois<\/a> qui le souhaitent sont autoris\u00e9s \u00e0 ouvrir \u00e0 ces m\u00eames dates.\u00a0<\/p>\n<p class=\" wall-content\">Personnalisez votre actualit\u00e9 en ajoutant vos villes et m\u00e9dias en favori avec <a href=\"https:\/\/moncompte.actu.fr\" title=\"D\u00e9couvez Mon Actu\" rel=\"nofollow noopener\" data-trk=\"{&quot;cta&quot;:{&quot;action&quot;:&quot;https:\\\/\\\/moncompte.actu.fr&quot;,&quot;category&quot;:&quot;mon compte&quot;,&quot;from&quot;:&quot;article footer&quot;,&quot;name&quot;:&quot;Mon actu&quot;,&quot;type&quot;:&quot;cta&quot;}}\" target=\"_blank\">Mon Actu<\/a>.<\/p>\n","protected":false},"excerpt":{"rendered":"Par Ivan CAPECCHI Publi\u00e9 le 27 nov. 2025 \u00e0 12h23 \u00c0 l\u2019approche des f\u00eates, plusieurs hypermarch\u00e9s Auchan de&hellip;\n","protected":false},"author":2,"featured_media":568440,"comment_status":"","ping_status":"","sticky":false,"template":"","format":"standard","meta":{"footnotes":""},"categories":[2820],"tags":[1111,11,14474,130,1777,674,1011,27,775,12,15830,25,104,640],"class_list":{"0":"post-568439","1":"post","2":"type-post","3":"status-publish","4":"format-standard","5":"has-post-thumbnail","7":"category-strasbourg","8":"tag-actu","9":"tag-actualites","10":"tag-auchan","11":"tag-consommation","12":"tag-eu","13":"tag-europe","14":"tag-fr","15":"tag-france","16":"tag-grand-est","17":"tag-news","18":"tag-noel","19":"tag-republique-francaise","20":"tag-societe","21":"tag-strasbourg"},"share_on_mastodon":{"url":"https:\/\/pubeurope.com\/@fr\/115637728239186086","error":""},"_links":{"self":[{"href":"https:\/\/www.europesays.com\/fr\/wp-json\/wp\/v2\/posts\/568439","targetHints":{"allow":["GET"]}}],"collection":[{"href":"https:\/\/www.europesays.com\/fr\/wp-json\/wp\/v2\/posts"}],"about":[{"href":"https:\/\/www.europesays.com\/fr\/wp-json\/wp\/v2\/types\/post"}],"author":[{"embeddable":true,"href":"https:\/\/www.europesays.com\/fr\/wp-json\/wp\/v2\/users\/2"}],"replies":[{"embeddable":true,"href":"https:\/\/www.europesays.com\/fr\/wp-json\/wp\/v2\/comments?post=568439"}],"version-history":[{"count":0,"href":"https:\/\/www.europesays.com\/fr\/wp-json\/wp\/v2\/posts\/568439\/revisions"}],"wp:featuredmedia":[{"embeddable":true,"href":"https:\/\/www.europesays.com\/fr\/wp-json\/wp\/v2\/media\/568440"}],"wp:attachment":[{"href":"https:\/\/www.europesays.com\/fr\/wp-json\/wp\/v2\/media?parent=568439"}],"wp:term":[{"taxonomy":"category","embeddable":true,"href":"https:\/\/www.europesays.com\/fr\/wp-json\/wp\/v2\/categories?post=568439"},{"taxonomy":"post_tag","embeddable":true,"href":"https:\/\/www.europesays.com\/fr\/wp-json\/wp\/v2\/tags?post=568439"}],"curies":[{"name":"wp","href":"https:\/\/api.w.org\/{rel}","templated":true}]}}