{"id":568443,"date":"2025-11-30T08:35:12","date_gmt":"2025-11-30T08:35:12","guid":{"rendered":"https:\/\/www.europesays.com\/fr\/568443\/"},"modified":"2025-11-30T08:35:12","modified_gmt":"2025-11-30T08:35:12","slug":"on-va-vous-faire-une-pub-denfer-un-ministre-en-renfort-a-nice-pour-la-grande-collecte-de-la-banque-alimentaire","status":"publish","type":"post","link":"https:\/\/www.europesays.com\/fr\/568443\/","title":{"rendered":"\u00ab On va vous faire une pub d\u2019enfer ! \u00bb Un ministre en renfort \u00e0 Nice pour la grande collecte de la Banque alimentaire"},"content":{"rendered":"<p class=\"fs-5 \">Conserves, plats cuisin\u00e9s, dentifrice, serviettes hygi\u00e9niques&#8230; Un ministre passe \u00e0 la caisse de Carrefour Lingosti\u00e8re, ce samedi midi \u00e0 Nice. Il n\u2019est pas venu faire ses emplettes, mais montrer l\u2019exemple. Le Cannettan Philippe Tabarot joue presque \u00e0 domicile. Et il sait combien l\u2019enjeu est grand pour la cause qu\u2019il est venu d\u00e9fendre : la Banque alimentaire.<\/p>\n<p class=\"fs-5 \">\u00ab On va vous faire une pub d\u2019enfer ce week-end ! \u00bb Le ministre des Transports l\u2019avait promis aux b\u00e9n\u00e9voles dans la matin\u00e9e. Philippe Tabarot joint les actes \u00e0 la parole. Comme il l\u2019a fait vis-\u00e0-vis de Tony Amato, le pr\u00e9sident de la Banque alimentaire des Alpes-Maritimes. Les deux hommes se sont crois\u00e9s un mois plus t\u00f4t \u00e0 bord d\u2019un avion. L\u2019invitation a \u00e9t\u00e9 lanc\u00e9e. Et honor\u00e9e.<\/p>\n<p class=\"fs-5 \">Le ministre en est conscient : \u00ab C\u2019est le week-end le plus important de l\u2019ann\u00e9e pour la Banque alimentaire \u00bb. Ces deux derniers jours sur la C\u00f4te d\u2019Azur, et encore ce dimanche \u00e0 travers la France, c\u2019est l\u2019heure de la grande collecte nationale. Cet acteur majeur de la solidarit\u00e9 joue sa saison, et avec lui, la centaine d\u2019associations qu\u2019il alimente sur la C\u00f4te d\u2019Azur. Pr\u00e8s de 144 tonnes de denr\u00e9es y avaient \u00e9t\u00e9 collect\u00e9es en 2024 (+3,60%). L\u2019objectif est de faire au moins aussi bien, alors que les besoins, eux, vont grandissant.<\/p>\n<p>                                                                                Ballet de poids lourds<\/p>\n<p class=\"fs-5 \">Ce week-end, 1500 b\u00e9n\u00e9voles se sont d\u00e9ploy\u00e9s de Mandelieu \u00e0 Menton pour contribuer \u00e0 la grande collecte \u00e0 laquelle participent 83 magasins. \u00ab La collecte va \u00eatre tri\u00e9e pendant les mois qui viennent. Les produits secs seront pr\u00e9par\u00e9s sous forme de commande, dans la mesure du possible et des stocks. Et les associations viendront les chercher du lundi au vendredi \u00bb, explique Charl\u00e8ne Lain\u00e9.<\/p>\n<p class=\"fs-5 \">La directrice de la Banque alimentaire 06 fait visiter \u00e0 Philippe Tabarot l\u2019imposant entrep\u00f4t de 1500 m2 o\u00f9 s\u2019activent les gilets orange. \u00ab L\u00e0, c\u2019est calme. Mais si vous \u00e9tiez venu il y a une heure, c\u2019\u00e9tait la folie ! \u00bb Un ballet de poids lourds rythme le week-end, permettant de reconstituer les stocks. \u00e0 l\u2019image de ce fourgon de l\u2019Arm\u00e9e du salut qui d\u00e9charge les fruits de la g\u00e9n\u00e9rosit\u00e9 citoyenne.<\/p>\n<p class=\"fs-5 \">Voil\u00e0 pourquoi Philippe Tabarot, au-del\u00e0 de leurs attaches communes au Cannet-Rocheville, a r\u00e9pondu \u00e0 l\u2019appel de Tony Amato. Un ministre des Transports sur le terrain solidaire ? \u00ab Ce n\u2019est pas du tout incongru, justifie le pr\u00e9sident b\u00e9n\u00e9vole. Dans notre activit\u00e9, la facette des transports est m\u00e9connue. Mais en l\u2019espace d\u2019un an, nous avons transport\u00e9 1 000 tonnes. \u00e7 a fait 2 000 palettes. 60 semi-remorques. Et c\u2019est deux fois notre entrep\u00f4t ! \u00bb<\/p>\n<p>                                                                                \u00ab Ils sont souvent dans l\u2019ombre mais ils font beaucoup \u00bb<\/p>\n<p class=\"fs-5 \">Ce coup de projecteur minist\u00e9riel est l\u2019occasion de remercier les b\u00e9n\u00e9voles. Mais aussi les m\u00e9c\u00e8nes, notamment les acteurs du transport et de la logistique mobilis\u00e9s \u00e0 leurs c\u00f4t\u00e9s.<\/p>\n<p class=\"fs-5 \">C\u2019est le cas de Franck Cannata. Ici, le pr\u00e9sident de l\u2019UPE 06 et de la FNTR (F\u00e9d\u00e9ration nationale des transports routiers) 06-83 vient d\u2019abord en tant que fondateur de Transcan \u00e0 Carros. \u00ab On a prouv\u00e9 que le tissu \u00e9conomique \u00e9tait mobilis\u00e9 autour de cette belle cause. \u00bb Objectif : \u00ab Accompagner les autres dans une p\u00e9riode qui n\u2019est pas \u00e9vidente, surtout \u00e0 l\u2019approche des f\u00eates \u00bb.<\/p>\n<p class=\"fs-5 \">Gislain Baldisserri et Mathilde Bonnet ont, eux aussi, pr\u00eat\u00e9 main-forte \u00e0 la Banque alimentaire, avec leur soci\u00e9t\u00e9 laurentine Impact Publicit\u00e9. \u00ab On se retrouve dans ses valeurs. Ils font beaucoup de choses, mais sont souvent dans l\u2019ombre. \u00bb Confirmation de Jennifer Salles, l\u2019adjointe au maire de Nice d\u00e9l\u00e9gu\u00e9e aux seniors et aux solidarit\u00e9s : \u00ab Ce que vous faites n\u2019est pas visible, mais votre r\u00f4le est essentiel. \u00bb<\/p>\n<p>                                                                                \u00ab Le nombre de personnes aid\u00e9es ne tiendrait pas dans l\u2019Allianz Riviera \u00bb<\/p>\n<p class=\"fs-5 \">Philippe Tabarot confirme : \u00ab Vous \u00eates devenus indispensables. Nous l\u2019avons bien en t\u00eate. Cela fait peser sur vos \u00e9paules une responsabilit\u00e9 importante. Mais sachez que vous n\u2019\u00eates pas seuls. \u00bb En t\u00e9moigne le nombre de m\u00e9c\u00e8nes, pass\u00e9 de 22 \u00e0 61 sous la pr\u00e9sidence de Tony Amato, qui loue l\u2019effet d\u00e9multiplicateur de sa Banque : \u00ab Un euro d\u00e9pens\u00e9 permet d\u2019en redistribuer neuf ! \u00bb<\/p>\n<p class=\"fs-5 \">Un autre chiffre lui arrache un soupir : 10 %, comme l\u2019augmentation annuelle du nombre de b\u00e9n\u00e9ficiaires. Ils sont d\u00e9sormais 36 000. \u00ab Le nombre de personnes que la Banque alimentaire aide ne tiendrait pas dans l\u2019Allianz Riviera&#8230; \u00bb Voil\u00e0 pourquoi No\u00eblle Perna, marraine de la campagne, enfilera ses habits de Mado pour un gala caritatif \u00e0 l\u2019op\u00e9ra de Nice le 31 janvier prochain. Fa\u00e7on de soutenir \u00ab cette banque qui n\u2019est pas cot\u00e9e en bourse, mais dans les c\u0153urs \u00bb.<\/p>\n","protected":false},"excerpt":{"rendered":"Conserves, plats cuisin\u00e9s, dentifrice, serviettes hygi\u00e9niques&#8230; Un ministre passe \u00e0 la caisse de Carrefour Lingosti\u00e8re, ce samedi midi&hellip;\n","protected":false},"author":2,"featured_media":568444,"comment_status":"","ping_status":"","sticky":false,"template":"","format":"standard","meta":{"footnotes":""},"categories":[2819],"tags":[1111,11,1777,674,1011,27,12,2401,882,25],"class_list":{"0":"post-568443","1":"post","2":"type-post","3":"status-publish","4":"format-standard","5":"has-post-thumbnail","7":"category-nice","8":"tag-actu","9":"tag-actualites","10":"tag-eu","11":"tag-europe","12":"tag-fr","13":"tag-france","14":"tag-news","15":"tag-nice","16":"tag-provence-alpes-cote-dazur","17":"tag-republique-francaise"},"share_on_mastodon":{"url":"https:\/\/pubeurope.com\/@fr\/115637736176394906","error":""},"_links":{"self":[{"href":"https:\/\/www.europesays.com\/fr\/wp-json\/wp\/v2\/posts\/568443","targetHints":{"allow":["GET"]}}],"collection":[{"href":"https:\/\/www.europesays.com\/fr\/wp-json\/wp\/v2\/posts"}],"about":[{"href":"https:\/\/www.europesays.com\/fr\/wp-json\/wp\/v2\/types\/post"}],"author":[{"embeddable":true,"href":"https:\/\/www.europesays.com\/fr\/wp-json\/wp\/v2\/users\/2"}],"replies":[{"embeddable":true,"href":"https:\/\/www.europesays.com\/fr\/wp-json\/wp\/v2\/comments?post=568443"}],"version-history":[{"count":0,"href":"https:\/\/www.europesays.com\/fr\/wp-json\/wp\/v2\/posts\/568443\/revisions"}],"wp:featuredmedia":[{"embeddable":true,"href":"https:\/\/www.europesays.com\/fr\/wp-json\/wp\/v2\/media\/568444"}],"wp:attachment":[{"href":"https:\/\/www.europesays.com\/fr\/wp-json\/wp\/v2\/media?parent=568443"}],"wp:term":[{"taxonomy":"category","embeddable":true,"href":"https:\/\/www.europesays.com\/fr\/wp-json\/wp\/v2\/categories?post=568443"},{"taxonomy":"post_tag","embeddable":true,"href":"https:\/\/www.europesays.com\/fr\/wp-json\/wp\/v2\/tags?post=568443"}],"curies":[{"name":"wp","href":"https:\/\/api.w.org\/{rel}","templated":true}]}}