{"id":568447,"date":"2025-11-30T08:37:36","date_gmt":"2025-11-30T08:37:36","guid":{"rendered":"https:\/\/www.europesays.com\/fr\/568447\/"},"modified":"2025-11-30T08:37:36","modified_gmt":"2025-11-30T08:37:36","slug":"france-travail-organise-un-forum-pour-les-createurs-de-boites-a-nantes-2","status":"publish","type":"post","link":"https:\/\/www.europesays.com\/fr\/568447\/","title":{"rendered":"France travail organise un forum pour les cr\u00e9ateurs de bo\u00eetes \u00e0 Nantes"},"content":{"rendered":"<p>C\u2019est ouvert \u00e0 tous ceux qui r\u00eavent de se lancer ou qui, lass\u00e9s par des recherches d\u2019emploi infructueuses, s\u2019imaginent entrepreneurs. France travail organise, mardi 2\u00a0d\u00e9cembre, Restart, au village des solutions de l\u2019Afpa, \u00e0 Saint-Herblain. Le forum s\u2019adresse aux demandeurs d\u2019emploi, aux jeunes, aux d\u00e9butants, aux confirm\u00e9s, souligne France travail. \u00a0Un bus de l\u2019entrepreneuriat, pr\u00e9sent \u00e0 l\u2019entr\u00e9e du forum, permettra aux participants d\u2019\u00e9changer librement avec des experts et de b\u00e9n\u00e9ficier de conseils personnalis\u00e9s\u00a0\u00bb, ajoutent les organisateurs. Un atelier sur la responsabilit\u00e9 soci\u00e9tale et environnementale du chef d\u2019entreprise, anim\u00e9 par\u00a0Nantes m\u00e9tropole, sera accessible sur inscription.<\/p>\n<p>\u00a0<\/p>\n<p><strong>Mardi 2\u00a0d\u00e9cembre,<\/strong> \u00e0 9\u00a0h\u00a030, au 3, rue de la Rivaudi\u00e8re, \u00e0 Saint-Herblain (tram 1, arr\u00eat Fran\u00e7ois-Mitterrand, bus 93, arr\u00eat Rivaudi\u00e8re).<\/p>\n<p>\u00a0<\/p>\n","protected":false},"excerpt":{"rendered":"C\u2019est ouvert \u00e0 tous ceux qui r\u00eavent de se lancer ou qui, lass\u00e9s par des recherches d\u2019emploi infructueuses,&hellip;\n","protected":false},"author":2,"featured_media":566964,"comment_status":"","ping_status":"","sticky":false,"template":"","format":"standard","meta":{"footnotes":""},"categories":[2818],"tags":[1111,11,2364,14063,1777,674,5556,1011,27,766,12,9271,2636,25,3847],"class_list":{"0":"post-568447","1":"post","2":"type-post","3":"status-publish","4":"format-standard","5":"has-post-thumbnail","7":"category-nantes","8":"tag-actu","9":"tag-actualites","10":"tag-boites","11":"tag-createurs","12":"tag-eu","13":"tag-europe","14":"tag-forum","15":"tag-fr","16":"tag-france","17":"tag-nantes","18":"tag-news","19":"tag-organise","20":"tag-pays-de-la-loire","21":"tag-republique-francaise","22":"tag-travail"},"share_on_mastodon":{"url":"https:\/\/pubeurope.com\/@fr\/115637744035967121","error":""},"_links":{"self":[{"href":"https:\/\/www.europesays.com\/fr\/wp-json\/wp\/v2\/posts\/568447","targetHints":{"allow":["GET"]}}],"collection":[{"href":"https:\/\/www.europesays.com\/fr\/wp-json\/wp\/v2\/posts"}],"about":[{"href":"https:\/\/www.europesays.com\/fr\/wp-json\/wp\/v2\/types\/post"}],"author":[{"embeddable":true,"href":"https:\/\/www.europesays.com\/fr\/wp-json\/wp\/v2\/users\/2"}],"replies":[{"embeddable":true,"href":"https:\/\/www.europesays.com\/fr\/wp-json\/wp\/v2\/comments?post=568447"}],"version-history":[{"count":0,"href":"https:\/\/www.europesays.com\/fr\/wp-json\/wp\/v2\/posts\/568447\/revisions"}],"wp:featuredmedia":[{"embeddable":true,"href":"https:\/\/www.europesays.com\/fr\/wp-json\/wp\/v2\/media\/566964"}],"wp:attachment":[{"href":"https:\/\/www.europesays.com\/fr\/wp-json\/wp\/v2\/media?parent=568447"}],"wp:term":[{"taxonomy":"category","embeddable":true,"href":"https:\/\/www.europesays.com\/fr\/wp-json\/wp\/v2\/categories?post=568447"},{"taxonomy":"post_tag","embeddable":true,"href":"https:\/\/www.europesays.com\/fr\/wp-json\/wp\/v2\/tags?post=568447"}],"curies":[{"name":"wp","href":"https:\/\/api.w.org\/{rel}","templated":true}]}}