{"id":568448,"date":"2025-11-30T08:38:18","date_gmt":"2025-11-30T08:38:18","guid":{"rendered":"https:\/\/www.europesays.com\/fr\/568448\/"},"modified":"2025-11-30T08:38:18","modified_gmt":"2025-11-30T08:38:18","slug":"nantes-la-defense-a-trois-encore-maintenue","status":"publish","type":"post","link":"https:\/\/www.europesays.com\/fr\/568448\/","title":{"rendered":"Nantes : la d\u00e9fense \u00e0 trois encore maintenue ?"},"content":{"rendered":"<p>                            <img width=\"770\" height=\"433\" src=\"https:\/\/www.europesays.com\/fr\/wp-content\/uploads\/2025\/11\/AFP__20251127__86EW6JG__v1__HighRes__FblEurC3MaccabiLyon-770x433.jpg\" class=\"attachment-article size-article wp-post-image\" alt=\"Paulo Fonseca en discussion avec Pavel Sulc lors de Maccabi Tel Aviv - OL\" decoding=\"async\" fetchpriority=\"high\"  \/><\/p>\n<p>Paulo Fonseca en discussion avec Pavel Sulc lors de Maccabi Tel Aviv \u2013 OL (Photo by Oliver BUNIC \/ AFP)<\/p>\n<p>Utilis\u00e9e pour la premi\u00e8re fois face au Maccabi Tel Aviv, la d\u00e9fense \u00e0 trois centraux semble avoir convaincu Paulo Fonseca. L\u2019OL devrait de nouveau \u00e9voluer dans ce sch\u00e9ma ce dimanche contre Nantes.<\/p>\n<p>Il est un entra\u00eeneur qui a plut\u00f4t les id\u00e9es arr\u00eat\u00e9es. Depuis le d\u00e9but de sa carri\u00e8re, Paulo Fonseca est un entra\u00eeneur qui adore le 4-3-3 qui peut se transformer en 4-2-3-1, syst\u00e8me utilis\u00e9 depuis le d\u00e9but de la saison avec l\u2019OL. Seulement, face au\u00a0<strong>Maccabi Tel Aviv,<\/strong>\u00a0le Portugais a choisi d\u2019innover, surprenant ainsi la formation isra\u00e9lienne. Face \u00e0 la blessure de Clinton\u00a0<strong>Mata<\/strong>, l\u2019OL a \u00e9volu\u00e9 dans un 3-4-3 hybride avec le duo\u00a0<strong>Abner &#8211; Tagliafico<\/strong>\u00a0pour animer le couloir gauche.<\/p>\n<p>Une r\u00e9ussite, m\u00eame si l\u2019adversit\u00e9 tend \u00e0 relativiser ce coup d\u2019essai. L\u2019opposition du\u00a0<strong>FC Nantes<\/strong>\u00a0permettra-t-elle d\u2019en savoir un peu plus sur le bien-fond\u00e9 de cette tactique dans la capitale des Gaules ? Peut-\u00eatre bien puisque la formation rhodanienne devrait encore s\u2019avancer avec un syst\u00e8me \u00e0 trois centraux ce dimanche soir (20h45).<\/p>\n<p>La surprise Hateboer ?<\/p>\n<p>La triplette Tessmann &#8211; Niakhat\u00e9 &#8211; Tagliafico enchainerait ainsi une deuxi\u00e8me titularisation en deux matchs afin de pr\u00e9parer au mieux le d\u00e9part du S\u00e9n\u00e9galais et de\u00a0<strong>Mata<\/strong>\u00a0\u00e0 la CAN. \u00ab\u00a0Oui, c\u2019est aussi pour pr\u00e9parer la CAN. Avec l\u2019absence de Clinton, j\u2019ai pens\u00e9 \u00e0 des alternatives, et dans le futur avec la CAN, l\u2019absence de Moussa.\u00a0\u00bb\u00a0Avec ce syst\u00e8me \u00e0 trois centraux, l\u2019OL a\u00a0\u00ab\u00a0la possibilit\u00e9 de presser haut\u00a0\u00bb\u00a0et surtout de mettre des joueurs dans de meilleures dispositions.<\/p>\n<p><strong><a href=\"https:\/\/www.olympique-et-lyonnais.com\/abner-jai-trouve-un-environnement-parfait-a-lol,384072.html\" target=\"_blank\" rel=\"noopener\">Abner<\/a><\/strong>\u00a0se retrouve d\u00e9lest\u00e9 de certaines t\u00e2ches offensives, tandis que Pavel\u00a0<strong>Sulc<\/strong>\u00a0et Corentin\u00a0<strong>Tolisso<\/strong>\u00a0se retrouvent plus pr\u00e8s de Martin\u00a0<strong>Satriano<\/strong>\u00a0et surtout de la surface. Pourquoi donc changer ? Seule interrogation ce dimanche, le nom du piston droit. D&rsquo;apr\u00e8s L&rsquo;\u00c9quipe, Fonseca pourrait relancer Hans\u00a0<strong>Hateboer<\/strong>\u00a0malgr\u00e9 un manque de rythme certain, au d\u00e9triment d\u2019Ainsley\u00a0<strong>Maitland-Niles<\/strong>\u2026<\/p>\n<p><strong>La compo probable de l\u2019OL : <\/strong>Greif &#8211; Tessmann, Niakhat\u00e9, Tagliafico &#8211; Hateboer, De Carvalho, Morton, Abner &#8211; Sulc, Tolisso &#8211; Satriano<\/p>\n","protected":false},"excerpt":{"rendered":"Paulo Fonseca en discussion avec Pavel Sulc lors de Maccabi Tel Aviv \u2013 OL (Photo by Oliver BUNIC&hellip;\n","protected":false},"author":2,"featured_media":568449,"comment_status":"","ping_status":"","sticky":false,"template":"","format":"standard","meta":{"footnotes":""},"categories":[2818],"tags":[1111,11,1777,674,1011,27,66,766,12,241,978,2636,25],"class_list":{"0":"post-568448","1":"post","2":"type-post","3":"status-publish","4":"format-standard","5":"has-post-thumbnail","7":"category-nantes","8":"tag-actu","9":"tag-actualites","10":"tag-eu","11":"tag-europe","12":"tag-fr","13":"tag-france","14":"tag-ligue-1","15":"tag-nantes","16":"tag-news","17":"tag-ol","18":"tag-olympique-lyonnais","19":"tag-pays-de-la-loire","20":"tag-republique-francaise"},"share_on_mastodon":{"url":"https:\/\/pubeurope.com\/@fr\/115637749067012539","error":""},"_links":{"self":[{"href":"https:\/\/www.europesays.com\/fr\/wp-json\/wp\/v2\/posts\/568448","targetHints":{"allow":["GET"]}}],"collection":[{"href":"https:\/\/www.europesays.com\/fr\/wp-json\/wp\/v2\/posts"}],"about":[{"href":"https:\/\/www.europesays.com\/fr\/wp-json\/wp\/v2\/types\/post"}],"author":[{"embeddable":true,"href":"https:\/\/www.europesays.com\/fr\/wp-json\/wp\/v2\/users\/2"}],"replies":[{"embeddable":true,"href":"https:\/\/www.europesays.com\/fr\/wp-json\/wp\/v2\/comments?post=568448"}],"version-history":[{"count":0,"href":"https:\/\/www.europesays.com\/fr\/wp-json\/wp\/v2\/posts\/568448\/revisions"}],"wp:featuredmedia":[{"embeddable":true,"href":"https:\/\/www.europesays.com\/fr\/wp-json\/wp\/v2\/media\/568449"}],"wp:attachment":[{"href":"https:\/\/www.europesays.com\/fr\/wp-json\/wp\/v2\/media?parent=568448"}],"wp:term":[{"taxonomy":"category","embeddable":true,"href":"https:\/\/www.europesays.com\/fr\/wp-json\/wp\/v2\/categories?post=568448"},{"taxonomy":"post_tag","embeddable":true,"href":"https:\/\/www.europesays.com\/fr\/wp-json\/wp\/v2\/tags?post=568448"}],"curies":[{"name":"wp","href":"https:\/\/api.w.org\/{rel}","templated":true}]}}