{"id":568458,"date":"2025-11-30T08:44:10","date_gmt":"2025-11-30T08:44:10","guid":{"rendered":"https:\/\/www.europesays.com\/fr\/568458\/"},"modified":"2025-11-30T08:44:10","modified_gmt":"2025-11-30T08:44:10","slug":"un-calendrier-de-lavent-audio-dedie-aux-createurs-lillois","status":"publish","type":"post","link":"https:\/\/www.europesays.com\/fr\/568458\/","title":{"rendered":"un calendrier de l&rsquo;Avent audio d\u00e9di\u00e9 aux cr\u00e9ateurs lillois"},"content":{"rendered":"<p>                    Par<br \/>\n        <strong><br \/>\n            <a href=\"https:\/\/actu.fr\/auteur\/hervine-mahaud\" title=\"Consulter tous les articles de Hervine Mahaud\" target=\"_blank\" rel=\"noopener\">Hervine Mahaud<\/a><br \/>\n                    <\/strong><\/p>\n<p>        Publi\u00e9 le<\/p>\n<p>            30 nov. 2025 \u00e0 8h30        <\/p>\n<p>\u00c0 <a href=\"https:\/\/actu.fr\/lille\/\" target=\"_blank\" rel=\"noopener\">Lille<\/a>, d\u00e9cembre ne serait plus tout \u00e0 fait le m\u00eame sans <b>La Maison du P\u00e8re-Nolille<\/b>. Le <b>podcast<\/b> de No\u00ebl qui met en lumi\u00e8re les <b>commer\u00e7ants et cr\u00e9ateurs locaux<\/b> revient en 2025 pour une <b>\u00e9dition anniversaire<\/b>, c\u00e9l\u00e9brant cinq ann\u00e9es d\u2019histoires inspirantes, de surprises\u2026 et d\u2019esprit de No\u00ebl tr\u00e8s lillois. Du 1er au 24 d\u00e9cembre, d\u00e9couvrez l\u2019un d\u2019eux via les <b>plateformes d\u2019\u00e9coute<\/b> (Spotify, Apple Podcasts, Deezer\u2026).<\/p>\n<p>Un rendez-vous audio devenu incontournable<\/p>\n<p class=\" wall-content\">Chaque ann\u00e9e, du <b>1er au 24 d\u00e9cembre<\/b>, <a href=\"https:\/\/actu.fr\/hauts-de-france\/lille_59350\/pour-noel-ce-calendrier-de-lavent-inedit-met-en-avant-les-commerces-de-lille_60398630.html\" target=\"_blank\" rel=\"noopener\">La Maison du P\u00e8re-Nolille<\/a> d\u00e9voile son <b>calendrier de l\u2019Avent audio<\/b> : un \u00e9pisode par jour, joyeux et immersif, o\u00f9 un \u00ab\u00a0lutin\u00a0\u00bb (entrepreneur local) raconte son parcours, parle de ses produits, mais aussi d\u00e9voile le cadeau qu\u2019il offre aux auditeurs.<\/p>\n<p class=\" wall-content\"><a href=\"https:\/\/actu.fr\/hauts-de-france\/lille_59350\/un-calendrier-de-l-avent-avec-un-bon-plan-par-jour-chez-les-commercants-de-lille_37773501.html\" target=\"_blank\" rel=\"noopener\">Lanc\u00e9 en 2020, en pleine crise sanitaire<\/a>, le projet avait un objectif simple : <b>soutenir les petites entreprises locales<\/b> que les restrictions avaient fragilis\u00e9es. Cinq ans plus tard, il s\u2019est transform\u00e9 en un v\u00e9ritable <b>dispositif de communication<\/b> m\u00ealant podcast et mise en avant sur Instagram, tout en gardant la m\u00eame ambition : <b>faire briller l\u2019\u00e9conomie locale pendant les f\u00eates<\/b>.<\/p>\n<p>Une \u00e9dition anniversaire avec 24 nouveaux \u201clutins\u201d<\/p>\n<p class=\" wall-content\">Pour c\u00e9l\u00e9brer ses cinq ans, La Maison du P\u00e8re-Nolille va mettre en avant <b>24 nouvelles entreprises de la r\u00e9gion lilloise<\/b>, s\u00e9lectionn\u00e9es pour la qualit\u00e9 de leur travail. \u00c0 cette occasion,\u00a0<b>la communication a \u00e9t\u00e9 revisit\u00e9e.<\/b>\u00a0Elle sera encore plus immersive, pour une ambiance encore plus chaleureuse.<\/p>\n<p class=\" wall-content\">Cr\u00e9ateurs, artisans, commer\u00e7ants : cette nouvelle promotion de \u201clutins\u201d incarne la diversit\u00e9 et la vitalit\u00e9 du tissu entrepreneurial local. Un casting qui refl\u00e8te l\u2019\u00e2me de Lille : cr\u00e9ative, g\u00e9n\u00e9reuse et solidaire.<\/p>\n<p>Un projet local, ind\u00e9pendant\u2026 et tr\u00e8s suivi<\/p>\n<p class=\" wall-content\">Le podcast est cr\u00e9\u00e9, produit et anim\u00e9 par <b>\u00c9lise Bultez<\/b>, entrepreneure et podcasteuse lilloise. Un engagement fort, puisqu\u2019il s\u2019agit d\u2019un <b>projet totalement ind\u00e9pendant<\/b>, sans sponsor ni subvention, soutenu uniquement par les participants.<\/p>\n<p>Votre r\u00e9gion, votre actu !<\/p>\n<p>Recevez chaque jour les infos qui comptent pour vous.<\/p>\n<p>\t<a href=\"https:\/\/actu.fr\/newsletter\" class=\"ac-btn ac-btn--corner ac-btn--medium ac-btn--blue800\" target=\"_blank\" rel=\"noopener\">S&rsquo;incrire<\/a><\/p>\n<p class=\" wall-content\"><a href=\"https:\/\/www.instagram.com\/p\/DC12TrisUBa\/embed\" title=\"Ouvrir le lien sur Instagram\" target=\"_blank\" rel=\"noopener\">Visualiser le contenu sur Instagram<\/a><\/p>\n<p class=\" wall-content\">Et le public r\u00e9pond pr\u00e9sent : <b>plus de 30 000 \u00e9coutes cumul\u00e9es<\/b> sur les premi\u00e8res \u00e9ditions. Au fil des ann\u00e9es, La Maison du P\u00e8re-Nolille est m\u00eame devenue un <b>tremplin de visibilit\u00e9<\/b> pour les marques locales gr\u00e2ce \u00e0 cette mise en avant in\u00e9dite.<\/p>\n<p class=\" wall-content\">Un podcast \u00e0 \u00e9couter au casque, au chaud, pour pr\u00e9parer ses cadeaux de No\u00ebl locaux.<\/p>\n<p class=\" wall-content\">Personnalisez votre actualit\u00e9 en ajoutant vos villes et m\u00e9dias en favori avec <a href=\"https:\/\/moncompte.actu.fr\" title=\"D\u00e9couvez Mon Actu\" rel=\"nofollow noopener\" data-trk=\"{&quot;cta&quot;:{&quot;action&quot;:&quot;https:\\\/\\\/moncompte.actu.fr&quot;,&quot;category&quot;:&quot;mon compte&quot;,&quot;from&quot;:&quot;article footer&quot;,&quot;name&quot;:&quot;Mon actu&quot;,&quot;type&quot;:&quot;cta&quot;}}\" target=\"_blank\">Mon Actu<\/a>.<\/p>\n<p>                    <script async src=\"\/\/www.instagram.com\/embed.js\"><\/script><\/p>\n","protected":false},"excerpt":{"rendered":"Par Hervine Mahaud Publi\u00e9 le 30 nov. 2025 \u00e0 8h30 \u00c0 Lille, d\u00e9cembre ne serait plus tout \u00e0&hellip;\n","protected":false},"author":2,"featured_media":568459,"comment_status":"","ping_status":"","sticky":false,"template":"","format":"standard","meta":{"footnotes":""},"categories":[2815],"tags":[1111,11,1477,33,1777,674,1011,27,811,1307,12,15830,3725,25],"class_list":{"0":"post-568458","1":"post","2":"type-post","3":"status-publish","4":"format-standard","5":"has-post-thumbnail","7":"category-lille","8":"tag-actu","9":"tag-actualites","10":"tag-artisanat","11":"tag-economie","12":"tag-eu","13":"tag-europe","14":"tag-fr","15":"tag-france","16":"tag-hauts-de-france","17":"tag-lille","18":"tag-news","19":"tag-noel","20":"tag-podcast","21":"tag-republique-francaise"},"share_on_mastodon":{"url":"https:\/\/pubeurope.com\/@fr\/115637771610468258","error":""},"_links":{"self":[{"href":"https:\/\/www.europesays.com\/fr\/wp-json\/wp\/v2\/posts\/568458","targetHints":{"allow":["GET"]}}],"collection":[{"href":"https:\/\/www.europesays.com\/fr\/wp-json\/wp\/v2\/posts"}],"about":[{"href":"https:\/\/www.europesays.com\/fr\/wp-json\/wp\/v2\/types\/post"}],"author":[{"embeddable":true,"href":"https:\/\/www.europesays.com\/fr\/wp-json\/wp\/v2\/users\/2"}],"replies":[{"embeddable":true,"href":"https:\/\/www.europesays.com\/fr\/wp-json\/wp\/v2\/comments?post=568458"}],"version-history":[{"count":0,"href":"https:\/\/www.europesays.com\/fr\/wp-json\/wp\/v2\/posts\/568458\/revisions"}],"wp:featuredmedia":[{"embeddable":true,"href":"https:\/\/www.europesays.com\/fr\/wp-json\/wp\/v2\/media\/568459"}],"wp:attachment":[{"href":"https:\/\/www.europesays.com\/fr\/wp-json\/wp\/v2\/media?parent=568458"}],"wp:term":[{"taxonomy":"category","embeddable":true,"href":"https:\/\/www.europesays.com\/fr\/wp-json\/wp\/v2\/categories?post=568458"},{"taxonomy":"post_tag","embeddable":true,"href":"https:\/\/www.europesays.com\/fr\/wp-json\/wp\/v2\/tags?post=568458"}],"curies":[{"name":"wp","href":"https:\/\/api.w.org\/{rel}","templated":true}]}}