{"id":568460,"date":"2025-11-30T08:45:52","date_gmt":"2025-11-30T08:45:52","guid":{"rendered":"https:\/\/www.europesays.com\/fr\/568460\/"},"modified":"2025-11-30T08:45:52","modified_gmt":"2025-11-30T08:45:52","slug":"le-departement-detat-americain-suspend-la-delivrance-de-visas-aux-afghans-2","status":"publish","type":"post","link":"https:\/\/www.europesays.com\/fr\/568460\/","title":{"rendered":"Le d\u00e9partement d\u2019\u00c9tat am\u00e9ricain suspend la d\u00e9livrance de visas aux Afghans"},"content":{"rendered":"<p>L\u2019administration am\u00e9ricaine a ordonn\u00e9 vendredi 28\u00a0novembre \u00e0 ses diplomates dans le monde entier de cesser de traiter les demandes de visa des ressortissants afghans, selon un c\u00e2ble du d\u00e9partement d\u2019\u00c9tat consult\u00e9 par Reuters.<\/p>\n<p>Cette d\u00e9cision suspend de fait le programme d\u2019immigration connu sous le nom d\u2019op\u00e9ration<strong> \u00ab\u00a0Allies Welcome\u00a0\u00bb<\/strong> et mis en place par Joe Biden afin de permettre \u00e0 des milliers d\u2019Afghans ayant aid\u00e9 les forces am\u00e9ricaines lors de la guerre d\u2019Afghanistan de s\u2019\u00e9tablir aux \u00c9tats-Unis.<\/p>\n<p>Le c\u00e2ble, envoy\u00e9 \u00e0 tous les postes diplomatiques am\u00e9ricains vendredi, indique que les agents consulaires ont pour instruction de rejeter toute demande de visa \u00e9manant de ressortissants afghans, y compris ceux admissibles au programme d\u2019immigration sp\u00e9cial.<\/p>\n<p><strong>Lire aussi\u00a0:<\/strong> <a href=\"https:\/\/rennes.maville.com\/actu\/actudet_-fusillade-contre-des-militaires-pres-de-la-maison-blanche-qui-est-le-suspect-de-l-attaque-a-washington-_54135-7082954_actu.Htm\" target=\"_blank\" rel=\"noopener\">Fusillade contre des militaires pr\u00e8s de la Maison-Blanche\u00a0: qui est le suspect de l\u2019attaque \u00e0 Washington\u00a0?<\/a><\/p>\n<p>Fusillade \u00e0 Washington en cause<\/p>\n<p>Deux membres de la Garde nationale ont \u00e9t\u00e9 <a href=\"https:\/\/rennes.maville.com\/actu\/actudet_-fusillade-a-washington-qu-est-ce-que-l-unite-zero-proche-de-la-cia-dont-le-tireur-presume-etait-membre-_54135-7084954_actu.Htm\" target=\"_blank\" rel=\"noopener\">la cible mercredi d\u2019une fusillade<\/a> qui a \u00e9clat\u00e9 dans une zone tr\u00e8s fr\u00e9quent\u00e9e de Washington, la capitale f\u00e9d\u00e9rale des \u00c9tats-Unis. L\u2019une des membres de la Garde nationale gri\u00e8vement bless\u00e9s dans l\u2019attaque est ensuite d\u00e9c\u00e9d\u00e9e de ses blessures.<\/p>\n<p>Le tireur pr\u00e9sum\u00e9, identifi\u00e9 sous le nom de Rahmanullah Lakanwal, est arriv\u00e9 aux \u00c9tats-Unis en 2021 dans le cadre du programme <strong>\u00ab\u00a0Operation Allies Welcome\u00a0\u00bb<\/strong>. <strong>\u00ab\u00a0Le d\u00e9partement d\u2019\u00c9tat du pr\u00e9sident Trump a suspendu la d\u00e9livrance de visas pour TOUTES les personnes voyageant avec un passeport afghan\u00a0\u00bb<\/strong>, a d\u00e9clar\u00e9 le secr\u00e9taire d\u2019\u00c9tat Marco Rubio sur le r\u00e9seau social X.<\/p>\n<p>Les rendez-vous d\u00e9j\u00e0 programm\u00e9s pour les demandeurs afghans ne seront pas annul\u00e9s. Toutefois, lorsqu\u2019ils auront lieu, les agents consulaires devront refuser de leur d\u00e9livrer un visa, pr\u00e9cise le c\u00e2ble. Tous les visas valid\u00e9s qui n\u2019ont pas encore \u00e9t\u00e9 imprim\u00e9s doivent \u00eatre annul\u00e9s, tandis que les visas imprim\u00e9s doivent \u00eatre d\u00e9truits, a ajout\u00e9 le d\u00e9partement d\u2019\u00c9tat.<\/p>\n<p>Les services am\u00e9ricains avaient d\u00e9j\u00e0 interrompu le traitement des demandes de visa des ressortissants afghans pour une dur\u00e9e ind\u00e9termin\u00e9e en d\u00e9but de semaine.<\/p>\n<p>\u00a0<\/p>\n","protected":false},"excerpt":{"rendered":"L\u2019administration am\u00e9ricaine a ordonn\u00e9 vendredi 28\u00a0novembre \u00e0 ses diplomates dans le monde entier de cesser de traiter les&hellip;\n","protected":false},"author":2,"featured_media":568461,"comment_status":"","ping_status":"","sticky":false,"template":"","format":"standard","meta":{"footnotes":""},"categories":[2815],"tags":[1111,11,39289,7204,40794,9968,16309,1777,674,1011,27,811,1307,12,25,39258,2447],"class_list":{"0":"post-568460","1":"post","2":"type-post","3":"status-publish","4":"format-standard","5":"has-post-thumbnail","7":"category-lille","8":"tag-actu","9":"tag-actualites","10":"tag-afghans","11":"tag-americain","12":"tag-delivrance","13":"tag-departement","14":"tag-etat","15":"tag-eu","16":"tag-europe","17":"tag-fr","18":"tag-france","19":"tag-hauts-de-france","20":"tag-lille","21":"tag-news","22":"tag-republique-francaise","23":"tag-suspend","24":"tag-visas"},"share_on_mastodon":{"url":"https:\/\/pubeurope.com\/@fr\/115637779383754236","error":""},"_links":{"self":[{"href":"https:\/\/www.europesays.com\/fr\/wp-json\/wp\/v2\/posts\/568460","targetHints":{"allow":["GET"]}}],"collection":[{"href":"https:\/\/www.europesays.com\/fr\/wp-json\/wp\/v2\/posts"}],"about":[{"href":"https:\/\/www.europesays.com\/fr\/wp-json\/wp\/v2\/types\/post"}],"author":[{"embeddable":true,"href":"https:\/\/www.europesays.com\/fr\/wp-json\/wp\/v2\/users\/2"}],"replies":[{"embeddable":true,"href":"https:\/\/www.europesays.com\/fr\/wp-json\/wp\/v2\/comments?post=568460"}],"version-history":[{"count":0,"href":"https:\/\/www.europesays.com\/fr\/wp-json\/wp\/v2\/posts\/568460\/revisions"}],"wp:featuredmedia":[{"embeddable":true,"href":"https:\/\/www.europesays.com\/fr\/wp-json\/wp\/v2\/media\/568461"}],"wp:attachment":[{"href":"https:\/\/www.europesays.com\/fr\/wp-json\/wp\/v2\/media?parent=568460"}],"wp:term":[{"taxonomy":"category","embeddable":true,"href":"https:\/\/www.europesays.com\/fr\/wp-json\/wp\/v2\/categories?post=568460"},{"taxonomy":"post_tag","embeddable":true,"href":"https:\/\/www.europesays.com\/fr\/wp-json\/wp\/v2\/tags?post=568460"}],"curies":[{"name":"wp","href":"https:\/\/api.w.org\/{rel}","templated":true}]}}