{"id":568462,"date":"2025-11-30T08:47:15","date_gmt":"2025-11-30T08:47:15","guid":{"rendered":"https:\/\/www.europesays.com\/fr\/568462\/"},"modified":"2025-11-30T08:47:15","modified_gmt":"2025-11-30T08:47:15","slug":"lhistoire-dun-fort-militaire-du-xviie-siecle","status":"publish","type":"post","link":"https:\/\/www.europesays.com\/fr\/568462\/","title":{"rendered":"l\u2019histoire d\u2019un fort militaire du XVIIe\u00a0si\u00e8cle"},"content":{"rendered":"<p>Dans les ann\u00e9es\u00a01660, Marseille est la derni\u00e8re ville fran\u00e7aise \u00e0 d\u00e9fendre encore une part d\u2019ind\u00e9pendance face au pouvoir royal de Louis XIV. Pour affirmer son autorit\u00e9, le Roi Soleil d\u00e9p\u00eache 7\u00a0000 hommes, men\u00e9s par le duc de Merc\u0153ur, pour encercler la cit\u00e9 rebelle. Un peu plus d\u2019un mois apr\u00e8s l\u2019assaut, le roi fait une entr\u00e9e spectaculaire dans la ville, franchissant la br\u00e8che qu\u2019il a lui-m\u00eame ordonn\u00e9 d\u2019ouvrir dans les remparts.<\/p>\n<p>C\u2019est \u00e0 cette \u00e9poque que d\u00e9bute la construction de la <a href=\"https:\/\/www.laprovence.com\/article\/sortie-loisirs\/61549503548281\/le-site-du-commandement-de-la-marine-nationale-vue-imprenable-sur-le-passe-a-marseille\" target=\"_blank\" rel=\"noopener\">Citadelle, actuel Fort Saint-Nicolas<\/a>, command\u00e9e par le monarque pour surveiller Marseille et asseoir durablement sa domination. Son \u00e9dification est confi\u00e9e au <a href=\"https:\/\/www.laprovence.com\/article\/region\/2985860414314114\/les-forts-futurs-piliers-du-tourisme-quatre-saisons-dans-la-vallee-de-l-ubaye\" target=\"_blank\" rel=\"noopener\">chevalier de Clerville, puis Vauban<\/a> en rectifie les plans quelques ann\u00e9es plus tard. La place forte voit le jour en un temps record, \u00e9tant achev\u00e9e en\u00a01664 malgr\u00e9 les contraintes techniques du terrain.<\/p>\n<p>Un ouvrage pour le contr\u00f4le du peuple<\/p>\n<p>\u00c9rig\u00e9 \u00e0 l\u2019entr\u00e9e du Vieux-Port, taill\u00e9 dans la pierre ros\u00e9e de la Couronne de Martigues, le fort devient rapidement un symbole de la cit\u00e9 phoc\u00e9enne. Sur sa premi\u00e8re pierre, pos\u00e9e le 11\u00a0f\u00e9vrier\u00a01660, le roi grave son ambition\u00a0: \u00ab\u00a0De peur que la fid\u00e8le Marseille, trop souvent en proie aux criminelles agitations de quelques-uns, ne perd\u00eet enfin la ville et le royaume, par la fougue des plus hardis ou par une trop grande passion de la libert\u00e9, Louis XIV a pourvu, en construisant cette citadelle, \u00e0 la s\u00fbret\u00e9 des grands et du peuple\u2026\u00a0\u00bb. Ses meurtri\u00e8res et canonni\u00e8res, tourn\u00e9es vers la ville plut\u00f4t que la mer, rappellent encore sa vocation dissuasive et strat\u00e9gique d\u2019origine.<\/p>\n<p>Le fort assure, une bonne partie du XVIIIe\u00a0si\u00e8cle, une activit\u00e9 militaire. Con\u00e7u pour \u00eatre autonome, il sert de base strat\u00e9gique pour les soldats et abrite une prison, jusqu\u2019\u00e0 la R\u00e9volution fran\u00e7aise, qui marque \u00e0 jamais l\u2019histoire de ce lieu. La Citadelle, symboliquement compar\u00e9e \u00e0 la Bastille, \u00e0 Paris, devient le th\u00e9\u00e2tre de l\u2019assaut des r\u00e9volutionnaires dans la nuit du 29 au 30\u00a0avril\u00a01790.<\/p>\n<p>Apr\u00e8s cet \u00e9pisode, elle est livr\u00e9e \u00e0 la population, qui entreprend sa d\u00e9molition, ensuite confi\u00e9e \u00e0 des ouvriers carriers et ma\u00e7ons. Bien qu\u2019interrompue au bout d\u2019une dizaine de jours, ses d\u00e9g\u00e2ts, ainsi que ceux des pillages et de la d\u00e9t\u00e9rioration qui suivent, marquent la Citadelle durablement.<\/p>\n<p>De fort militaire \u00e0 espace culturel<\/p>\n<p>Un v\u00e9ritable plan de r\u00e9novation n\u2019est lanc\u00e9 qu\u2019en\u00a01818, ann\u00e9e o\u00f9 le fort prend le nom qu\u2019on lui conna\u00eet aujourd\u2019hui\u00a0: Fort Saint-Nicolas. Les travaux d\u00e9butent six ans plus tard, et, en\u00a01862, une importante transformation touche le fort. Il est d\u00e9sormais travers\u00e9 par l\u2019actuel boulevard Charles-Livon, reliant le Vieux-Port au quartier des Catalans. Scind\u00e9 en deux, le fort sup\u00e9rieur devient fort d\u2019Entrecasteaux, la partie basse fort Ganteaume, en hommage \u00e0 deux figures de la marine fran\u00e7aise.<\/p>\n<p>Le destin militaire du fort d\u2019Entrecasteaux se poursuit jusqu\u2019en\u00a02010. Il est essentiellement utilis\u00e9 comme prison, avant de jouer un r\u00f4le notable durant la Seconde Guerre mondiale comme lieu d\u2019internement ou champ d\u2019affrontement au moment de la Lib\u00e9ration. Par la suite, il devient tour \u00e0 tour centre d\u2019\u00e9coute, d\u00e9p\u00f4t d\u2019archives ou site de recherche, avant d\u2019\u00eatre confi\u00e9 \u00e0 la Ville de Marseille lorsque l\u2019arm\u00e9e fran\u00e7aise n\u2019en a plus l\u2019usage.<\/p>\n<p>Le fort d\u2019Entrecasteaux rena\u00eet aujourd\u2019hui gr\u00e2ce au travail du Groupe SOS, s\u2019\u00e9tant saisi du projet d\u2019ouverture au public, et des vingt ann\u00e9es de restauration men\u00e9es par Acta Vista et Bao Formations. La Citadelle &#8211; son nouveau nom &#8211; a ouvert le 4\u00a0mai\u00a02024 au public, apr\u00e8s 360\u00a0ans de fermeture, <a href=\"https:\/\/www.laprovence.com\/article\/culture-loisirs\/55979803928073\/salon-du-livre-metropolitain-un-voyage-au-dela-des-pages\" target=\"_blank\" rel=\"noopener\">devenant un espace culturel vivant<\/a>.<\/p>\n","protected":false},"excerpt":{"rendered":"Dans les ann\u00e9es\u00a01660, Marseille est la derni\u00e8re ville fran\u00e7aise \u00e0 d\u00e9fendre encore une part d\u2019ind\u00e9pendance face au pouvoir&hellip;\n","protected":false},"author":2,"featured_media":568463,"comment_status":"","ping_status":"","sticky":false,"template":"","format":"standard","meta":{"footnotes":""},"categories":[2814],"tags":[17,1111,11,4556,11911,4440,1777,674,1011,27,2831,884,12,882,48102,25,68358],"class_list":{"0":"post-568462","1":"post","2":"type-post","3":"status-publish","4":"format-standard","5":"has-post-thumbnail","7":"category-marseille","8":"tag-17","9":"tag-actu","10":"tag-actualites","11":"tag-citadelle","12":"tag-cite","13":"tag-dune","14":"tag-eu","15":"tag-europe","16":"tag-fr","17":"tag-france","18":"tag-loisirs-traditions","19":"tag-marseille","20":"tag-news","21":"tag-provence-alpes-cote-dazur","22":"tag-rebelle","23":"tag-republique-francaise","24":"tag-vestige"},"share_on_mastodon":{"url":"https:\/\/pubeurope.com\/@fr\/115637783466577480","error":""},"_links":{"self":[{"href":"https:\/\/www.europesays.com\/fr\/wp-json\/wp\/v2\/posts\/568462","targetHints":{"allow":["GET"]}}],"collection":[{"href":"https:\/\/www.europesays.com\/fr\/wp-json\/wp\/v2\/posts"}],"about":[{"href":"https:\/\/www.europesays.com\/fr\/wp-json\/wp\/v2\/types\/post"}],"author":[{"embeddable":true,"href":"https:\/\/www.europesays.com\/fr\/wp-json\/wp\/v2\/users\/2"}],"replies":[{"embeddable":true,"href":"https:\/\/www.europesays.com\/fr\/wp-json\/wp\/v2\/comments?post=568462"}],"version-history":[{"count":0,"href":"https:\/\/www.europesays.com\/fr\/wp-json\/wp\/v2\/posts\/568462\/revisions"}],"wp:featuredmedia":[{"embeddable":true,"href":"https:\/\/www.europesays.com\/fr\/wp-json\/wp\/v2\/media\/568463"}],"wp:attachment":[{"href":"https:\/\/www.europesays.com\/fr\/wp-json\/wp\/v2\/media?parent=568462"}],"wp:term":[{"taxonomy":"category","embeddable":true,"href":"https:\/\/www.europesays.com\/fr\/wp-json\/wp\/v2\/categories?post=568462"},{"taxonomy":"post_tag","embeddable":true,"href":"https:\/\/www.europesays.com\/fr\/wp-json\/wp\/v2\/tags?post=568462"}],"curies":[{"name":"wp","href":"https:\/\/api.w.org\/{rel}","templated":true}]}}