{"id":568466,"date":"2025-11-30T08:49:14","date_gmt":"2025-11-30T08:49:14","guid":{"rendered":"https:\/\/www.europesays.com\/fr\/568466\/"},"modified":"2025-11-30T08:49:14","modified_gmt":"2025-11-30T08:49:14","slug":"un-air-degrade-ce-dimanche","status":"publish","type":"post","link":"https:\/\/www.europesays.com\/fr\/568466\/","title":{"rendered":"un air d\u00e9grad\u00e9 ce dimanche"},"content":{"rendered":"<p class=\"content\" style=\"font-size:1.2em;font-weight:700\">La qualit\u00e9 de l&rsquo;air reste d\u00e9grad\u00e9e \u00e0 Lyon et dans une large partie de la m\u00e9tropole ce dimanche 30 novembre. Le vent attendu en fin de journ\u00e9e pourrait venir disperser les particules fines.<\/p>\n<p>L&rsquo;air reste d\u00e9grad\u00e9 ce dimanche 30 novembre \u00e0 Lyon et dans toute l&rsquo;agglom\u00e9ration lyonnaise. Ce dimanche, Atmo, l&rsquo;observatoire de la qualit\u00e9 de l&rsquo;air en Auvergne-Rh\u00f4ne-Alpes, annonce m\u00eame que l&rsquo;air sera mauvais du pont Wilson jusqu&rsquo;\u00e0 la gare SNCF Part-Dieu, ainsi qu&rsquo;au niveau de la gare Perrache et de la M6.<\/p>\n<p>Le vent, allant jusqu&rsquo;\u00e0 10 km\/h au plus fort de la journ\u00e9e, devrait favoriser la dispersion des particules fines. La concentration de l&rsquo;ozone et du dioxyde de soufre reste bonne et celle du dioxyde d&rsquo;azote reste quant \u00e0 elle moyenne.<\/p>\n","protected":false},"excerpt":{"rendered":"La qualit\u00e9 de l&rsquo;air reste d\u00e9grad\u00e9e \u00e0 Lyon et dans une large partie de la m\u00e9tropole ce dimanche&hellip;\n","protected":false},"author":2,"featured_media":438165,"comment_status":"","ping_status":"","sticky":false,"template":"","format":"standard","meta":{"footnotes":""},"categories":[1889],"tags":[1111,11,2430,1777,674,1011,27,2428,12,1800,25,2429],"class_list":{"0":"post-568466","1":"post","2":"type-post","3":"status-publish","4":"format-standard","5":"has-post-thumbnail","7":"category-lyon","8":"tag-actu","9":"tag-actualites","10":"tag-auvergne-rhone-alpes","11":"tag-eu","12":"tag-europe","13":"tag-fr","14":"tag-france","15":"tag-lyon","16":"tag-news","17":"tag-pollution","18":"tag-republique-francaise","19":"tag-rhone"},"share_on_mastodon":{"url":"https:\/\/pubeurope.com\/@fr\/115637791237237756","error":""},"_links":{"self":[{"href":"https:\/\/www.europesays.com\/fr\/wp-json\/wp\/v2\/posts\/568466","targetHints":{"allow":["GET"]}}],"collection":[{"href":"https:\/\/www.europesays.com\/fr\/wp-json\/wp\/v2\/posts"}],"about":[{"href":"https:\/\/www.europesays.com\/fr\/wp-json\/wp\/v2\/types\/post"}],"author":[{"embeddable":true,"href":"https:\/\/www.europesays.com\/fr\/wp-json\/wp\/v2\/users\/2"}],"replies":[{"embeddable":true,"href":"https:\/\/www.europesays.com\/fr\/wp-json\/wp\/v2\/comments?post=568466"}],"version-history":[{"count":0,"href":"https:\/\/www.europesays.com\/fr\/wp-json\/wp\/v2\/posts\/568466\/revisions"}],"wp:featuredmedia":[{"embeddable":true,"href":"https:\/\/www.europesays.com\/fr\/wp-json\/wp\/v2\/media\/438165"}],"wp:attachment":[{"href":"https:\/\/www.europesays.com\/fr\/wp-json\/wp\/v2\/media?parent=568466"}],"wp:term":[{"taxonomy":"category","embeddable":true,"href":"https:\/\/www.europesays.com\/fr\/wp-json\/wp\/v2\/categories?post=568466"},{"taxonomy":"post_tag","embeddable":true,"href":"https:\/\/www.europesays.com\/fr\/wp-json\/wp\/v2\/tags?post=568466"}],"curies":[{"name":"wp","href":"https:\/\/api.w.org\/{rel}","templated":true}]}}