{"id":568471,"date":"2025-11-30T08:53:12","date_gmt":"2025-11-30T08:53:12","guid":{"rendered":"https:\/\/www.europesays.com\/fr\/568471\/"},"modified":"2025-11-30T08:53:12","modified_gmt":"2025-11-30T08:53:12","slug":"grandiose-100-chalets-a-paris-la-metamorphose-du-marche-de-noel-de-la-villette-epate-les-visiteurs","status":"publish","type":"post","link":"https:\/\/www.europesays.com\/fr\/568471\/","title":{"rendered":"\u00ab\u00a0Grandiose\u00a0\u00bb, 100 chalets&#8230; \u00e0 Paris, la m\u00e9tamorphose du march\u00e9 de No\u00ebl de la Villette \u00e9pate les visiteurs"},"content":{"rendered":"<p>                    Par<br \/>\n        <strong><br \/>\n            <a href=\"https:\/\/actu.fr\/auteur\/glenn-gillet\" title=\"Consulter tous les articles de Glenn Gillet\" target=\"_blank\" rel=\"noopener\">Glenn Gillet<\/a><br \/>\n                    <\/strong><\/p>\n<p>        Publi\u00e9 le<\/p>\n<p>            30 nov. 2025 \u00e0 9h00        <\/p>\n<p>\u00ab\u2009Moi, cette ambiance, je trouve \u00e7a <strong>magnifique<\/strong> \u00bb. Il suffit de tendre l\u2019oreille, lorsqu\u2019on se prom\u00e8ne dans les trav\u00e9es du <a href=\"https:\/\/www.noel-la-villette.fr\/\" target=\"_blank\" rel=\"noopener\">march\u00e9 de No\u00ebl de la Villette<\/a> \u00e0 Paris (19e arrondissement), pour entendre les \u00e9loges. <a href=\"https:\/\/actu.fr\/ile-de-france\/paris_75056\/c-est-un-monument-a-paris-le-proprietaire-de-la-grande-roue-lui-cherche-une-place-definitive-a-l-annee_61755272.html\" target=\"_blank\" rel=\"noopener\">Grande roue<\/a>, inspiration <strong>suisse<\/strong>, riche d\u00e9coration\u2026 L\u2019\u00e9dition 2025, inaugur\u00e9e le 20\u00a0novembre, tranche par son ambition et son <strong>ampleur<\/strong> avec ce qui avait pu \u00eatre organis\u00e9 pour <a href=\"https:\/\/actu.fr\/tag\/noel\" target=\"_blank\" rel=\"noopener\">No\u00ebl<\/a> dans le secteur au cours des derni\u00e8res ann\u00e9es. Les visiteurs sont ravis et l\u2019ont fait savoir \u00e0 actu Paris ce samedi 29\u00a0novembre.<\/p>\n<p>\u00ab\u2009Cette ann\u00e9e, c\u2019est vraiment un cran au-dessus\u2009\u00bb<\/p>\n<p class=\" wall-content\">Ce samedi \u00e0 la mi-journ\u00e9e, l\u2019air est doux\u2009: environ 10\u00b0C. Attabl\u00e9e en famille autour de fondues, Haifa, qui habite juste derri\u00e8re le th\u00e9\u00e2tre de la Villette depuis cinq ans, a vu passer plusieurs \u00e9ditions des animations de No\u00ebl aux abords de la Grande Halle. Et elle est cat\u00e9gorique\u2009: \u00ab\u2009Cette ann\u00e9e, c\u2019est vraiment un cran au-dessus. C\u2019est grandiose\u2009! \u00c7a s\u2019est agrandi, il y a beaucoup plus de stands, la d\u00e9co est super\u2026 L\u00e0 je trouve qu\u2019on a vraiment l\u2019impression de <strong>rentrer dans un univers<\/strong>\u2009\u00bb.<\/p>\n<blockquote class=\"tiktok-embed\" cite=\"https:\/\/www.tiktok.com\/@actu.paris\/video\/7578222933080837398\" data-video-id=\"7578222933080837398\" data-embed-from=\"oembed\" style=\"max-width:605px; min-width:325px;\"><p>\n<a target=\"_blank\" title=\"@actu.paris\" href=\"https:\/\/www.tiktok.com\/@actu.paris?refer=embed\" rel=\"noopener\">@actu.paris<\/a> <\/p>\n<p>Le march\u00e9 de No\u00ebl de La Villette, dans le 19e arrondissement de Paris, a fait peau neuve cette ann\u00e9e et le r\u00e9sultat a d\u00e9j\u00e0 s\u00e9duit des dizaines de milliers visiteurs ! <a title=\"paris\" target=\"_blank\" href=\"https:\/\/www.tiktok.com\/tag\/paris?refer=embed\" rel=\"noopener\">#paris<\/a> <a title=\"noel\" target=\"_blank\" href=\"https:\/\/www.tiktok.com\/tag\/noel?refer=embed\" rel=\"noopener\">#noel<\/a> <a title=\"christmas\" target=\"_blank\" href=\"https:\/\/www.tiktok.com\/tag\/christmas?refer=embed\" rel=\"noopener\">#christmas<\/a> <a title=\"marchedenoel\" target=\"_blank\" href=\"https:\/\/www.tiktok.com\/tag\/marchedenoel?refer=embed\" rel=\"noopener\">#marchedenoel<\/a> <a title=\"fyp\" target=\"_blank\" href=\"https:\/\/www.tiktok.com\/tag\/fyp?refer=embed\" rel=\"noopener\">#fyp<\/a> <\/p>\n<p> <a target=\"_blank\" title=\"\u266c It&#039;s Beginning to Look a Lot like Christmas - Michael Bubl\u00e9\" href=\"https:\/\/www.tiktok.com\/music\/It&#039;s-Beginning-to-Look-a-Lot-like-Christmas-6753170535640729601?refer=embed\" rel=\"noopener\">\u266c It\u2019s Beginning to Look a Lot like Christmas \u2013 Michael Bubl\u00e9<\/a> <\/p>\n<\/blockquote>\n<p class=\" wall-content\">Cette ann\u00e9e, le village de No\u00ebl compte plus d\u2019une centaine de chalets, contre seulement une vingtaine en 2024. On retrouve <strong>plusieurs dizaines d\u2019artisans et cr\u00e9ateurs<\/strong> mais, contrairement aux \u00e9ditions pr\u00e9c\u00e9dentes, une part importante du village est consacr\u00e9e \u00e0 des chalets proposant de la nourriture \u00e0 manger sur place. Et il y en a pour tous les go\u00fbts\u2009: on retrouve bien s\u00fbr les plats montagnards hivernaux traditionnels avec m\u00eame un grand <strong>chalet-restaurant<\/strong> pour venir d\u00e9guster des raclettes et des fondues (r\u00e9servations conseill\u00e9es), mais \u00e9galement des sp\u00e9cialit\u00e9s bretonnes, japonaises ou encore libanaises.<\/p>\n<p class=\" wall-content\">Et une fois que vous \u00eates attabl\u00e9 pour manger, tout est fait pour que vous restiez\u2009: chalets am\u00e9nag\u00e9s avec des canap\u00e9s ou des chaises longues, braseros en forme de boules qui r\u00e9pandent une douce odeur de feu de bois, photomatons pour immortaliser votre venue sur place. \u00ab\u2009Je vois qu\u2019il y a eu un gros changement\u2009\u00bb, t\u00e9moigne Laura, qui habite la commune voisine de Pantin (Seine-Saint-Denis) depuis une d\u00e9cennie, \u00ab\u2009honn\u00eatement, il y a deux ans, je n\u2019aurais jamais pens\u00e9 venir ici et y passer l\u2019apr\u00e8s-midi avec des amis, c\u2019\u00e9tait plut\u00f4t pour les enfants\u2009\u00bb.<\/p>\n<p>L\u2019entreprise qui organise le march\u00e9 de No\u00ebl de Zurich<\/p>\n<p class=\" wall-content\">Il est vrai que la patinoire, la grande roue et une attraction en forme de sapin sont les seuls espaces o\u00f9 les petits peuvent r\u00e9ellement aller se d\u00e9fouler, regrettent Magali et Justine, accompagn\u00e9es de la fille de cette derni\u00e8re, Riley, 4 ans. Elles pointent aussi des prix qu\u2019elles trouvent un peu \u00e9lev\u00e9s, mais saluent le travail effectu\u00e9 pour renouveler le visage du march\u00e9 de No\u00ebl\u2009: \u00ab\u2009C\u2019est beaucoup plus joli comme \u00e7a, l\u2019ann\u00e9e derni\u00e8re c\u2019\u00e9tait tr\u00e8s triste\u2009\u00bb, estime Justine, habitante de Champagne-sur-Oise (Val-d\u2019Oise). \u00ab\u2009L\u00e0 on a vraiment l\u2019esprit de No\u00ebl\u2009\u00bb, abonde Magali, venue de Bobigny (Seine-Saint-Denis)<\/p>\n<p>    <img   decoding=\"async\" loading=\"lazy\" src=\"https:\/\/www.europesays.com\/fr\/wp-content\/uploads\/2025\/11\/img-8175-960x640.jpg\" alt=\"Une centaine de chalets on investi la place de la Fontaine-aux-lions, dans le 19e arrondissement de Paris.\" width=\"960\" height=\"640\"\/><br \/>\n    Une centaine de chalets on investi la place de la Fontaine-aux-lions, dans le 19e arrondissement de Paris. (\u00a9GG\/actu Paris)<\/p>\n<p>Votre r\u00e9gion, votre actu !<\/p>\n<p>Recevez chaque jour les infos qui comptent pour vous.<\/p>\n<p>\t<a href=\"https:\/\/actu.fr\/newsletter\" class=\"ac-btn ac-btn--corner ac-btn--medium ac-btn--blue800\" target=\"_blank\" rel=\"noopener\">S&rsquo;incrire<\/a><\/p>\n<p class=\" wall-content\">La recette qui a donn\u00e9 naissance \u00e0 ce site, pr\u00e9sent\u00e9 comme un \u00ab\u2009village suisse de No\u00ebl\u2009\u00bb, a \u00e9t\u00e9 concoct\u00e9e par l\u2019entreprise The Swiss Christmas Village, organisatrice du march\u00e9 de No\u00ebl de la <strong>ville de Zurich<\/strong> en Suisse, dont l\u2019ampleur et la magie sont reconnues internationalement. C\u2019est la premi\u00e8re fois que le mod\u00e8le zurichois est export\u00e9 et c\u2019est donc Paris qui en est la premi\u00e8re ville \u00e9trang\u00e8re \u00e0 en b\u00e9n\u00e9ficier.<\/p>\n<p class=\" wall-content\">Fran\u00e7ois Dagnaud, maire (PS) du 19e arrondissement, salue de son c\u00f4t\u00e9 \u00ab\u2009la griffe Bianca Li\u2009\u00bb, du nom de la chor\u00e9graphe espagnole \u00e0 la t\u00eate notamment du parc et de la Halle de la Villette depuis maintenant un peu plus d\u2019un an, et qui avait voulu apporter une nouvelle \u00e9nergie au secteur d\u00e8s son arriv\u00e9e en poste. \u00ab\u2009Ce rendez-vous traditionnel de No\u00ebl \u00e0 la Villette prend cette ann\u00e9e un <strong>nouveau cap<\/strong>, tr\u00e8s appr\u00e9ci\u00e9, d\u2019autant que le site draine un public tr\u00e8s large, parisien et m\u00e9tropolitain\u2009\u00bb, partage le maire d\u2019arrondissement. Les organisateurs ont d\u00e9j\u00e0 enregistr\u00e9 plus de 30\u2009000 visiteurs depuis l\u2019ouverture.<\/p>\n<p>\u00ab\u2009No\u00ebl \u00e0 la Villette\u2009\u00bb, place de la Fontaine-aux-Lions, 19e arrondissement de Paris. M\u00e9tro Porte de Pantin. Entr\u00e9e gratuite. Jusqu\u2019au 28 d\u00e9cembre 2025.<\/p>\n<p class=\" wall-content\">Personnalisez votre actualit\u00e9 en ajoutant vos villes et m\u00e9dias en favori avec <a href=\"https:\/\/moncompte.actu.fr\" title=\"D\u00e9couvez Mon Actu\" rel=\"nofollow noopener\" data-trk=\"{&quot;cta&quot;:{&quot;action&quot;:&quot;https:\\\/\\\/moncompte.actu.fr&quot;,&quot;category&quot;:&quot;mon compte&quot;,&quot;from&quot;:&quot;article footer&quot;,&quot;name&quot;:&quot;Mon actu&quot;,&quot;type&quot;:&quot;cta&quot;}}\" target=\"_blank\">Mon Actu<\/a>.<\/p>\n<p>                    <script async src=\"\/\/www.tiktok.com\/embed.js\"><\/script><\/p>\n","protected":false},"excerpt":{"rendered":"Par Glenn Gillet Publi\u00e9 le 30 nov. 2025 \u00e0 9h00 \u00ab\u2009Moi, cette ambiance, je trouve \u00e7a magnifique \u00bb.&hellip;\n","protected":false},"author":2,"featured_media":568472,"comment_status":"","ping_status":"","sticky":false,"template":"","format":"standard","meta":{"footnotes":""},"categories":[1888],"tags":[1111,1928,11,1927,215,1777,674,1011,27,1652,2089,12,1926,15830,626,1925,25],"class_list":{"0":"post-568471","1":"post","2":"type-post","3":"status-publish","4":"format-standard","5":"has-post-thumbnail","7":"category-paris","8":"tag-actu","9":"tag-actu-paris","10":"tag-actualites","11":"tag-actualites-paris","12":"tag-commerce","13":"tag-eu","14":"tag-europe","15":"tag-fr","16":"tag-france","17":"tag-loisirs-culture","18":"tag-marche","19":"tag-news","20":"tag-news-paris","21":"tag-noel","22":"tag-paris","23":"tag-paris-news","24":"tag-republique-francaise"},"share_on_mastodon":{"url":"https:\/\/pubeurope.com\/@fr\/115637807590232472","error":""},"_links":{"self":[{"href":"https:\/\/www.europesays.com\/fr\/wp-json\/wp\/v2\/posts\/568471","targetHints":{"allow":["GET"]}}],"collection":[{"href":"https:\/\/www.europesays.com\/fr\/wp-json\/wp\/v2\/posts"}],"about":[{"href":"https:\/\/www.europesays.com\/fr\/wp-json\/wp\/v2\/types\/post"}],"author":[{"embeddable":true,"href":"https:\/\/www.europesays.com\/fr\/wp-json\/wp\/v2\/users\/2"}],"replies":[{"embeddable":true,"href":"https:\/\/www.europesays.com\/fr\/wp-json\/wp\/v2\/comments?post=568471"}],"version-history":[{"count":0,"href":"https:\/\/www.europesays.com\/fr\/wp-json\/wp\/v2\/posts\/568471\/revisions"}],"wp:featuredmedia":[{"embeddable":true,"href":"https:\/\/www.europesays.com\/fr\/wp-json\/wp\/v2\/media\/568472"}],"wp:attachment":[{"href":"https:\/\/www.europesays.com\/fr\/wp-json\/wp\/v2\/media?parent=568471"}],"wp:term":[{"taxonomy":"category","embeddable":true,"href":"https:\/\/www.europesays.com\/fr\/wp-json\/wp\/v2\/categories?post=568471"},{"taxonomy":"post_tag","embeddable":true,"href":"https:\/\/www.europesays.com\/fr\/wp-json\/wp\/v2\/tags?post=568471"}],"curies":[{"name":"wp","href":"https:\/\/api.w.org\/{rel}","templated":true}]}}