{"id":568485,"date":"2025-11-30T09:01:04","date_gmt":"2025-11-30T09:01:04","guid":{"rendered":"https:\/\/www.europesays.com\/fr\/568485\/"},"modified":"2025-11-30T09:01:04","modified_gmt":"2025-11-30T09:01:04","slug":"jeremy-corbyn-lance-un-nouveau-parti-socialiste-dans-un-paysage-divise-a-gauche-2","status":"publish","type":"post","link":"https:\/\/www.europesays.com\/fr\/568485\/","title":{"rendered":"Jeremy Corbyn lance un nouveau parti \u00ab\u00a0socialiste\u00a0\u00bb dans un paysage divis\u00e9 \u00e0 gauche"},"content":{"rendered":"<p>\u00ab\u00a0Notre mouvement est un mouvement pour la justice, l&rsquo;\u00e9galit\u00e9 et la durabilit\u00e9 environnementale\u00a0\u00bb, a lanc\u00e9, devant plusieurs milliers de militants r\u00e9unis \u00e0 Liverpool dans le nord de l&rsquo;Angleterre, l&rsquo;ex-dirigeant du Labour et v\u00e9t\u00e9ran de la gauche britannique.<\/p>\n<p>Depuis l&rsquo;\u00e9lection l\u00e9gislative qui a port\u00e9 le Labour de Keir Starmer au pouvoir en juillet 2024, le paysage politique britannique est en pleine recomposition, avec la mont\u00e9e en puissance des lib\u00e9raux-d\u00e9mocrates (centre), des Verts (gauche) et de la formation anti-immigration Reform UK.<\/p>\n<p>Pour entrer \u00e0 Downing Street, Keir Starmer a recentr\u00e9 le parti travailliste, une strat\u00e9gie qui ouvre des perspectives pour Jeremy Corbyn, 76 ans, marginalis\u00e9 depuis son d\u00e9part du Labour en 2020.<\/p>\n<p><img alt=\"Jeremy Corbyn, ancien chef du Parti travailliste et cofondateur de &quot;Votre Parti&quot;, lors d'un discours \u00e0 Liverpool, dans le nord-ouest de l'Angleterre, le 29 novembre 2025\" loading=\"lazy\" decoding=\"async\" data-nimg=\"fill\" class=\" TwicCore_img__i9TC1 undefined  undefined\" style=\"position:absolute;height:100%;width:100%;left:0;top:0;right:0;bottom:0;color:transparent;background-size:cover;background-position:50% 50%;background-repeat:no-repeat;background-image:url(&quot;data:image\/svg+xml;charset=utf-8,%3Csvg xmlns='http:\/\/www.w3.org\/2000\/svg' %3E%3Cfilter id='b' color-interpolation-filters='sRGB'%3E%3CfeGaussianBlur stdDeviation='20'\/%3E%3CfeColorMatrix values='1 0 0 0 0 0 1 0 0 0 0 0 1 0 0 0 0 0 100 -1' result='s'\/%3E%3CfeFlood x='0' y='0' width='100%25' height='100%25'\/%3E%3CfeComposite operator='out' in='s'\/%3E%3CfeComposite in2='SourceGraphic'\/%3E%3CfeGaussianBlur stdDeviation='20'\/%3E%3C\/filter%3E%3Cimage width='100%25' height='100%25' x='0' y='0' preserveAspectRatio='none' style='filter: url(%23b);' href='https:\/\/pictures.laprovence.com\/cdn-cgi\/image\/blur=250\/media\/afp\/42a4439a0b6c6bda15747f89fddc182fdd30b967.jpg'\/%3E%3C\/svg%3E&quot;)\"   src=\"https:\/\/www.europesays.com\/fr\/wp-content\/uploads\/2025\/11\/42a4439a0b6c6bda15747f89fddc182fdd30b967.jpg\"\/>Jeremy Corbyn, ancien chef du Parti travailliste et cofondateur de \u00ab\u00a0Votre Parti\u00a0\u00bb, lors d&rsquo;un discours \u00e0 Liverpool, dans le nord-ouest de l&rsquo;Angleterre, le 29 novembre 2025 PHOTO AFP \/ Darren Staples<\/p>\n<p>\u00ab\u00a0Les gens ont d\u00e9sesp\u00e9r\u00e9ment besoin d&rsquo;une vraie alternative \u00e0 la mont\u00e9e de l&rsquo;extr\u00eame droite\u00a0\u00bb, juge aupr\u00e8s de l&rsquo;AFP le d\u00e9put\u00e9 ind\u00e9pendant, alli\u00e9 de Corbyn, Shockat Adam, au moment o\u00f9 Reform UK, dirig\u00e9 par l&rsquo;ex-promoteur du Brexit Nigel Farage, s&rsquo;affiche en t\u00eate des sondages sur les intentions de vote.<\/p>\n<p>Ce nouveau parti &#8211; pour l&rsquo;instant nomm\u00e9 \u00ab\u00a0Your Party\u00a0\u00bb &#8211; a \u00e9t\u00e9 annonc\u00e9 en juillet par Jeremy Corbyn, qui a dirig\u00e9 le parti travailliste de 2015 \u00e0 2020, mais a d\u00fb d\u00e9missionner apr\u00e8s la d\u00e9faite historique du Labour aux l\u00e9gislatives de 2019, et Zarah Sultana, ex-d\u00e9put\u00e9e Labour de 32 ans.<\/p>\n<p>Mais les d\u00e9buts s&rsquo;av\u00e8rent chaotiques, avec des tensions internes qui s&rsquo;\u00e9talent sur la place publique.<\/p>\n<p>Samedi, Jeremy Corbyn, d\u00e9sormais d\u00e9put\u00e9 ind\u00e9pendant dans sa circonscription londonienne, a appel\u00e9 \u00e0 l&rsquo;unit\u00e9 les 50.000 membres de \u00ab\u00a0Your Party\u00a0\u00bb, \u00ab\u00a0parce que la division ne servira pas les int\u00e9r\u00eats des gens que nous voulons repr\u00e9senter\u00a0\u00bb.<\/p>\n<p><img alt=\"Des militants attendent le discours de Jeremy Corbyn, ancien chef du Parti travailliste et cofondateur de &quot;Votre Parti&quot;, \u00e0 Liverpool, dans le nord-ouest de l'Angleterre, le 29 novembre 2025\" loading=\"lazy\" decoding=\"async\" data-nimg=\"fill\" class=\" TwicCore_img__i9TC1 undefined  undefined\" style=\"position:absolute;height:100%;width:100%;left:0;top:0;right:0;bottom:0;color:transparent;background-size:cover;background-position:50% 50%;background-repeat:no-repeat;background-image:url(&quot;data:image\/svg+xml;charset=utf-8,%3Csvg xmlns='http:\/\/www.w3.org\/2000\/svg' %3E%3Cfilter id='b' color-interpolation-filters='sRGB'%3E%3CfeGaussianBlur stdDeviation='20'\/%3E%3CfeColorMatrix values='1 0 0 0 0 0 1 0 0 0 0 0 1 0 0 0 0 0 100 -1' result='s'\/%3E%3CfeFlood x='0' y='0' width='100%25' height='100%25'\/%3E%3CfeComposite operator='out' in='s'\/%3E%3CfeComposite in2='SourceGraphic'\/%3E%3CfeGaussianBlur stdDeviation='20'\/%3E%3C\/filter%3E%3Cimage width='100%25' height='100%25' x='0' y='0' preserveAspectRatio='none' style='filter: url(%23b);' href='https:\/\/pictures.laprovence.com\/cdn-cgi\/image\/blur=250\/media\/afp\/0da3c2d4ee828826e6431f7c311b0e890209e228.jpg'\/%3E%3C\/svg%3E&quot;)\"   src=\"https:\/\/www.europesays.com\/fr\/wp-content\/uploads\/2025\/11\/0da3c2d4ee828826e6431f7c311b0e890209e228.jpg\"\/>Des militants attendent le discours de Jeremy Corbyn, ancien chef du Parti travailliste et cofondateur de \u00ab\u00a0Votre Parti\u00a0\u00bb, \u00e0 Liverpool, dans le nord-ouest de l&rsquo;Angleterre, le 29 novembre 2025 PHOTO AFP \/ Darren Staples<\/p>\n<p>Peu apr\u00e8s, un porte-parole de Zarah Sultana a d\u00e9nonc\u00e9 une \u00ab\u00a0chasse aux sorci\u00e8res\u00a0\u00bb, apr\u00e8s que certains de ses partisans ont annonc\u00e9 avoir \u00e9t\u00e9 exclus du congr\u00e8s. Et a annonc\u00e9 que la d\u00e9put\u00e9e n&rsquo;entrerait pas dans la salle du congr\u00e8s samedi.<\/p>\n<p>Tris Rodriguez, auto-entrepreneure de 49 ans venue de Bristol, esp\u00e8re que \u00ab\u00a0Your Party\u00a0\u00bb saura \u00ab\u00a0se rassembler\u00a0\u00bb. Elle dit chercher une \u00ab\u00a0alternative\u00a0\u00bb au Labour, qui l&rsquo;a d\u00e9\u00e7ue en n&rsquo;\u00e9tant \u00ab\u00a0pas assez audible\u00a0\u00bb contre la transphobie, le racisme, et pour la Palestine.<\/p>\n<p>Aysha Rafique, chercheuse londonienne de 38 ans, dit elle avoir \u00e9t\u00e9 \u00ab\u00a0inspir\u00e9e\u00a0\u00bb par \u00ab\u00a0l&rsquo;approche collaborative\u00a0\u00bb port\u00e9e initialement par Corbyn et Sultana.<\/p>\n<p>Avant le congr\u00e8s, Stuart Hill, ancien \u00e9lu local Labour \u00e0 Tyneside (nord-est de l&rsquo;Angleterre) qui a rejoint \u00ab\u00a0Your party\u00a0\u00bb, d\u00e9plorait aupr\u00e8s de l&rsquo;AFP que les travaillistes \u00ab\u00a0reprennent \u00e0 leur compte\u00a0\u00bb la rh\u00e9torique de Reform UK sur l&rsquo;immigration.<\/p>\n<p>\u00ab\u00a0(Nigel) Farage, le banquier de la City, n&rsquo;est pas l&rsquo;ami des travailleurs\u00a0\u00bb, a lanc\u00e9 Jeremy Corbyn samedi.<\/p>\n<p>&#8211; Concurrence des Verts &#8211;<\/p>\n<p>Il a \u00e9galement re\u00e7u une large ovation lorsqu&rsquo;il a d\u00e9nonc\u00e9 le \u00ab\u00a0g\u00e9nocide\u00a0\u00bb contre les Palestiniens \u00e0 Gaza et accus\u00e9 le gouvernement de Keir Starmer d&rsquo;en \u00eatre \u00ab\u00a0complice\u00a0\u00bb.<\/p>\n<p>Lors du week-end, les militants devront choisir le nom d\u00e9finitif du parti et d\u00e9cider de porter \u00e0 sa t\u00eate un leader unique ou une direction collective.<\/p>\n<p>Malgr\u00e9 les d\u00e9boires du gouvernement travailliste et les voix dissonantes croissantes au sein de son aile gauche, seuls 12% des \u00e9lecteurs affirment qu&rsquo;ils pourraient \u00ab\u00a0envisager de voter\u00a0\u00bb pour \u00ab\u00a0Your Party\u00a0\u00bb, contre 29% pour le Green Party, selon un sondage YouGov publi\u00e9 cette semaine. <\/p>\n<p><img alt=\"Le chef du Green Party, Zack Polanski, participe \u00e0 une manifestation devant les grilles de Downing Street, dans le centre de Londres, le 9 septembre 2025\" loading=\"lazy\" decoding=\"async\" data-nimg=\"fill\" class=\" TwicCore_img__i9TC1 undefined  undefined\" style=\"position:absolute;height:100%;width:100%;left:0;top:0;right:0;bottom:0;color:transparent;background-size:cover;background-position:50% 50%;background-repeat:no-repeat;background-image:url(&quot;data:image\/svg+xml;charset=utf-8,%3Csvg xmlns='http:\/\/www.w3.org\/2000\/svg' %3E%3Cfilter id='b' color-interpolation-filters='sRGB'%3E%3CfeGaussianBlur stdDeviation='20'\/%3E%3CfeColorMatrix values='1 0 0 0 0 0 1 0 0 0 0 0 1 0 0 0 0 0 100 -1' result='s'\/%3E%3CfeFlood x='0' y='0' width='100%25' height='100%25'\/%3E%3CfeComposite operator='out' in='s'\/%3E%3CfeComposite in2='SourceGraphic'\/%3E%3CfeGaussianBlur stdDeviation='20'\/%3E%3C\/filter%3E%3Cimage width='100%25' height='100%25' x='0' y='0' preserveAspectRatio='none' style='filter: url(%23b);' href='https:\/\/pictures.laprovence.com\/cdn-cgi\/image\/blur=250\/media\/afp\/3e899c37b000015fffeafb2ad58e00f18eabaf75.jpg'\/%3E%3C\/svg%3E&quot;)\"   src=\"https:\/\/www.europesays.com\/fr\/wp-content\/uploads\/2025\/11\/3e899c37b000015fffeafb2ad58e00f18eabaf75.jpg\"\/>Le chef du Green Party, Zack Polanski, participe \u00e0 une manifestation devant les grilles de Downing Street, dans le centre de Londres, le 9 septembre 2025 PHOTO AFP \/ Toby Shepheard<\/p>\n<p>Ce dernier, men\u00e9 depuis septembre par Zack Polanski, 31 ans, ne cesse de grimper dans les sondages.<\/p>\n<p>Polanski, omnipr\u00e9sent sur les r\u00e9seaux sociaux, a \u00ab\u00a0pris la place\u00a0\u00bb de Jeremy Corbyn pour \u00ab\u00a0incarner la voix (&#8230;) de la gauche radicale\u00a0\u00bb, explique Colm Murphy, sp\u00e9cialiste de la gauche britannique \u00e0 l&rsquo;universit\u00e9 Queen Mary de Londres.<\/p>\n<p>Le gouvernement Starmer, qui a suscit\u00e9 le m\u00e9contentement dans son camp en s&rsquo;attaquant \u00e0 certaines aides sociales, a annonc\u00e9 cette semaine dans son budget une hausse du salaire minimum et des allocations familiales.<\/p>\n<p>\u00ab\u00a0Nous devrions faire beaucoup plus pour conserver nos soutiens traditionnels\u00a0\u00bb, regrette aupr\u00e8s de l&rsquo;AFP le d\u00e9put\u00e9 travailliste Steve Witherden.<\/p>\n","protected":false},"excerpt":{"rendered":"\u00ab\u00a0Notre mouvement est un mouvement pour la justice, l&rsquo;\u00e9galit\u00e9 et la durabilit\u00e9 environnementale\u00a0\u00bb, a lanc\u00e9, devant plusieurs milliers&hellip;\n","protected":false},"author":2,"featured_media":568486,"comment_status":"","ping_status":"","sticky":false,"template":"","format":"standard","meta":{"footnotes":""},"categories":[1588],"tags":[17,11,68360,1777,674,329,31593,9447,12,4565,13695,473,1853,13696,1851,1850,1852],"class_list":{"0":"post-568485","1":"post","2":"type-post","3":"status-publish","4":"format-standard","5":"has-post-thumbnail","7":"category-royaume-uni","8":"tag-17","9":"tag-actualites","10":"tag-corbyn","11":"tag-eu","12":"tag-europe","13":"tag-france-monde","14":"tag-jeremy","15":"tag-lance","16":"tag-news","17":"tag-nouveau","18":"tag-parti","19":"tag-royaume-uni","20":"tag-royaume-uni-de-grande-bretagne-et-dirlande-du-nord","21":"tag-socialiste","22":"tag-uk","23":"tag-united-kingdom","24":"tag-united-kingdom-of-great-britain-and-northern-ireland"},"share_on_mastodon":{"url":"https:\/\/pubeurope.com\/@fr\/115637839429156477","error":""},"_links":{"self":[{"href":"https:\/\/www.europesays.com\/fr\/wp-json\/wp\/v2\/posts\/568485","targetHints":{"allow":["GET"]}}],"collection":[{"href":"https:\/\/www.europesays.com\/fr\/wp-json\/wp\/v2\/posts"}],"about":[{"href":"https:\/\/www.europesays.com\/fr\/wp-json\/wp\/v2\/types\/post"}],"author":[{"embeddable":true,"href":"https:\/\/www.europesays.com\/fr\/wp-json\/wp\/v2\/users\/2"}],"replies":[{"embeddable":true,"href":"https:\/\/www.europesays.com\/fr\/wp-json\/wp\/v2\/comments?post=568485"}],"version-history":[{"count":0,"href":"https:\/\/www.europesays.com\/fr\/wp-json\/wp\/v2\/posts\/568485\/revisions"}],"wp:featuredmedia":[{"embeddable":true,"href":"https:\/\/www.europesays.com\/fr\/wp-json\/wp\/v2\/media\/568486"}],"wp:attachment":[{"href":"https:\/\/www.europesays.com\/fr\/wp-json\/wp\/v2\/media?parent=568485"}],"wp:term":[{"taxonomy":"category","embeddable":true,"href":"https:\/\/www.europesays.com\/fr\/wp-json\/wp\/v2\/categories?post=568485"},{"taxonomy":"post_tag","embeddable":true,"href":"https:\/\/www.europesays.com\/fr\/wp-json\/wp\/v2\/tags?post=568485"}],"curies":[{"name":"wp","href":"https:\/\/api.w.org\/{rel}","templated":true}]}}