{"id":568493,"date":"2025-11-30T09:05:12","date_gmt":"2025-11-30T09:05:12","guid":{"rendered":"https:\/\/www.europesays.com\/fr\/568493\/"},"modified":"2025-11-30T09:05:12","modified_gmt":"2025-11-30T09:05:12","slug":"visite-de-leon-xiv-au-liban-un-programme-tres-dense-pour-le-pape-ce-dimanche","status":"publish","type":"post","link":"https:\/\/www.europesays.com\/fr\/568493\/","title":{"rendered":"Visite de L\u00e9on XIV au Liban\u00a0:\u00a0un programme tr\u00e8s dense pour le pape ce dimanche"},"content":{"rendered":"<p>\n    Discours aux autorit\u00e9s, hommage sur le port de Beyrouth, pri\u00e8re \u0153cum\u00e9nique, messe en plein air\u2026 Apr\u00e8s la Turquie, le pontife est attendu au pays du C\u00e8dre.<\/p>\n<p class=\"fig-paragraph\">Dimanche, les premiers pas du pape,\u00a0<a href=\"http:\/\/www.lefigaro.fr\/actualite-france\/en-turquie-les-trois-appels-lances-par-leon-xiv-1700-ans-apres-le-concile-de-nicee-20251128\" data-fig-type=\"Article\" data-gtm-custom-categorie=\"navigation\" data-gtm-custom-action=\"crossclick\" data-gtm-custom-label=\"Contextuel\" data-gtm-event=\"customEventSPE\" data-fig-domain=\"LEFIGARO\" target=\"_blank\" rel=\"noopener\">L\u00e9on\u00a0XIV<\/a>, au Liban seront tr\u00e8s politiques. D\u00e8s son arriv\u00e9e, il rencontrera successivement le pr\u00e9sident de la R\u00e9publique, qui doit \u00eatre un chr\u00e9tien maronite selon la Constitution (actuellement, Joseph Aoun), le pr\u00e9sident de l\u2019Assembl\u00e9e nationale, qui doit \u00eatre un musulman chiite (Nabih Berri), puis le premier ministre, traditionnellement un musulman sunnite (Nawaf Salam), selon la m\u00eame r\u00e8gle de r\u00e9partition du pouvoir. Dans la foul\u00e9e, le chef de l\u2019\u00c9glise catholique s\u2019adressera aux autorit\u00e9s civiles, politiques et diplomatiques du Liban.<\/p>\n<p class=\"fig-paragraph\">Lundi, le pape commencera une journ\u00e9e extr\u00eamement charg\u00e9e en allant se recueillir sur la tombe de saint Charbel Makhlouf, au monast\u00e8re Saint-Maroun, consid\u00e9r\u00e9 comme le plus grand saint du Liban et protecteur du pays. Il se rendra ensuite \u00e0 Harissa, pour prier dans le second haut lieu de la spiritualit\u00e9 libanaise, Notre-Dame-du-Liban, o\u00f9 il s\u2019entretiendra avec le clerg\u00e9 libanais. Dans l\u2019apr\u00e8s-midi, il pr\u00e9sidera une importante\u2026<\/p>\n<p class=\"fig-premium-paywall__infos\">\n        Cet article est r\u00e9serv\u00e9 aux abonn\u00e9s.        Il vous reste 61% \u00e0 d\u00e9couvrir.\n    <\/p>\n<p>                <img  data- alt=\"Le Figaro\" class=\"fig-img--complete fig-img\"\/><\/p>\n<p class=\"fig-premium-paywall__title\">Black Friday : derniers jours<\/p>\n<p class=\"fig-premium-paywall__subtitle\">-70% sur l&rsquo;abonnement num\u00e9rique<\/p>\n<p class=\"fig-premium-paywall__connect\">\n                D\u00e9j\u00e0 abonn\u00e9\u00a0?                <a class=\"fig-premium-paywall__connect-link\" href=\"https:\/\/connect.lefigaro.fr\/login?client=horizon_web&amp;type=main&amp;redirect_uri=https%3A%2F%2Fwww.lefigaro.fr%2Factualite-france%2Fvisite-de-leon-xiv-au-liban-dimanche-un-programme-tres-dense-pour-le-pape-20251130\" data-js-gtm=\"{&quot;customCategorie&quot;: &quot;conversion&quot;, &quot;customAction&quot;: &quot;before_Landing_Connexion_paywall_auto&quot;, &quot;customLabel&quot;: &quot;bGVmaWdhcm8uZnJfXzFmMGNjNzAyLTA2YzAtNjQyMi05ODUzLWFmNjk5YWJmNzk2OV9fQXJ0aWNsZQ==_Visite de L\u00e9on XIV au Liban\u00a0:\u00a0un programme tr\u00e8s dense pour le pape ce dimanche_424&quot;, &quot;customIDSPE&quot;: &quot;bGVmaWdhcm8uZnJfXzFmMGNjNzAyLTA2YzAtNjQyMi05ODUzLWFmNjk5YWJmNzk2OV9fQXJ0aWNsZQ==&quot;, &quot;event&quot;: &quot;customEventSPE&quot;}\" target=\"_blank\" rel=\"noopener\"><br \/>\n                    Connectez-vous<br \/>\n                <\/a>\n            <\/p>\n","protected":false},"excerpt":{"rendered":"Discours aux autorit\u00e9s, hommage sur le port de Beyrouth, pri\u00e8re \u0153cum\u00e9nique, messe en plein air\u2026 Apr\u00e8s la Turquie,&hellip;\n","protected":false},"author":2,"featured_media":568494,"comment_status":"","ping_status":"","sticky":false,"template":"","format":"standard","meta":{"footnotes":""},"categories":[2],"tags":[11,1011,27,12404,12,12672,25],"class_list":{"0":"post-568493","1":"post","2":"type-post","3":"status-publish","4":"format-standard","5":"has-post-thumbnail","7":"category-actualites","8":"tag-actualites","9":"tag-fr","10":"tag-france","11":"tag-liban","12":"tag-news","13":"tag-pape","14":"tag-republique-francaise"},"share_on_mastodon":{"url":"https:\/\/pubeurope.com\/@fr\/115637854342043316","error":""},"_links":{"self":[{"href":"https:\/\/www.europesays.com\/fr\/wp-json\/wp\/v2\/posts\/568493","targetHints":{"allow":["GET"]}}],"collection":[{"href":"https:\/\/www.europesays.com\/fr\/wp-json\/wp\/v2\/posts"}],"about":[{"href":"https:\/\/www.europesays.com\/fr\/wp-json\/wp\/v2\/types\/post"}],"author":[{"embeddable":true,"href":"https:\/\/www.europesays.com\/fr\/wp-json\/wp\/v2\/users\/2"}],"replies":[{"embeddable":true,"href":"https:\/\/www.europesays.com\/fr\/wp-json\/wp\/v2\/comments?post=568493"}],"version-history":[{"count":0,"href":"https:\/\/www.europesays.com\/fr\/wp-json\/wp\/v2\/posts\/568493\/revisions"}],"wp:featuredmedia":[{"embeddable":true,"href":"https:\/\/www.europesays.com\/fr\/wp-json\/wp\/v2\/media\/568494"}],"wp:attachment":[{"href":"https:\/\/www.europesays.com\/fr\/wp-json\/wp\/v2\/media?parent=568493"}],"wp:term":[{"taxonomy":"category","embeddable":true,"href":"https:\/\/www.europesays.com\/fr\/wp-json\/wp\/v2\/categories?post=568493"},{"taxonomy":"post_tag","embeddable":true,"href":"https:\/\/www.europesays.com\/fr\/wp-json\/wp\/v2\/tags?post=568493"}],"curies":[{"name":"wp","href":"https:\/\/api.w.org\/{rel}","templated":true}]}}