{"id":568503,"date":"2025-11-30T09:15:30","date_gmt":"2025-11-30T09:15:30","guid":{"rendered":"https:\/\/www.europesays.com\/fr\/568503\/"},"modified":"2025-11-30T09:15:30","modified_gmt":"2025-11-30T09:15:30","slug":"ussa-pavilly-barentin-leffectif-juniors-2026-actualite","status":"publish","type":"post","link":"https:\/\/www.europesays.com\/fr\/568503\/","title":{"rendered":"USSA Pavilly Barentin : L&rsquo;effectif Juniors 2026 &#8211; Actualit\u00e9"},"content":{"rendered":"<p style=\"text-align: justify;\">L&rsquo;USSA Pavilly Barentin pourra compter sur une section Juniors riche de neuf coureurs dont huit J1 et une f\u00e9minine.<\/p>\n<p>L&rsquo;\u00e9quipe normande sera encadr\u00e9e Edouard Leduc, \u00e9paul\u00e9 par Alexis Gougeard qui portait les couleurs du club avant de passer pro, et qui apportera son exp\u00e9rience aupr\u00e8s des jeunes.<\/p>\n<p><strong>L&rsquo;effectif Junior 2026 de l&rsquo;USSA Pavilly Barentin<\/strong> :\u00a0<br \/>Gabin Bonne, J1<br \/>Andrea Baron, J1 (Team Coeur de Caux Cyclisme)<br \/>Romain Delaunay, J1 (Team Coeur de Caux Cyclisme)<br \/>Marco Duval, J2 (La Feuillie Cycliste)<br \/>Justin Genty -notre photo-, J1<br \/>Augustin Leduc, J1<br \/>Malo Le Gac, J1 ( ESM Gonfreville L&rsquo;Orcher)\u00a0<br \/>Jules Marteau, J1<\/p>\n<p>Suzanne Leseigneur, J1<\/p>\n","protected":false},"excerpt":{"rendered":"L&rsquo;USSA Pavilly Barentin pourra compter sur une section Juniors riche de neuf coureurs dont huit J1 et une&hellip;\n","protected":false},"author":2,"featured_media":568504,"comment_status":"","ping_status":"","sticky":false,"template":"","format":"standard","meta":{"footnotes":""},"categories":[1411],"tags":[834,828,836,829,837,827,83,826,824,823,1154,207,814,817,815,816,822,821,832,211,839,1011,27,820,818,819,835,831,830,833,838,60,212,208,825],"class_list":{"0":"post-568503","1":"post","2":"type-post","3":"status-publish","4":"format-standard","5":"has-post-thumbnail","7":"category-cyclisme","8":"tag-attaque","9":"tag-belgique","10":"tag-braquet","11":"tag-bretagne","12":"tag-chute","13":"tag-competition","14":"tag-coupe-de-france","15":"tag-coureur","16":"tag-course-cyclisme","17":"tag-course-cycliste","18":"tag-cycling","19":"tag-cyclisme","20":"tag-direct","21":"tag-direct-velo","22":"tag-directvelo","23":"tag-directvelo-com","24":"tag-epreuve","25":"tag-epreuve-cycliste","26":"tag-federation-francaise-de-cyclisme","27":"tag-ffc","28":"tag-flandres","29":"tag-fr","30":"tag-france","31":"tag-live","32":"tag-live-course","33":"tag-live-epreuve","34":"tag-peloton","35":"tag-radio-peloton","36":"tag-radio-tour","37":"tag-ravitaillement","38":"tag-relance","39":"tag-sports","40":"tag-uci","41":"tag-velo","42":"tag-velos"},"share_on_mastodon":{"url":"https:\/\/pubeurope.com\/@fr\/115637893546389249","error":""},"_links":{"self":[{"href":"https:\/\/www.europesays.com\/fr\/wp-json\/wp\/v2\/posts\/568503","targetHints":{"allow":["GET"]}}],"collection":[{"href":"https:\/\/www.europesays.com\/fr\/wp-json\/wp\/v2\/posts"}],"about":[{"href":"https:\/\/www.europesays.com\/fr\/wp-json\/wp\/v2\/types\/post"}],"author":[{"embeddable":true,"href":"https:\/\/www.europesays.com\/fr\/wp-json\/wp\/v2\/users\/2"}],"replies":[{"embeddable":true,"href":"https:\/\/www.europesays.com\/fr\/wp-json\/wp\/v2\/comments?post=568503"}],"version-history":[{"count":0,"href":"https:\/\/www.europesays.com\/fr\/wp-json\/wp\/v2\/posts\/568503\/revisions"}],"wp:featuredmedia":[{"embeddable":true,"href":"https:\/\/www.europesays.com\/fr\/wp-json\/wp\/v2\/media\/568504"}],"wp:attachment":[{"href":"https:\/\/www.europesays.com\/fr\/wp-json\/wp\/v2\/media?parent=568503"}],"wp:term":[{"taxonomy":"category","embeddable":true,"href":"https:\/\/www.europesays.com\/fr\/wp-json\/wp\/v2\/categories?post=568503"},{"taxonomy":"post_tag","embeddable":true,"href":"https:\/\/www.europesays.com\/fr\/wp-json\/wp\/v2\/tags?post=568503"}],"curies":[{"name":"wp","href":"https:\/\/api.w.org\/{rel}","templated":true}]}}