{"id":568507,"date":"2025-11-30T09:17:20","date_gmt":"2025-11-30T09:17:20","guid":{"rendered":"https:\/\/www.europesays.com\/fr\/568507\/"},"modified":"2025-11-30T09:17:20","modified_gmt":"2025-11-30T09:17:20","slug":"les-trois-enfants-de-la-princesse-stephanie-rejoignent-le-prince-albert-ii-au-diner-de-gala-des-chefs-etoiles-de-la-principaute","status":"publish","type":"post","link":"https:\/\/www.europesays.com\/fr\/568507\/","title":{"rendered":"Les trois enfants de la princesse St\u00e9phanie rejoignent le prince Albert II au d\u00eener de gala des chefs \u00e9toil\u00e9s de la Principaut\u00e9"},"content":{"rendered":"<p>Le prince Albert II de Monaco a particip\u00e9 \u00e0 la soir\u00e9e de cl\u00f4ture Festival des \u00c9toil\u00e9s Monte-Carlo. Exceptionnellement, les trois enfants de la princesse St\u00e9phanie \u00e9taient r\u00e9unis autour de leur oncle dans la Salle des \u00c9toiles. Un menu six services \u00e9taient concoct\u00e9s par les plus grands chefs \u00e9toil\u00e9s fran\u00e7ais. <\/p>\n<p><strong>Lire aussi : <a href=\"https:\/\/histoiresroyales.fr\/jacques-gabriella-de-monaco-rencontrent-pere-noel-illuminant-place-du-casino-albert-charlene\/\" target=\"_blank\" rel=\"noopener\">Jacques et Gabriella de Monaco rencontrent le P\u00e8re No\u00ebl en illuminant la place du Casino avec leurs parents<\/a><\/strong><\/p>\n<p>Les chefs des \u00e9tablissements mon\u00e9gasques \u00e9toil\u00e9s r\u00e9galent la Principaut\u00e9<\/p>\n<p>Le Festival des \u00c9toil\u00e9s Monte-Carlo d\u00e9bute au printemps et se termine \u00e0 l\u2019automne. Entre avril et novembre des d\u00eeners \u00e0 quatre mains sont propos\u00e9s par les grands chefs qui occupent les cuisines des h\u00f4tels et restaurants de la Soci\u00e9t\u00e9 des Bains de Mer (SBM). Quatre chefs \u00e9toil\u00e9s \u2013 Alain Ducasse, Yannick All\u00e9no, Dominique Lory et Marcel Ravin \u2013 travaillent dans un des \u00e9tablissements du resort de la SBM. <\/p>\n<p><img fetchpriority=\"high\" decoding=\"async\" width=\"1400\" height=\"1351\" src=\"https:\/\/www.europesays.com\/fr\/wp-content\/uploads\/2025\/11\/prince-albert-ii-enfants-princesse-stephanie-de-monaco-chefs-etoiles.jpg\" alt=\"\" class=\"wp-image-230195 lazyload\" data-  \/>Marie et Louis Ducruet, Camille Gottlieb et Pauline Ducruet retrouvent leur oncle pour une soir\u00e9e gastronomique concoct\u00e9e par les chefs \u00e9toil\u00e9s des \u00e9tablissements de la Soci\u00e9t\u00e9 des Bains de Mer (Photo : David Nivi\u00e8re\/SIPA)<\/p>\n<p><img loading=\"lazy\" decoding=\"async\" width=\"1346\" height=\"1776\" src=\"https:\/\/www.europesays.com\/fr\/wp-content\/uploads\/2025\/11\/carte-larvotte-sporting-monte-carlo.jpg\" alt=\"\" class=\"wp-image-151804 lazyload\" data-  \/>La soir\u00e9e de prestige s\u2019est d\u00e9roul\u00e9e dans la Salle des \u00c9toiles du Sporting Monte-Carlo, dans le quartier du Larvotto (Image : Histoires Royales)<\/p>\n<p><strong>Lire aussi : <a href=\"https:\/\/histoiresroyales.fr\/jumeaux-prince-albert-princesse-charlene-illuminent-grand-sapin-de-noel\/\" target=\"_blank\" rel=\"noopener\">Les jumeaux du prince Albert et de la princesse Charl\u00e8ne illuminent le grand sapin de No\u00ebl<\/a><\/strong><\/p>\n<p>Le <a href=\"https:\/\/histoiresroyales.fr\/famille-princiere-monegasque\/albert-ii-de-monaco\/\" target=\"_blank\" rel=\"noopener\">prince Albert II<\/a>, soucieux de mettre en lumi\u00e8re les talents de sa Principaut\u00e9, n\u2019a pas oubli\u00e9 la gastronomie qui contribue \u00e0 l\u2019attrait de Monaco. Ce samedi 29 novembre, le chef de l\u2019\u00c9tat a particip\u00e9 au gala de cl\u00f4ture du festival, point d\u2019orgue du Festival des \u00c9toil\u00e9s Monte-Carlo. La soir\u00e9e de cl\u00f4ture avait lieu dans la magnifique Salle des \u00c9toiles du Sporting Monte-Carlo. <\/p>\n<p><img loading=\"lazy\" decoding=\"async\" width=\"1300\" height=\"867\" src=\"https:\/\/www.europesays.com\/fr\/wp-content\/uploads\/2025\/11\/cedric-grolet-yannick-alleno-chefs-etoiles-prince-albert.jpg\" alt=\"\" class=\"wp-image-230192 lazyload\" data-  \/>Le prince Albert II et les trois enfants de la princesse St\u00e9phanie entour\u00e9s des chefs \u00e9toil\u00e9s des \u00e9tablissements de la SBM. De gauche \u00e0 droite : Marcel Ravin, Yannick Alleno, le pr\u00e9sident de la SBM St\u00e9phane Valeri, Marie Ducruet, Louis Ducruet, le prince Albert II de Monaco, Camille Gottlieb, Pauline Ducruet, Alain Ducasse, C\u00e9dric Grolet, Emmanuel Pilon et Dominique Lory (Photo : David Nivi\u00e8re\/SIPA)<\/p>\n<p><strong>Lire aussi : <a href=\"https:\/\/histoiresroyales.fr\/prince-albert-tout-monaco-reunis-prince-emmanuel-philibert-adriana-abascal-ordre-saints-maurice-et-lazare\/\" target=\"_blank\" rel=\"noopener\">Le prince Albert et le Tout-Monaco r\u00e9unis autour du prince Emmanuel-Philibert et Adriana Abascal<\/a><\/strong><\/p>\n<p>Louis et Marie Ducruet, Pauline Ducruet et Camille Gottlieb assistent au gala de cl\u00f4ture du Festival des \u00c9toil\u00e9s avec le prince Albert II<\/p>\n<p>Le prince Albert II \u00e9tait entour\u00e9 de Louis Ducruet et son \u00e9pouse Marie, Pauline Ducruet et Camille Gottlieb. Il est assez rare que les trois enfants de la princesse St\u00e9phanie soient r\u00e9unis. Si Louis et Camille vivent en Principaut\u00e9 et assistent fr\u00e9quemment \u00e0 des engagements officiels \u00e0 c\u00f4t\u00e9 d\u2019autres membres de la famille Grimaldi, les apparitions de Pauline sont plut\u00f4t rares. Pauline \u00e9tait, par exemple, absente lors des c\u00e9l\u00e9brations de la f\u00eate nationale il y a deux semaines.<\/p>\n<p><img loading=\"lazy\" decoding=\"async\" width=\"1400\" height=\"1413\" src=\"https:\/\/www.europesays.com\/fr\/wp-content\/uploads\/2025\/11\/louis-ducruet-marie-ducruet-chefs-etoiles-soiree-pauline-ducruet.jpg\" alt=\"\" class=\"wp-image-230191 lazyload\" data-  \/>Marie Ducruet, Louis Ducruet, Camille Gottlieb et Pauline Ducruet r\u00e9unis au Sporting Monte-Carlo pour une soir\u00e9e gastronomique (Photo : David Nivi\u00e8re\/SIPA)<\/p>\n<p>Le Festival des \u00c9toil\u00e9s propose de d\u00eener \u00e0 quatre mains entre un chef \u00e9toil\u00e9 d\u2019un \u00e9tablissement mon\u00e9gasque et un autre chef invit\u00e9. Emmanuel Pilon, Domenico D\u2019Antonio et C\u00e9dric Grolet ont rejoint les chefs habituels pour pr\u00e9parer un menu exceptionnel. Le d\u00eener \u00e9tait compos\u00e9 de plats signatures des chefs. Le menu en 6 services, avec accord mets et vins, \u00e9tait propos\u00e9 \u00e0 950 euros.<\/p>\n<p><img loading=\"lazy\" decoding=\"async\" width=\"1300\" height=\"867\" src=\"https:\/\/www.europesays.com\/fr\/wp-content\/uploads\/2025\/11\/marcel-ravin-prince-albert-ii-sporting-chefs-etoiles.jpg\" alt=\"\" class=\"wp-image-230193 lazyload\" data-  \/>Marcel Ravin et le chef d\u2019\u00c9tat mon\u00e9gasque font leur entr\u00e9e dans la Salle des \u00c9toiles (Photo : David Nivi\u00e8re\/SIPA)<\/p>\n<p>Le Blue Bay est le restaurant doublement \u00e9toil\u00e9 au Michelin, qui occupe le Monte-Carlo Bay Hotel &amp; Resort, sous les ordres du chef Marcel Ravin. Marcel Ravin dirige aussi le restaurant de plage \u00e9toil\u00e9 Elsa, d\u00e8s le printemps. Le Grill, dirig\u00e9 par Dominique Lory, est un restaurant \u00e9toil\u00e9 de l\u2019H\u00f4tel de Paris Monte-Carlo. Dans ce m\u00eame h\u00f4tel se trouve aussi le Louis XV, cuisine d\u2019Alain Ducasse, qui lui est triplement \u00e9toil\u00e9. \u00c0 l\u2019h\u00f4tel Hermitage Monte-Carlo, le chef Yannick All\u00e9no tient le restaurant \u00e9toil\u00e9 Pavyllon Monte-Carlo. Yannick All\u00e9no dirige aussi L\u2019Abysse Monte-Carlo, un restaurant doublement \u00e9toil\u00e9 d\u2019inspiration japonaise.<\/p>\n<p>\t\t\t\t<img loading=\"lazy\" alt=\"Avatar photo\" src=\"https:\/\/www.europesays.com\/fr\/wp-content\/uploads\/2025\/04\/1516945716303-164x164.jpeg\"  class=\"avatar avatar-164 photo lazyload\" height=\"164\" width=\"164\" decoding=\"async\"\/><br \/>\n\t\t<a href=\"https:\/\/histoiresroyales.fr\/author\/royaliste123\/\" target=\"_blank\" rel=\"noopener\">Nicolas Fontaine<\/a><br \/>\n\t\t\t\t\tR\u00e9dacteur en chef<\/p>\n<p>Nicolas Fontaine a \u00e9t\u00e9 concepteur-r\u00e9dacteur et auteur pour de nombreuses marques et m\u00e9dias belges et fran\u00e7ais. Sp\u00e9cialiste de l&rsquo;actualit\u00e9 des familles royales, Nicolas a fond\u00e9 le site Histoires royales dont il est le r\u00e9dacteur en chef.&#13;<br \/>\n&#13;<br \/>\nnicolas@histoiresroyales.fr<\/p>\n<p>\t\t\t\t\t\t\t<a href=\"https:\/\/twitter.com\/ActusRoyales\" class=\"boxed-icon fill twitter\" target=\"_blank\" rel=\"noopener\"><\/a><br \/>\n\t\t\t\t\t\t\t\t\t<a href=\"https:\/\/www.instagram.com\/histoiresroyales.fr\/\" class=\"boxed-icon fill instagram\" target=\"_blank\" rel=\"noopener\"><\/a><\/p>\n<p>\t\t\t\t\t\t\t\t\t\t\t\t\t<script async src=\"https:\/\/platform.twitter.com\/widgets.js\" charset=\"utf-8\"><\/script><script async src=\"\/\/www.instagram.com\/embed.js\"><\/script><\/p>\n","protected":false},"excerpt":{"rendered":"Le prince Albert II de Monaco a particip\u00e9 \u00e0 la soir\u00e9e de cl\u00f4ture Festival des \u00c9toil\u00e9s Monte-Carlo. Exceptionnellement,&hellip;\n","protected":false},"author":2,"featured_media":568508,"comment_status":"","ping_status":"","sticky":false,"template":"","format":"standard","meta":{"footnotes":""},"categories":[1359],"tags":[20429,24028,25865,58,59,1011,27,1661,24030,68361,24405,973,68362],"class_list":{"0":"post-568507","1":"post","2":"type-post","3":"status-publish","4":"format-standard","5":"has-post-thumbnail","7":"category-people","8":"tag-albert-ii-de-monaco","9":"tag-camille-gottlieb","10":"tag-chef-cuisinier","11":"tag-divertissement","12":"tag-entertainment","13":"tag-fr","14":"tag-france","15":"tag-gastronomie","16":"tag-louis-ducruet","17":"tag-marie-ducruet","18":"tag-pauline-ducruet","19":"tag-people","20":"tag-restaurant-u00e9toilu00e9"},"share_on_mastodon":{"url":"https:\/\/pubeurope.com\/@fr\/115637902403787799","error":""},"_links":{"self":[{"href":"https:\/\/www.europesays.com\/fr\/wp-json\/wp\/v2\/posts\/568507","targetHints":{"allow":["GET"]}}],"collection":[{"href":"https:\/\/www.europesays.com\/fr\/wp-json\/wp\/v2\/posts"}],"about":[{"href":"https:\/\/www.europesays.com\/fr\/wp-json\/wp\/v2\/types\/post"}],"author":[{"embeddable":true,"href":"https:\/\/www.europesays.com\/fr\/wp-json\/wp\/v2\/users\/2"}],"replies":[{"embeddable":true,"href":"https:\/\/www.europesays.com\/fr\/wp-json\/wp\/v2\/comments?post=568507"}],"version-history":[{"count":0,"href":"https:\/\/www.europesays.com\/fr\/wp-json\/wp\/v2\/posts\/568507\/revisions"}],"wp:featuredmedia":[{"embeddable":true,"href":"https:\/\/www.europesays.com\/fr\/wp-json\/wp\/v2\/media\/568508"}],"wp:attachment":[{"href":"https:\/\/www.europesays.com\/fr\/wp-json\/wp\/v2\/media?parent=568507"}],"wp:term":[{"taxonomy":"category","embeddable":true,"href":"https:\/\/www.europesays.com\/fr\/wp-json\/wp\/v2\/categories?post=568507"},{"taxonomy":"post_tag","embeddable":true,"href":"https:\/\/www.europesays.com\/fr\/wp-json\/wp\/v2\/tags?post=568507"}],"curies":[{"name":"wp","href":"https:\/\/api.w.org\/{rel}","templated":true}]}}