{"id":568511,"date":"2025-11-30T09:20:20","date_gmt":"2025-11-30T09:20:20","guid":{"rendered":"https:\/\/www.europesays.com\/fr\/568511\/"},"modified":"2025-11-30T09:20:20","modified_gmt":"2025-11-30T09:20:20","slug":"sa-prestation-sur-le-prime-de-la-star-academy-2025-etait-magique-20-minutes","status":"publish","type":"post","link":"https:\/\/www.europesays.com\/fr\/568511\/","title":{"rendered":"Sa prestation sur le prime de la Star Academy 2025 \u00e9tait \u00ab magique ! \u00bb &#8211; 20 Minutes"},"content":{"rendered":"<ol>\n<li><a href=\"https:\/\/news.google.com\/rss\/articles\/CBMikwFBVV95cUxQbzhTU3BTWU1JLWhmOVFXSGxZcW9nX0FtUGQ2RFc5ak5xV2F2RzRhMGJHMGJiTXFjSnZFVTY2cnNZMFlDMWFVVTRRY2VIbEpHbkJYWm9vcU0xRU5YMWFORVlJMG92MTUxVEVtYmExY29xdjVzZlNDSnRMcXdiVHRjMHZpVEgzU0pYZFRIX3huOUFWQjA?oc=5\" target=\"_blank\" rel=\"noopener\">Sa prestation sur le prime de la Star Academy 2025 \u00e9tait \u00ab magique ! \u00bb<\/a>&nbsp;&nbsp;20 Minutes<\/li>\n<li><a href=\"https:\/\/news.google.com\/rss\/articles\/CBMiswFBVV95cUxNWmlQcEtoVTR3WUtYaUhsR2J0RGpqaVJTZUthajJodDJVMUdpX0RxdEJRekx5dEwxczhzekZMRkNSdV95RFV2OGljZVJtVTZmbWJFTHFlWDlSZUN3RDlDME52MnBNdUNZLV84ZEdrajNMWloxMHNTOW1WMlBhN2ZVMWpjbGNPRnNfaEs0M3lRSmdSMG9Jb0FoUHN2c3AxOE9VMXdDUTlsN21zT1hWcUIxRGtoNA?oc=5\" target=\"_blank\" rel=\"noopener\">\u00ab Star Academy \u00bb : Anouk surprise par son p\u00e8re en plein prime (vid\u00e9o)<\/a>&nbsp;&nbsp;Soirmag<\/li>\n<li><a href=\"https:\/\/news.google.com\/rss\/articles\/CBMipwJBVV95cUxQa0JPU0FvdjRFVDNmRkswY2ZZRjJRc3YzaVNsa3FCNjlPUHk2SVJTTXI3MU01cTNMblc1TzBITkRhRWpkenNOYThwRXJWdEtFb3FxaDRQd09faE9vMXFYc242am83UlJLOWRBUmx0WlYwaE1yemdnbGNTWmtyV3JERElEV2hEWEFSSjJkUmRHZ2IzQTNMMW5CMkYwVndLRzdGUVBuQVB0dUNHUW1WV20zYlR6dHlDNHhoMmpyc1Ixd2RDX0lsdk5xUE03c0lUZ0dSWTN0OExnX1ZKTUlOR0w5aGJGTFZEV2h4Q0xuNnR2emtHYVJrY01MUkQwd2xpNUZnOFV1bjVINjB6aFhsenBRM0h4bFRWT2VXbUxxT1RsRjFfOC1RVlRN?oc=5\" target=\"_blank\" rel=\"noopener\">Star Academy : Anouk immunis\u00e9e, \u00ab\u00a0lib\u00e9r\u00e9e\u00a0\u00bb\u2026 et d\u00e9j\u00e0 en route pour la finale ? Voici ce que vous avez rat\u00e9 du prime des \u00ab\u00a0Destins li\u00e9s\u00a0\u00bb !<\/a>&nbsp;&nbsp;DHnet<\/li>\n<li><a href=\"https:\/\/news.google.com\/rss\/articles\/CBMizgFBVV95cUxOLXpqQnZtVnl5Q0lBQzZLVkk1ajktUzEtdk5wcmROQ0k1M3NMOU5wMENlT01TMzlxdjZfVlBnOGtyNThQQWc0QVRFUmxmNWNKVXlxdmE0LWY2aHFvMUFfZnZlNnpsdWdVUzVmRkJzRnF0SVhOTTFSTl95MHFYVjZJNktaM0VEdWlJS1l4cGhRQWV0d216Q21EQmFWUDVvSFhHTXNJcm1ZRmJuQ2Q0bFp3Mm5WZWg1elJhbDFnNnVfbGhTbEJUVldIUGVjQkpjZw?oc=5\" target=\"_blank\" rel=\"noopener\">\u00ab Star Academy \u00bb : Th\u00e9o fait du \u00ab jamais vu \u00bb, L\u00e9o d\u00e9colle enfin, \u00ab de la t\u00e9l\u00e9 spectaculaire \u00bb, voici nos passages pr\u00e9f\u00e9r\u00e9s du 7e prime<\/a>&nbsp;&nbsp;La Voix du Nord<\/li>\n<li><a href=\"https:\/\/news.google.com\/rss\/articles\/CBMi_gFBVV95cUxNT3ljemJhNmVzTHFaS1lyRUo1ZmYyQjBpeTN4Z2hrbWNtSHpEZlFnTlZRTFJ0NUtfNGdzcDNuLVc5ZGpaMjF2OE5CbG1QZUpERkZ6VFFzUHhfRVFPR0Vpb0dncG5EbXIwTlh3NW80NG5FSi1EQVdtaEFkT1oyS1ktMnpsS2RyQ3U4U3phOVBPcjU2QzhaRjNLSF95SnRJbmNrVHQtaE1IV1RVQXp6ZTlyRXNVYzVZbmRaYmVKWmhvT09TSWpZUUJWbHN1VDc1N3lEY1hhWGQ0SGRFNG15cElud2lLQmpTYTNCV3JETGRTcmdFTFBLbEJ6aE5uN1RpQQ?oc=5\" target=\"_blank\" rel=\"noopener\">\u00ab\u00a0Le premier \u00e0 faire \u00e7a\u00a0\u00bb : Jonathan Jenvrin (Star Academy 2025) annonce une grande nouveaut\u00e9 pour le prime de ce samedi 29 novembre<\/a>&nbsp;&nbsp;Purepeople<\/li>\n<\/ol>\n","protected":false},"excerpt":{"rendered":"Sa prestation sur le prime de la Star Academy 2025 \u00e9tait \u00ab magique ! \u00bb&nbsp;&nbsp;20 Minutes \u00ab Star&hellip;\n","protected":false},"author":2,"featured_media":568512,"comment_status":"","ping_status":"","sticky":false,"template":"","format":"standard","meta":{"footnotes":""},"categories":[1356],"tags":[58,59,1011,27,10827,5095,252,199,1364],"class_list":{"0":"post-568511","1":"post","2":"type-post","3":"status-publish","4":"format-standard","5":"has-post-thumbnail","7":"category-television","8":"tag-divertissement","9":"tag-entertainment","10":"tag-fr","11":"tag-france","12":"tag-nikos-aliagas","13":"tag-star-academy","14":"tag-television","15":"tag-tf1","16":"tag-tv"},"share_on_mastodon":{"url":"https:\/\/pubeurope.com\/@fr\/115637913154854585","error":""},"_links":{"self":[{"href":"https:\/\/www.europesays.com\/fr\/wp-json\/wp\/v2\/posts\/568511","targetHints":{"allow":["GET"]}}],"collection":[{"href":"https:\/\/www.europesays.com\/fr\/wp-json\/wp\/v2\/posts"}],"about":[{"href":"https:\/\/www.europesays.com\/fr\/wp-json\/wp\/v2\/types\/post"}],"author":[{"embeddable":true,"href":"https:\/\/www.europesays.com\/fr\/wp-json\/wp\/v2\/users\/2"}],"replies":[{"embeddable":true,"href":"https:\/\/www.europesays.com\/fr\/wp-json\/wp\/v2\/comments?post=568511"}],"version-history":[{"count":0,"href":"https:\/\/www.europesays.com\/fr\/wp-json\/wp\/v2\/posts\/568511\/revisions"}],"wp:featuredmedia":[{"embeddable":true,"href":"https:\/\/www.europesays.com\/fr\/wp-json\/wp\/v2\/media\/568512"}],"wp:attachment":[{"href":"https:\/\/www.europesays.com\/fr\/wp-json\/wp\/v2\/media?parent=568511"}],"wp:term":[{"taxonomy":"category","embeddable":true,"href":"https:\/\/www.europesays.com\/fr\/wp-json\/wp\/v2\/categories?post=568511"},{"taxonomy":"post_tag","embeddable":true,"href":"https:\/\/www.europesays.com\/fr\/wp-json\/wp\/v2\/tags?post=568511"}],"curies":[{"name":"wp","href":"https:\/\/api.w.org\/{rel}","templated":true}]}}