{"id":568513,"date":"2025-11-30T09:21:15","date_gmt":"2025-11-30T09:21:15","guid":{"rendered":"https:\/\/www.europesays.com\/fr\/568513\/"},"modified":"2025-11-30T09:21:15","modified_gmt":"2025-11-30T09:21:15","slug":"le-rappeur-vald-conquiert-paris-la-defense-arena-et-sort-un-nouvel-album","status":"publish","type":"post","link":"https:\/\/www.europesays.com\/fr\/568513\/","title":{"rendered":"Le rappeur Vald conquiert Paris La D\u00e9fense Arena et sort un nouvel album"},"content":{"rendered":"<p>\n    <strong>NOUS Y \u00c9TIONS &#8211;<\/strong> En invitant Orelsan, Damso, Fianso et Vladimir Cauchemar sur sc\u00e8ne, le rappeur a livr\u00e9 l\u2019un des plus gros concerts de rap de l\u2019ann\u00e9e devant une foule de 40.000 personnes. Une performance qui restera grav\u00e9e dans les m\u00e9moires.<\/p>\n<p class=\"fig-paragraph\">Pas grand monde l\u2019attendait \u00e0 ce niveau. Et pourtant,\u00a0<a href=\"http:\/\/www.lefigaro.fr\/musique\/aux-francofolies-booba-et-vald-font-mumuse-sch-remporte-la-mise-20220718\" data-fig-type=\"Article\" data-gtm-custom-categorie=\"navigation\" data-gtm-custom-action=\"crossclick\" data-gtm-custom-label=\"Contextuel\" data-gtm-event=\"customEventSPE\" data-fig-domain=\"LEFIGARO\" target=\"_blank\" rel=\"noopener\">Vald<\/a>\u00a0a peut-\u00eatre donn\u00e9 l\u2019un des meilleurs concerts de rap de l\u2019ann\u00e9e, hier soir, \u00e0\u00a0<a href=\"http:\/\/www.lefigaro.fr\/culture\/le-rappeur-booba-en-majeste-a-paris-la-defense-arena-20251011\" data-fig-type=\"Article\" data-gtm-custom-categorie=\"navigation\" data-gtm-custom-action=\"crossclick\" data-gtm-custom-label=\"Contextuel\" data-gtm-event=\"customEventSPE\" data-fig-domain=\"LEFIGARO\" target=\"_blank\" rel=\"noopener\">Paris La D\u00e9fense Arena<\/a>. Durant plus de deux heures, le natif de Blanc-Mesnil a interpr\u00e9t\u00e9 la quasi-totalit\u00e9 des morceaux de son dernier disque, mais aussi son riche catalogue de tubes qu\u2019il alimente depuis ses d\u00e9buts dans le milieu il y a une dizaine d\u2019ann\u00e9es.<\/p>\n<p class=\"fig-paragraph\">Ces sept derniers mois, Vald a pein\u00e9 \u00e0 vendre la totalit\u00e9 des billets pour son concert, le plus gros de sa carri\u00e8re \u00e0 ce jour. Encore cette semaine, il invitait ses fans \u00e0 acheter des places. Finalement, il a r\u00e9ussi \u00e0 faire salle comble. 40. 000 personnes, selon son \u00e9quipe. Mais force est de constater que des si\u00e8ges restaient vides, surtout dans les tribunes sup\u00e9rieures. Il faut dire que le rappeur avait un peu disparu du paysage musical ces derni\u00e8res ann\u00e9es. Pendant que\u00a0<a href=\"http:\/\/www.lefigaro.fr\/musique\/ouverture-de-la-billetterie-jul-en-hold-up-organise-20251105\" data-fig-type=\"Article\" data-gtm-custom-categorie=\"navigation\" data-gtm-custom-action=\"crossclick\" data-gtm-custom-label=\"Contextuel\" data-gtm-event=\"customEventSPE\" data-fig-domain=\"LEFIGARO\" target=\"_blank\" rel=\"noopener\">Jul<\/a>,\u00a0<a href=\"http:\/\/www.lefigaro.fr\/musique\/sch-voyage-de-marseille-a-paris-dans-le-clip-nostalgique-du-film-marcel-et-monsieur-pagnol-20251010\" data-fig-type=\"NewsFlash\" data-gtm-custom-categorie=\"navigation\" data-gtm-custom-action=\"crossclick\" data-gtm-custom-label=\"Contextuel\" data-gtm-event=\"customEventSPE\" data-fig-domain=\"LEFIGARO\" target=\"_blank\" rel=\"noopener\">SCH<\/a>,\u00a0<a href=\"http:\/\/www.lefigaro.fr\/musique\/le-rappeur-tiakola-celebre-les-jeux-de-paris-a-la-courneuve-lors-d-un-concert-marque-par-de-nombreux-debordements-20250727\" data-fig-type=\"NewsFlash\" data-gtm-custom-categorie=\"navigation\" data-gtm-custom-action=\"crossclick\" data-gtm-custom-label=\"Contextuel\" data-gtm-event=\"customEventSPE\" data-fig-domain=\"LEFIGARO\" target=\"_blank\" rel=\"noopener\">Tiakola<\/a>\u00a0ou\u00a0<a href=\"http:\/\/www.lefigaro.fr\/musique\/le-rappeur-sdm-insulte-par-le-public-quitte-son-concert-caritatif-a-kinshasa-20250825\" data-fig-type=\"Article\" data-gtm-custom-categorie=\"navigation\" data-gtm-custom-action=\"crossclick\" data-gtm-custom-label=\"Contextuel\" data-gtm-event=\"customEventSPE\" data-fig-domain=\"LEFIGARO\" target=\"_blank\" rel=\"noopener\">SDM<\/a>\u00a0sortaient des albums et singles \u00e0 tout va, Vald se faisait discret.<\/p>\n<p>    Vald a lanc\u00e9 les hostilit\u00e9s \u00e0 21 heures \u00e0 Paris La D\u00e9fense Arena. Il a conclu son show \u00e0 23 heures avant l\u2019annonce de la sortie de son nouvel album Magnificat.<br \/>\n                Tony Lopez<\/p>\n<p class=\"fig-paragraph\">Jusqu\u2019en mars, donc, o\u00f9 il a sorti son\u2026<\/p>\n<p class=\"fig-premium-paywall__infos\">\n        Cet article est r\u00e9serv\u00e9 aux abonn\u00e9s.        Il vous reste 81% \u00e0 d\u00e9couvrir.\n    <\/p>\n<p>                <img  data- alt=\"Le Figaro\" class=\"fig-img--complete fig-img\"\/><\/p>\n<p class=\"fig-premium-paywall__title\">Black Friday : derniers jours<\/p>\n<p class=\"fig-premium-paywall__subtitle\">-70% sur l&rsquo;abonnement num\u00e9rique<\/p>\n<p class=\"fig-premium-paywall__connect\">\n                D\u00e9j\u00e0 abonn\u00e9\u00a0?                <a class=\"fig-premium-paywall__connect-link\" href=\"https:\/\/connect.lefigaro.fr\/login?client=horizon_web&amp;type=main&amp;redirect_uri=https%3A%2F%2Fwww.lefigaro.fr%2Fmusique%2Fle-rappeur-vald-conquiert-paris-la-defense-arena-et-sort-un-nouvel-album-20251130\" data-js-gtm=\"{&quot;customCategorie&quot;: &quot;conversion&quot;, &quot;customAction&quot;: &quot;before_Landing_Connexion_paywall_auto&quot;, &quot;customLabel&quot;: &quot;bGVmaWdhcm8uZnJfXzFmMGNkNDVjLTg4YWItNjQ4ZS05OWQ5LTExNTY0NjBlODc3Ml9fTmV3c0ZsYXNo_Le rappeur Vald conquiert Paris La D\u00e9fense Arena et sort un nouvel album_35&quot;, &quot;customIDSPE&quot;: &quot;bGVmaWdhcm8uZnJfXzFmMGNkNDVjLTg4YWItNjQ4ZS05OWQ5LTExNTY0NjBlODc3Ml9fTmV3c0ZsYXNo&quot;, &quot;event&quot;: &quot;customEventSPE&quot;}\" target=\"_blank\" rel=\"noopener\"><br \/>\n                    Connectez-vous<br \/>\n                <\/a>\n            <\/p>\n","protected":false},"excerpt":{"rendered":"NOUS Y \u00c9TIONS &#8211; En invitant Orelsan, Damso, Fianso et Vladimir Cauchemar sur sc\u00e8ne, le rappeur a livr\u00e9&hellip;\n","protected":false},"author":2,"featured_media":568514,"comment_status":"","ping_status":"","sticky":false,"template":"","format":"standard","meta":{"footnotes":""},"categories":[1355],"tags":[58,59,1011,27,1877,1361,873,3616,44725],"class_list":{"0":"post-568513","1":"post","2":"type-post","3":"status-publish","4":"format-standard","5":"has-post-thumbnail","7":"category-musique","8":"tag-divertissement","9":"tag-entertainment","10":"tag-fr","11":"tag-france","12":"tag-la-defense","13":"tag-music","14":"tag-musique","15":"tag-rap","16":"tag-vald"},"share_on_mastodon":{"url":"https:\/\/pubeurope.com\/@fr\/115637917123056052","error":""},"_links":{"self":[{"href":"https:\/\/www.europesays.com\/fr\/wp-json\/wp\/v2\/posts\/568513","targetHints":{"allow":["GET"]}}],"collection":[{"href":"https:\/\/www.europesays.com\/fr\/wp-json\/wp\/v2\/posts"}],"about":[{"href":"https:\/\/www.europesays.com\/fr\/wp-json\/wp\/v2\/types\/post"}],"author":[{"embeddable":true,"href":"https:\/\/www.europesays.com\/fr\/wp-json\/wp\/v2\/users\/2"}],"replies":[{"embeddable":true,"href":"https:\/\/www.europesays.com\/fr\/wp-json\/wp\/v2\/comments?post=568513"}],"version-history":[{"count":0,"href":"https:\/\/www.europesays.com\/fr\/wp-json\/wp\/v2\/posts\/568513\/revisions"}],"wp:featuredmedia":[{"embeddable":true,"href":"https:\/\/www.europesays.com\/fr\/wp-json\/wp\/v2\/media\/568514"}],"wp:attachment":[{"href":"https:\/\/www.europesays.com\/fr\/wp-json\/wp\/v2\/media?parent=568513"}],"wp:term":[{"taxonomy":"category","embeddable":true,"href":"https:\/\/www.europesays.com\/fr\/wp-json\/wp\/v2\/categories?post=568513"},{"taxonomy":"post_tag","embeddable":true,"href":"https:\/\/www.europesays.com\/fr\/wp-json\/wp\/v2\/tags?post=568513"}],"curies":[{"name":"wp","href":"https:\/\/api.w.org\/{rel}","templated":true}]}}