{"id":568517,"date":"2025-11-30T09:23:10","date_gmt":"2025-11-30T09:23:10","guid":{"rendered":"https:\/\/www.europesays.com\/fr\/568517\/"},"modified":"2025-11-30T09:23:10","modified_gmt":"2025-11-30T09:23:10","slug":"sommes-nous-deja-au-maximum-de-notre-longevite","status":"publish","type":"post","link":"https:\/\/www.europesays.com\/fr\/568517\/","title":{"rendered":"sommes-nous d\u00e9j\u00e0 au maximum de notre long\u00e9vit\u00e9 ?"},"content":{"rendered":"<p>\t\t\t\t\t La progression fulgurante de l\u2019esp\u00e9rance de vie<\/p>\n<p>Au cours des si\u00e8cles pass\u00e9s, vivre au-del\u00e0 de 40 ans relevait de l\u2019exploit. Aujourd\u2019hui, dans des pays comme la France, l\u2019esp\u00e9rance de vie avoisine les <strong>79 ans pour les hommes<\/strong> et les <strong>85 ans pour les femmes<\/strong>. Cette progression a \u00e9t\u00e9 rendue possible gr\u00e2ce \u00e0 :<\/p>\n<ul>\n<li><strong>La r\u00e9duction de la mortalit\u00e9 infantile<\/strong>, gr\u00e2ce aux vaccins et \u00e0 l\u2019am\u00e9lioration des conditions d\u2019hygi\u00e8ne.<\/li>\n<li><strong>Les avanc\u00e9es m\u00e9dicales<\/strong>, comme les antibiotiques, les traitements des <a href=\"https:\/\/journaldesseniors.20minutes.fr\/sante\/esperance-de-vie-maladie-alzheimer\/\" target=\"_blank\" rel=\"noopener\">maladies chroniques<\/a> ou encore les transplantations.<\/li>\n<li><strong>Une meilleure nutrition et des conditions de travail moins dangereuses.<\/strong><\/li>\n<\/ul>\n<p>Cependant, cette courbe ascendante montre des signes de ralentissement dans les pays riches, une tendance qui soul\u00e8ve de nombreuses interrogations.<\/p>\n<p> Pourquoi l\u2019esp\u00e9rance de vie plafonne-t-elle dans les pays riches ?<\/p>\n<p>Depuis les ann\u00e9es 1990, les gains en esp\u00e9rance de vie se font plus modestes dans les pays d\u00e9velopp\u00e9s. Plusieurs facteurs expliquent ce ph\u00e9nom\u00e8ne :<\/p>\n<ul>\n<li><strong>L\u2019impact des maladies li\u00e9es au vieillissement<\/strong>, comme les cancers ou les maladies neurod\u00e9g\u00e9n\u00e9ratives, devient plus difficile \u00e0 pr\u00e9venir ou traiter.<\/li>\n<li><strong>Les in\u00e9galit\u00e9s sociales<\/strong> continuent de peser sur l\u2019esp\u00e9rance de vie. Par exemple, en France, un homme ouvrier vit en moyenne <strong>5,3 ans de moins qu\u2019un cadre<\/strong>.<\/li>\n<li><strong>Les nouveaux modes de vie<\/strong>, incluant une alimentation transform\u00e9e et une s\u00e9dentarit\u00e9 accrue, augmentent les risques de maladies m\u00e9taboliques (diab\u00e8te, ob\u00e9sit\u00e9).<\/li>\n<\/ul>\n<p>Ces limites biologiques et soci\u00e9tales freinent les avanc\u00e9es, bien que des solutions soient en d\u00e9veloppement.<\/p>\n<p>Supercentenaires et records de long\u00e9vit\u00e9 : jusqu\u2019o\u00f9 peut-on aller ?<\/p>\n<p>Aujourd\u2019hui, la personne ayant v\u00e9cu le plus longtemps est Jeanne Calment, d\u00e9c\u00e9d\u00e9e \u00e0 <strong>122 ans<\/strong> en 1997. Cet \u00e2ge semble \u00eatre un plafond naturel pour les humains. Mais pourquoi ?<\/p>\n<p>Les chercheurs estiment que notre long\u00e9vit\u00e9 maximale est d\u00e9termin\u00e9e par plusieurs facteurs :<\/p>\n<ul>\n<li><strong>La g\u00e9n\u00e9tique<\/strong>, qui joue un r\u00f4le cl\u00e9 dans la r\u00e9sistance au vieillissement.<\/li>\n<li><strong>La capacit\u00e9 du corps \u00e0 r\u00e9parer les dommages cellulaires<\/strong>, qui diminue avec l\u2019\u00e2ge.<\/li>\n<li><strong>La r\u00e9serve fonctionnelle des organes<\/strong>, qui s\u2019\u00e9puise progressivement.<\/li>\n<\/ul>\n<p>Cependant, des voix s\u2019\u00e9l\u00e8vent pour dire que ce plafond pourrait \u00eatre repouss\u00e9, notamment gr\u00e2ce aux avanc\u00e9es scientifiques.<\/p>\n<p> La science peut-elle encore prolonger la vie humaine ?<\/p>\n<p>Les laboratoires du monde entier travaillent sur des pistes prometteuses pour ralentir le vieillissement et, peut-\u00eatre, prolonger notre esp\u00e9rance de vie maximale :<\/p>\n<ul>\n<li><strong>La m\u00e9decine r\u00e9g\u00e9n\u00e9rative<\/strong>, qui utilise des cellules souches pour r\u00e9parer les tissus endommag\u00e9s.<\/li>\n<li><strong>La lutte contre le stress oxydatif<\/strong>, via des antioxydants ou des mol\u00e9cules protectrices.<\/li>\n<li><strong>Les interventions g\u00e9n\u00e9tiques<\/strong>, comme CRISPR, qui pourraient corriger des mutations li\u00e9es au vieillissement.<\/li>\n<li><strong>Les th\u00e9rapies contre les \u00ab\u00a0maladies de l\u2019\u00e2ge\u00a0\u00bb<\/strong>, notamment Alzheimer, le diab\u00e8te ou les maladies cardiovasculaires.<\/li>\n<\/ul>\n<p>Si ces technologies se d\u00e9mocratisent, il est envisageable de vivre au-del\u00e0 de 120 ans, voire plus, dans des conditions optimales.<\/p>\n<p> Pourquoi le d\u00e9bat sur la qualit\u00e9 de vie est plus important que jamais<\/p>\n<p>Vivre plus longtemps, oui, mais dans quelles conditions ? Cette question devient essentielle alors que l\u2019accent est souvent mis sur la dur\u00e9e de vie et non sur sa qualit\u00e9. Vieillir en bonne sant\u00e9 n\u00e9cessite une approche globale :<\/p>\n<ul>\n<li><strong>Privil\u00e9gier une alimentation \u00e9quilibr\u00e9e<\/strong>, riche en nutriments essentiels.<\/li>\n<li><strong>Maintenir une activit\u00e9 physique r\u00e9guli\u00e8re<\/strong>, adapt\u00e9e \u00e0 son \u00e2ge et \u00e0 ses capacit\u00e9s.<\/li>\n<li><strong>Cultiver des liens sociaux<\/strong>, qui participent au bien-\u00eatre mental et physique.<\/li>\n<\/ul>\n<p>Ces strat\u00e9gies simples et accessibles permettent non seulement de vivre plus longtemps, mais surtout de mieux vivre.<\/p>\n<p>La cl\u00e9 n\u2019est peut-\u00eatre pas dans les ann\u00e9es ajout\u00e9es, mais dans leur qualit\u00e9<\/p>\n<p>Si nous avons peut-\u00eatre atteint un plafond en termes d\u2019esp\u00e9rance de vie, cela ne signifie pas que tout est fig\u00e9. La science continue de repousser les fronti\u00e8res du possible, mais l\u2019accent doit \u00eatre mis sur <strong>la <a href=\"https:\/\/journaldesseniors.20minutes.fr\/actualite\/ou-vieillit-on-mieux-europe-pays-champions-sante-longue-duree\/\" target=\"_blank\" rel=\"noopener\">qualit\u00e9 de nos ann\u00e9es suppl\u00e9mentaires<\/a><\/strong>. Vieillir en restant actif, en bonne sant\u00e9 et \u00e9panoui, voil\u00e0 un d\u00e9fi \u00e0 la hauteur de l\u2019humanit\u00e9. Alors, plut\u00f4t que de courir apr\u00e8s des records, pourquoi ne pas commencer par soigner notre quotidien ?<\/p>\n","protected":false},"excerpt":{"rendered":"La progression fulgurante de l\u2019esp\u00e9rance de vie Au cours des si\u00e8cles pass\u00e9s, vivre au-del\u00e0 de 40 ans relevait&hellip;\n","protected":false},"author":2,"featured_media":568518,"comment_status":"","ping_status":"","sticky":false,"template":"","format":"standard","meta":{"footnotes":""},"categories":[10],"tags":[1011,27,72,56,71],"class_list":{"0":"post-568517","1":"post","2":"type-post","3":"status-publish","4":"format-standard","5":"has-post-thumbnail","7":"category-sante","8":"tag-fr","9":"tag-france","10":"tag-health","11":"tag-push","12":"tag-sante"},"share_on_mastodon":{"url":"https:\/\/pubeurope.com\/@fr\/115637924946462774","error":""},"_links":{"self":[{"href":"https:\/\/www.europesays.com\/fr\/wp-json\/wp\/v2\/posts\/568517","targetHints":{"allow":["GET"]}}],"collection":[{"href":"https:\/\/www.europesays.com\/fr\/wp-json\/wp\/v2\/posts"}],"about":[{"href":"https:\/\/www.europesays.com\/fr\/wp-json\/wp\/v2\/types\/post"}],"author":[{"embeddable":true,"href":"https:\/\/www.europesays.com\/fr\/wp-json\/wp\/v2\/users\/2"}],"replies":[{"embeddable":true,"href":"https:\/\/www.europesays.com\/fr\/wp-json\/wp\/v2\/comments?post=568517"}],"version-history":[{"count":0,"href":"https:\/\/www.europesays.com\/fr\/wp-json\/wp\/v2\/posts\/568517\/revisions"}],"wp:featuredmedia":[{"embeddable":true,"href":"https:\/\/www.europesays.com\/fr\/wp-json\/wp\/v2\/media\/568518"}],"wp:attachment":[{"href":"https:\/\/www.europesays.com\/fr\/wp-json\/wp\/v2\/media?parent=568517"}],"wp:term":[{"taxonomy":"category","embeddable":true,"href":"https:\/\/www.europesays.com\/fr\/wp-json\/wp\/v2\/categories?post=568517"},{"taxonomy":"post_tag","embeddable":true,"href":"https:\/\/www.europesays.com\/fr\/wp-json\/wp\/v2\/tags?post=568517"}],"curies":[{"name":"wp","href":"https:\/\/api.w.org\/{rel}","templated":true}]}}