{"id":568527,"date":"2025-11-30T09:28:15","date_gmt":"2025-11-30T09:28:15","guid":{"rendered":"https:\/\/www.europesays.com\/fr\/568527\/"},"modified":"2025-11-30T09:28:15","modified_gmt":"2025-11-30T09:28:15","slug":"les-envoyes-tres-speciaux-de-donald-trump-au-moyen-orient","status":"publish","type":"post","link":"https:\/\/www.europesays.com\/fr\/568527\/","title":{"rendered":"Les envoy\u00e9s tr\u00e8s sp\u00e9ciaux de Donald Trump au Moyen-Orient"},"content":{"rendered":"\n<p class=\"article__paragraph  \">Traiter du Moyen-Orient semble devenu un moyen tr\u00e8s s\u00fbr d\u2019acc\u00e9der aux premiers cercles du pouvoir aux Etats-Unis. A moins que ce ne soit l\u2019inverse, tant la gestion erratique de Donald Trump a brouill\u00e9 les lignes au sommet de l\u2019Etat am\u00e9ricain.<\/p>\n<p>                              Lire aussi |  Article r\u00e9serv\u00e9 \u00e0 nos abonn\u00e9s  <a href=\"https:\/\/www.lemonde.fr\/international\/article\/2025\/10\/19\/comment-l-administration-trump-met-au-pas-la-securite-nationale-des-etats-unis_6648098_3210.html\" class=\"js-article-read-also catcher--favoris__link\" data-premium=\"1\" id=\"article-title-3435217\" target=\"_blank\" rel=\"noopener\">Comment l\u2019administration Trump met au pas la s\u00e9curit\u00e9 nationale des Etats-Unis<\/a>    <\/p>\n<p>   Lire plus tard  <\/p>\n<p class=\"article__paragraph  \">C\u2019est ainsi que la politique \u00e9trang\u00e8re est conduite par un carr\u00e9 de choc compos\u00e9 du vice-pr\u00e9sident, J. D.\u00a0Vance, du ministre des affaires \u00e9trang\u00e8res, Marco Rubio, du secr\u00e9taire au Tr\u00e9sor, Scott Bessent (du fait de l\u2019importance in\u00e9dite des droits de douane), et de Steve Witkoff.<\/p>\n<p class=\"article__paragraph  \">Ce dernier, ancien partenaire d\u2019affaires et de golf du pr\u00e9sident, \u00e9clipse ainsi le chef du Pentagone et les patrons des agences de renseignement. La <a href=\"https:\/\/www.lemonde.fr\/un-si-proche-orient\/article\/2025\/03\/09\/steve-witkoff-le-super-envoye-special-de-donald-trump-du-moyen-orient-jusqu-en-ukraine_6577439_6116995.html\" target=\"_blank\" rel=\"noopener\">promotion est spectaculaire pour Witkoff<\/a>, d\u2019abord nomm\u00e9 envoy\u00e9 sp\u00e9cial pour le Moyen-Orient, avant de devenir l\u2019\u00e9missaire de Trump aupr\u00e8s de Poutine, malgr\u00e9 les critiques r\u00e9currentes sur son manque de rigueur et de professionnalisme. Peu importe au pr\u00e9sident am\u00e9ricain, qui a couvert Witkoff d\u2019\u00e9loges lors de son discours triomphal devant le Parlement isra\u00e9lien, le 13\u00a0octobre, affirmant que \u00ab\u00a0tout le monde l\u2019aim[ait]\u00a0\u00bb.<\/p>\n<p>           Jared, Tommy et les autres           <\/p>\n<p class=\"article__paragraph  \">Durant son premier mandat, de 2017\u00a0\u00e0 2021, Donald Trump avait choisi comme \u00e9missaire au Moyen-Orient son propre gendre, Jared Kushner. Celui-ci l\u2019avait repr\u00e9sent\u00e9 lors de la c\u00e9r\u00e9monie d\u2019installation \u00e0 J\u00e9rusalem de la nouvelle ambassade des Etats-Unis, en\u00a02018. Il avait lanc\u00e9, deux ans plus tard, la dynamique des accords d\u2019Abraham de normalisation entre Isra\u00ebl et les Emirats arabes unis, suivis de Bahre\u00efn, du Maroc et du Soudan.<\/p>\n<p class=\"article__paragraph  \">Kushner a apport\u00e9 son approche tr\u00e8s transactionnelle aux <a href=\"https:\/\/www.lemonde.fr\/un-si-proche-orient\/article\/2025\/09\/21\/le-plan-americain-pour-expulser-des-centaines-de-milliers-de-palestiniens-de-gaza_6642189_6116995.html\" target=\"_blank\" rel=\"noopener\">r\u00e9flexions de la Maison Blanche sur Gaza<\/a>, \u00e9paulant Witkoff dans l\u2019accompagnement du r\u00e9cent \u00ab\u00a0plan Trump\u00a0\u00bb. Cependant, c\u2019est Bishara Bahbah qui avait \u00e9t\u00e9 charg\u00e9, en mai, de la lib\u00e9ration du dernier otage am\u00e9ricain aux mains du Hamas. Bahbah, un Palestinien natif de J\u00e9rusalem, longtemps encart\u00e9 au Parti d\u00e9mocrate, avait fond\u00e9, en\u00a02024, l\u2019association des\u00a0Arabo-Am\u00e9ricains pour Trump\u00a0afin de protester contre la politique de Joe Biden \u00e0 Gaza. A l\u2019\u00e9vidence, la nouvelle administration a tenu \u00e0 r\u00e9compenser un tel ralliement.<\/p>\n<p class=\"reading-mode-only \"><strong>Il vous reste 60.19% de cet article \u00e0 lire. La suite est r\u00e9serv\u00e9e aux abonn\u00e9s.<\/strong><\/p>\n","protected":false},"excerpt":{"rendered":"Traiter du Moyen-Orient semble devenu un moyen tr\u00e8s s\u00fbr d\u2019acc\u00e9der aux premiers cercles du pouvoir aux Etats-Unis. A&hellip;\n","protected":false},"author":2,"featured_media":568528,"comment_status":"","ping_status":"","sticky":false,"template":"","format":"standard","meta":{"footnotes":""},"categories":[5],"tags":[11,1011,27,14,12,28],"class_list":{"0":"post-568527","1":"post","2":"type-post","3":"status-publish","4":"format-standard","5":"has-post-thumbnail","7":"category-international","8":"tag-actualites","9":"tag-fr","10":"tag-france","11":"tag-international","12":"tag-news","13":"tag-world"},"share_on_mastodon":{"url":"https:\/\/pubeurope.com\/@fr\/115637944809745715","error":""},"_links":{"self":[{"href":"https:\/\/www.europesays.com\/fr\/wp-json\/wp\/v2\/posts\/568527","targetHints":{"allow":["GET"]}}],"collection":[{"href":"https:\/\/www.europesays.com\/fr\/wp-json\/wp\/v2\/posts"}],"about":[{"href":"https:\/\/www.europesays.com\/fr\/wp-json\/wp\/v2\/types\/post"}],"author":[{"embeddable":true,"href":"https:\/\/www.europesays.com\/fr\/wp-json\/wp\/v2\/users\/2"}],"replies":[{"embeddable":true,"href":"https:\/\/www.europesays.com\/fr\/wp-json\/wp\/v2\/comments?post=568527"}],"version-history":[{"count":0,"href":"https:\/\/www.europesays.com\/fr\/wp-json\/wp\/v2\/posts\/568527\/revisions"}],"wp:featuredmedia":[{"embeddable":true,"href":"https:\/\/www.europesays.com\/fr\/wp-json\/wp\/v2\/media\/568528"}],"wp:attachment":[{"href":"https:\/\/www.europesays.com\/fr\/wp-json\/wp\/v2\/media?parent=568527"}],"wp:term":[{"taxonomy":"category","embeddable":true,"href":"https:\/\/www.europesays.com\/fr\/wp-json\/wp\/v2\/categories?post=568527"},{"taxonomy":"post_tag","embeddable":true,"href":"https:\/\/www.europesays.com\/fr\/wp-json\/wp\/v2\/tags?post=568527"}],"curies":[{"name":"wp","href":"https:\/\/api.w.org\/{rel}","templated":true}]}}