{"id":568529,"date":"2025-11-30T09:29:15","date_gmt":"2025-11-30T09:29:15","guid":{"rendered":"https:\/\/www.europesays.com\/fr\/568529\/"},"modified":"2025-11-30T09:29:15","modified_gmt":"2025-11-30T09:29:15","slug":"comment-le-rn-se-convertit-dans-la-douleur-a-la-candidature-de-jordan-bardella-pour-2027","status":"publish","type":"post","link":"https:\/\/www.europesays.com\/fr\/568529\/","title":{"rendered":"Comment le RN se convertit (dans la douleur) \u00e0 la candidature de Jordan Bardella pour 2027"},"content":{"rendered":"<p>        <img decoding=\"async\" loading=\"lazy\" src=\"https:\/\/www.europesays.com\/fr\/wp-content\/uploads\/2025\/11\/c3cfd7f_upload-1-j3iko14z3j0z-afp-20251119-84ge3ft-v1-highres-francepoliticsdefencesecuritymilipolex.jpeg\"  width=\"728\" height=\"409\" alt=\"Jordan Bardella photographi\u00e9 au salon Milipol \u00e0 Paris le 19\u00a0novembre (Photo by Thibaud MORITZ \/ AFP)\"\/>  <\/p>\n<p>THIBAUD MORITZ \/ AFP<\/p>\n<p>Jordan Bardella photographi\u00e9 au salon Milipol \u00e0 Paris le 19\u00a0novembre (Photo by Thibaud MORITZ \/ AFP)<\/p>\n<p>      <strong>EN BREF<\/strong> <strong>\u2022 <\/strong>\u00c0 18 mois de la pr\u00e9sidentielle, le Rassemblement national est en plein brouillard concernant son candidat.<br \/><strong>\u2022 <\/strong>Jordan Bardella s\u2019affirme comme un favori dans les sondages et entame une pr\u00e9campagne avec la promotion de son nouveau livre.<br \/><strong>\u2022 <\/strong>Marine Le\u00a0Pen reste officiellement la candidate, mais son avenir politique est incertain en raison de son proc\u00e8s en appel en janvier prochain.                         <\/p>\n<p class=\"asset asset-text\">Lundi 5\u00a0mai. Un sondage, d\u00e9j\u00e0 pr\u00e9sent\u00e9 comme \u00ab\u00a0choc\u00a0\u00bb, <a href=\"https:\/\/www.huffingtonpost.fr\/politique\/article\/pourquoi-ce-sondage-choc-sur-la-presidentielle-2027-provoque-des-remous-au-rassemblement-national_249677.html\" target=\"_blank\" rel=\"noopener\">provoque des remous au RN<\/a>. Pas parce que le parti d\u2019extr\u00eame droite est plac\u00e9 en tr\u00e8s bonne position pour acc\u00e9der \u00e0 l\u2019\u00c9lys\u00e9e. Mais parce que l\u2019Ifop, sur demande de son client (li\u00e9 \u00e0 Pierre-\u00c9douard St\u00e9rin), n\u2019a test\u00e9 que la candidature de Jordan Bardella. Les marinistes fulminent, montent au cr\u00e9neau et imposent au commanditaire de l\u2019\u00e9tude d\u2019inclure Marine Le\u00a0Pen. Probl\u00e8me\u00a0: l\u2019ajout tardif de la d\u00e9put\u00e9e du Pas-de-Calais n\u2019a pas pu se faire sur le m\u00eame \u00e9chantillon.<\/p>\n<p class=\"asset asset-text\">Fid\u00e8le mariniste, Jean-Philippe Tanguy peste dans la presse, voyant dans cette histoire une volont\u00e9 de \u00ab\u00a0poignarder Marine Le\u00a0Pen\u00a0\u00bb. Moins de six mois plus tard, ce mardi 25\u00a0novembre, point de coup de sang. Jordan Bardella est test\u00e9 tout seul dans un sondage Odoxa qui le <a href=\"https:\/\/www.huffingtonpost.fr\/politique\/article\/melenchon-battu-par-bardella-en-2027-le-chef-de-file-des-insoumis-repond-fumisterie-a-ce-sondage-choc_257519.html\" target=\"_blank\" rel=\"noopener\">propulse \u00e0 l\u2019\u00c9lys\u00e9e<\/a> dans tous les cas de figure, en d\u00e9pit du <a href=\"https:\/\/www.huffingtonpost.fr\/politique\/video\/pourquoi-les-sondages-sur-la-presidentielle-de-2027-sont-a-prendre-avec-beaucoup-de-pincettes_256914.html\" target=\"_blank\" rel=\"noopener\">caract\u00e8re (tr\u00e8s) hasardeux que de telles projections impliquent<\/a>. Cette fois, les proches de la (vraie) patronne ne mouftent pas.<\/p>\n<p>    La r\u00e9alit\u00e9 judiciaire    <\/p>\n<p class=\"asset asset-text\">Certes, ils applaudissent sur les r\u00e9seaux sociaux l\u2019ascension du RN sans forc\u00e9ment citer Jordan Bardella, mais l\u2019indignation du printemps s\u2019est \u00e9vapor\u00e9e. La tentative, un brin g\u00eanante, de <a href=\"https:\/\/www.huffingtonpost.fr\/politique\/article\/marine-le-pen-incrustee-par-le-rn-dans-ce-sondage-sur-la-presidentielle-qui-ne-la-teste-meme-pas_257588.html\" target=\"_blank\" rel=\"noopener\">maintenir en vie l\u2019option Marine Le\u00a0Pen<\/a> sur un visuel se f\u00e9licitant des r\u00e9sultats en y accolant artificiellement son portrait, traduit plus une forme de malaise qu\u2019un refus net de tourner la page. Quant \u00e0 la principale int\u00e9ress\u00e9e, elle explique \u00e0 LCI ne pas \u00eatre \u00ab\u00a0traumatis\u00e9e\u00a0\u00bb d\u2019avoir \u00e9t\u00e9 \u00e9cart\u00e9e de l\u2019\u00e9tude, allant jusqu\u2019\u00e0 \u00e9chafauder des hypoth\u00e8ses concernant l\u2019institut de sondages Odoxa. \u00ab\u00a0Peut-\u00eatre n\u2019a-t-il pas assez d\u2019argent pour pouvoir tester les deux candidatures\u00a0\u00bb, a-t-elle balay\u00e9e.<\/p>\n<p class=\"asset asset-text\">Car il existe une r\u00e9alit\u00e9, judiciaire, sur laquelle les sondages ne peuvent rien. En janvier et f\u00e9vrier 2026, la Cour d\u2019appel de Paris se penchera sur l\u2019affaire des assistants parlementaires du FN. Avec, potentiellement lors du jugement rendu au printemps, une peine d\u2019in\u00e9ligibilit\u00e9 confirm\u00e9e pour la fille de Jean-Marie Le\u00a0Pen. Un possible coup d\u2019arr\u00eat anticip\u00e9 par Marine Le\u00a0Pen, qui persiste toutefois \u00e0 rappeler qu\u2019elle demeure malgr\u00e9 tout la candidate naturelle du parti qu\u2019elle a h\u00e9rit\u00e9 de son p\u00e8re. \u00ab\u00a0Non, je ne renonce absolument pas, je suis extr\u00eamement combative\u00a0\u00bb, a-t-elle pr\u00e9venu\u00a0<a href=\"https:\/\/www.ouest-france.fr\/politique\/marine-le-pen\/entretien-marine-le-pen-la-solution-la-seule-et-la-meilleure-cest-de-revenir-aux-urnes-bee1364a-c7bb-11f0-87d4-6087669916a8\" target=\"_blank\" rel=\"noopener\" title=\"Nouvelle fen\u00eatre\">dans une interview \u00e0\u00a0Ouest-France<\/a>. \u00ab\u00a0Ce que je dis, c\u2019est que si la Cour de cassation \u00e9tait amen\u00e9e \u00e0 rendre une d\u00e9cision trop proche de la date du scrutin, la campagne du Rassemblement national ne pourrait pas se d\u00e9rouler dans de bonnes conditions\u00a0\u00bb, a-t-elle n\u00e9anmoins pr\u00e9cis\u00e9, admettant qu\u2019une peine confirm\u00e9e en appel signerait la mort de sa candidature en 2027.<\/p>\n<p>    Bardella en pr\u00e9campagne    <\/p>\n<p class=\"asset asset-text\">L\u00e0 r\u00e9side tout le paradoxe pour le Rassemblement national, contraint de maintenir l\u2019option Marine Le\u00a0Pen en coma artificiel, alors que son dauphin ne cesse de prendre la lumi\u00e8re, en donnant \u00e0 sa tourn\u00e9e de d\u00e9dicaces des airs de pr\u00e9campagne rappelant celle d\u2019\u00c9ric Zemmour \u00e0 l\u2019automne 2021. Files d\u2019attente \u00e0 rallonges, selfies encha\u00een\u00e9s \u00e0 un rythme industriel, \u00e9mancipation sur le plan \u00e9conomique\u2026 Difficile d\u2019affirmer que Jordan Bardella n\u2019est pas en train de s\u2019installer, doucement mais s\u00fbrement, sur la rampe de lancement. Au point que, selon <a href=\"https:\/\/www.franceinfo.fr\/replay-radio\/le-brief-politique\/presidentielle-2027-face-a-jordan-bardella-ses-adversaires-s-interrogent-sur-comment-contre-attaquer_7603160.html#xtor=CS2-765-%5Bautres%5D-\" target=\"_blank\" rel=\"noopener\" title=\"Nouvelle fen\u00eatre\">franceinfo<\/a>, Renaissance r\u00e9fl\u00e9chit d\u00e9j\u00e0 aux fa\u00e7ons d\u2019entraver sa candidature.<\/p>\n<p class=\"asset asset-text\">Ce qui, automatiquement, d\u00e9mon\u00e9tise l\u2019argument du \u00ab\u00a0d\u00e9ni de d\u00e9mocratie\u00a0\u00bb que constituerait une peine confirm\u00e9e en appel. En effet, comment rejouer le refrain d\u2019une \u00ab\u00a0d\u00e9cision politique\u00a0\u00bb qui viserait \u00e0 \u00ab\u00a0confisquer la d\u00e9mocratie\u00a0\u00bb si le trentenaire est d\u00e9j\u00e0 bien lanc\u00e9, et qui plus est en bonne place dans les sondages\u00a0? Malgr\u00e9 un alignement de plan\u00e8tes qui commence \u00e0 se dessiner plus distinctement pour l\u2019eurod\u00e9put\u00e9, les plus proches de Marine Le\u00a0Pen n\u2019en d\u00e9mordent pas.<\/p>\n<p class=\"asset asset-text\">\u00ab\u00a0Si elle \u00e9tait r\u00e9sign\u00e9e, elle ne serait pas aussi active, elle n\u2019aurait pas un tel agenda.\u00a0Et si elle \u00e9tait has been, les gens ne chercheraient pas autant \u00e0 la rencontrer\u00a0\u00bb, se rassure aupr\u00e8s du <a href=\"https:\/\/www.lemonde.fr\/politique\/article\/2025\/11\/16\/la-candidature-de-jordan-bardella-a-la-presidentielle-prend-forme-avant-le-proces-en-appel-de-marine-le-pen_6653600_823448.html\" target=\"_blank\" rel=\"noopener\" title=\"Nouvelle fen\u00eatre\">Monde<\/a> son bras droit Renaud Labaye. Cit\u00e9 par le <a href=\"https:\/\/www.nouvelobs.com\/politique\/20251126.OBS110115\/bardella-donne-favori-pour-2027-apres-le-risque-judiciaire-marine-le-pen-face-au-danger-du-declassement-politique.html\" target=\"_blank\" rel=\"noopener\" title=\"Nouvelle fen\u00eatre\">Nouvel Obs<\/a>, le d\u00e9put\u00e9 Philippe Ballard refuse d\u2019envisager le sc\u00e9nario\u00a0: \u00ab\u00a0Ce sera elle \u00e0 \u00c9lys\u00e9e et lui \u00e0 Matignon. Sa popularit\u00e9 sera un atout pour la campagne pr\u00e9sidentielle de Marine Le\u00a0Pen\u00a0\u00bb. En psychologie, la phase du deuil est souvent d\u00e9coup\u00e9e en plusieurs \u00e9tapes\u00a0: le choc, le d\u00e9ni, la col\u00e8re, la d\u00e9pression, l\u2019acceptation et la reconstruction. S\u2019agissant de la candidature de Marine Le\u00a0Pen, beaucoup au RN semblent encore stagner au d\u00e9but du processus.<\/p>\n","protected":false},"excerpt":{"rendered":"THIBAUD MORITZ \/ AFP Jordan Bardella photographi\u00e9 au salon Milipol \u00e0 Paris le 19\u00a0novembre (Photo by Thibaud MORITZ&hellip;\n","protected":false},"author":2,"featured_media":568530,"comment_status":"","ping_status":"","sticky":false,"template":"","format":"standard","meta":{"footnotes":""},"categories":[4],"tags":[11,1076,1011,27,1077,430,12,316,26338,1078,25],"class_list":{"0":"post-568529","1":"post","2":"type-post","3":"status-publish","4":"format-standard","5":"has-post-thumbnail","7":"category-france","8":"tag-actualites","9":"tag-extreme-droite","10":"tag-fr","11":"tag-france","12":"tag-jordan-bardella","13":"tag-marine-le-pen","14":"tag-news","15":"tag-politique","16":"tag-presidentielle-2027","17":"tag-rassemblement-national","18":"tag-republique-francaise"},"share_on_mastodon":{"url":"https:\/\/pubeurope.com\/@fr\/115637949817499995","error":""},"_links":{"self":[{"href":"https:\/\/www.europesays.com\/fr\/wp-json\/wp\/v2\/posts\/568529","targetHints":{"allow":["GET"]}}],"collection":[{"href":"https:\/\/www.europesays.com\/fr\/wp-json\/wp\/v2\/posts"}],"about":[{"href":"https:\/\/www.europesays.com\/fr\/wp-json\/wp\/v2\/types\/post"}],"author":[{"embeddable":true,"href":"https:\/\/www.europesays.com\/fr\/wp-json\/wp\/v2\/users\/2"}],"replies":[{"embeddable":true,"href":"https:\/\/www.europesays.com\/fr\/wp-json\/wp\/v2\/comments?post=568529"}],"version-history":[{"count":0,"href":"https:\/\/www.europesays.com\/fr\/wp-json\/wp\/v2\/posts\/568529\/revisions"}],"wp:featuredmedia":[{"embeddable":true,"href":"https:\/\/www.europesays.com\/fr\/wp-json\/wp\/v2\/media\/568530"}],"wp:attachment":[{"href":"https:\/\/www.europesays.com\/fr\/wp-json\/wp\/v2\/media?parent=568529"}],"wp:term":[{"taxonomy":"category","embeddable":true,"href":"https:\/\/www.europesays.com\/fr\/wp-json\/wp\/v2\/categories?post=568529"},{"taxonomy":"post_tag","embeddable":true,"href":"https:\/\/www.europesays.com\/fr\/wp-json\/wp\/v2\/tags?post=568529"}],"curies":[{"name":"wp","href":"https:\/\/api.w.org\/{rel}","templated":true}]}}