{"id":568537,"date":"2025-11-30T09:35:18","date_gmt":"2025-11-30T09:35:18","guid":{"rendered":"https:\/\/www.europesays.com\/fr\/568537\/"},"modified":"2025-11-30T09:35:18","modified_gmt":"2025-11-30T09:35:18","slug":"photos-cinq-personnes-mortes-dans-un-incendie-a-neuves-maisons-pres-de-nancy","status":"publish","type":"post","link":"https:\/\/www.europesays.com\/fr\/568537\/","title":{"rendered":"Photos. Cinq\u00a0personnes mortes dans un incendie \u00e0 Neuves-Maisons, pr\u00e8s de Nancy"},"content":{"rendered":"<p>Cinq personnes sont mortes et deux ont \u00e9t\u00e9 bless\u00e9es dans un incendie \u00e0 Neuves-Maisons, en Meurthe-et-Moselle. Les pompiers ont \u00e9t\u00e9 alert\u00e9s vers 3h15 dimanche de l&rsquo;incendie survenu rue du Capitaine Caillon \u00e0 Neuves-Maisons, commune de 7 000 habitants situ\u00e9e au sud-ouest de Nancy.\u00a0Au total, 70 pompiers sont intervenus avec une trentaine de v\u00e9hicules.\u00a0L&rsquo;incendie ne s&rsquo;est pas propag\u00e9 aux b\u00e2timents voisins<\/p>\n","protected":false},"excerpt":{"rendered":"Cinq personnes sont mortes et deux ont \u00e9t\u00e9 bless\u00e9es dans un incendie \u00e0 Neuves-Maisons, en Meurthe-et-Moselle. Les pompiers&hellip;\n","protected":false},"author":2,"featured_media":568538,"comment_status":"","ping_status":"","sticky":false,"template":"","format":"standard","meta":{"footnotes":""},"categories":[9635],"tags":[1111,11,1707,1704,1706,1705,1777,674,274,1011,27,2798,775,1310,1702,9847,12,25],"class_list":{"0":"post-568537","1":"post","2":"type-post","3":"status-publish","4":"format-standard","5":"has-post-thumbnail","7":"category-nancy","8":"tag-actu","9":"tag-actualites","10":"tag-edition-luneville","11":"tag-edition-nancy-et-agglomeration","12":"tag-edition-pont-a-mousson","13":"tag-edition-toul","14":"tag-eu","15":"tag-europe","16":"tag-faits-divers-justice","17":"tag-fr","18":"tag-france","19":"tag-galerie-photo","20":"tag-grand-est","21":"tag-incendie","22":"tag-nancy","23":"tag-neuves-maisons","24":"tag-news","25":"tag-republique-francaise"},"share_on_mastodon":{"url":"https:\/\/pubeurope.com\/@fr\/115637972084144401","error":""},"_links":{"self":[{"href":"https:\/\/www.europesays.com\/fr\/wp-json\/wp\/v2\/posts\/568537","targetHints":{"allow":["GET"]}}],"collection":[{"href":"https:\/\/www.europesays.com\/fr\/wp-json\/wp\/v2\/posts"}],"about":[{"href":"https:\/\/www.europesays.com\/fr\/wp-json\/wp\/v2\/types\/post"}],"author":[{"embeddable":true,"href":"https:\/\/www.europesays.com\/fr\/wp-json\/wp\/v2\/users\/2"}],"replies":[{"embeddable":true,"href":"https:\/\/www.europesays.com\/fr\/wp-json\/wp\/v2\/comments?post=568537"}],"version-history":[{"count":0,"href":"https:\/\/www.europesays.com\/fr\/wp-json\/wp\/v2\/posts\/568537\/revisions"}],"wp:featuredmedia":[{"embeddable":true,"href":"https:\/\/www.europesays.com\/fr\/wp-json\/wp\/v2\/media\/568538"}],"wp:attachment":[{"href":"https:\/\/www.europesays.com\/fr\/wp-json\/wp\/v2\/media?parent=568537"}],"wp:term":[{"taxonomy":"category","embeddable":true,"href":"https:\/\/www.europesays.com\/fr\/wp-json\/wp\/v2\/categories?post=568537"},{"taxonomy":"post_tag","embeddable":true,"href":"https:\/\/www.europesays.com\/fr\/wp-json\/wp\/v2\/tags?post=568537"}],"curies":[{"name":"wp","href":"https:\/\/api.w.org\/{rel}","templated":true}]}}