{"id":568539,"date":"2025-11-30T09:36:13","date_gmt":"2025-11-30T09:36:13","guid":{"rendered":"https:\/\/www.europesays.com\/fr\/568539\/"},"modified":"2025-11-30T09:36:13","modified_gmt":"2025-11-30T09:36:13","slug":"institution-du-commerce-a-toulon-viva-samba-a-fait-ses-derniers-pas-de-danse","status":"publish","type":"post","link":"https:\/\/www.europesays.com\/fr\/568539\/","title":{"rendered":"Institution du commerce \u00e0 toulon, Viva Samba a fait ses derniers pas de danse"},"content":{"rendered":"<p class=\"fs-5 \">Accompagn\u00e9e depuis le d\u00e9but par sa s\u0153ur Anny et sa ni\u00e8ce Diane, elle a tir\u00e9 sa r\u00e9v\u00e9rence ce samedi, dans la joie et la bonne humeur.<\/p>\n<p class=\"fs-5 \">C\u2019\u00e9tait la r\u00e9f\u00e9rence locale pour Halloween, les f\u00eates de fin d\u2019ann\u00e9e, le carnaval, les soir\u00e9es disco \u00ab depuis qu\u2019on a ouvert, c\u2019est ind\u00e9modable \u00bb. Et aussi les perruques, les maquillages ou les farces et attrapes \u00ab chapeau pointu turlututu \u00bb. Les mairies, les associations, les discoth\u00e8ques en \u00e9taient tr\u00e8s friandes. Vincent Lagaf\u2019 du Bigdil, Eric Antoine du Juste Prix et encore ce vendredi Clara Luciani, en repr\u00e9sentation au Z\u00e9nith de Toulon, sont pass\u00e9s chez Viva Samba.<\/p>\n<p class=\"fs-5 \">Dans cette immense caverne d\u2019Alibaba, on venait \u00e9galement pour la location de costumes car \u00c9liane, costumi\u00e8re \u00e0 l\u2019Op\u00e9ra de Toulon pendant 10 ans, avait repris Madinima \u00ab l\u2019atelier de costumes mont\u00e9 par Ginette, la cheffe costumi\u00e8re de l\u2019Op\u00e9ra \u00bb. Une ann\u00e9e, ses costumes de marquis et marquise confectionn\u00e9s pour un couple \u00e9l\u00e9gant ont \u00e9t\u00e9 prim\u00e9s au Carnaval de Venise. Elle va d\u2019ailleurs poursuivre cette activit\u00e9 sous le nom Le Grenier des Taty. p. G.<\/p>\n<p class=\"fs-5 \">Pratique Location et cr\u00e9ation de costumes 06.68.59.31.40.<\/p>\n","protected":false},"excerpt":{"rendered":"Accompagn\u00e9e depuis le d\u00e9but par sa s\u0153ur Anny et sa ni\u00e8ce Diane, elle a tir\u00e9 sa r\u00e9v\u00e9rence ce&hellip;\n","protected":false},"author":2,"featured_media":568540,"comment_status":"","ping_status":"","sticky":false,"template":"","format":"standard","meta":{"footnotes":""},"categories":[9619],"tags":[1111,11,1777,674,1011,27,12,882,25,2310],"class_list":{"0":"post-568539","1":"post","2":"type-post","3":"status-publish","4":"format-standard","5":"has-post-thumbnail","7":"category-toulon","8":"tag-actu","9":"tag-actualites","10":"tag-eu","11":"tag-europe","12":"tag-fr","13":"tag-france","14":"tag-news","15":"tag-provence-alpes-cote-dazur","16":"tag-republique-francaise","17":"tag-toulon"},"share_on_mastodon":{"url":"https:\/\/pubeurope.com\/@fr\/115637976054963690","error":""},"_links":{"self":[{"href":"https:\/\/www.europesays.com\/fr\/wp-json\/wp\/v2\/posts\/568539","targetHints":{"allow":["GET"]}}],"collection":[{"href":"https:\/\/www.europesays.com\/fr\/wp-json\/wp\/v2\/posts"}],"about":[{"href":"https:\/\/www.europesays.com\/fr\/wp-json\/wp\/v2\/types\/post"}],"author":[{"embeddable":true,"href":"https:\/\/www.europesays.com\/fr\/wp-json\/wp\/v2\/users\/2"}],"replies":[{"embeddable":true,"href":"https:\/\/www.europesays.com\/fr\/wp-json\/wp\/v2\/comments?post=568539"}],"version-history":[{"count":0,"href":"https:\/\/www.europesays.com\/fr\/wp-json\/wp\/v2\/posts\/568539\/revisions"}],"wp:featuredmedia":[{"embeddable":true,"href":"https:\/\/www.europesays.com\/fr\/wp-json\/wp\/v2\/media\/568540"}],"wp:attachment":[{"href":"https:\/\/www.europesays.com\/fr\/wp-json\/wp\/v2\/media?parent=568539"}],"wp:term":[{"taxonomy":"category","embeddable":true,"href":"https:\/\/www.europesays.com\/fr\/wp-json\/wp\/v2\/categories?post=568539"},{"taxonomy":"post_tag","embeddable":true,"href":"https:\/\/www.europesays.com\/fr\/wp-json\/wp\/v2\/tags?post=568539"}],"curies":[{"name":"wp","href":"https:\/\/api.w.org\/{rel}","templated":true}]}}