{"id":568541,"date":"2025-11-30T09:37:19","date_gmt":"2025-11-30T09:37:19","guid":{"rendered":"https:\/\/www.europesays.com\/fr\/568541\/"},"modified":"2025-11-30T09:37:19","modified_gmt":"2025-11-30T09:37:19","slug":"les-grandes-equipes-ne-se-relachent-pas-pierre-mignoni-agace-apres-la-victoire-face-aux-montalbanais","status":"publish","type":"post","link":"https:\/\/www.europesays.com\/fr\/568541\/","title":{"rendered":"\u00ab\u00a0Les grandes \u00e9quipes ne se rel\u00e2chent pas\u00a0\u00bb, Pierre Mignoni agac\u00e9 apr\u00e8s la victoire face aux Montalbanais"},"content":{"rendered":"<p>Malgr\u00e9 une large victoire 54-28 face \u00e0 Montauban, l\u2019entra\u00eeneur toulonnais Pierre Mignoni n\u2019\u00e9tait pas satisfait apr\u00e8s la rencontre, frustr\u00e9 par une deuxi\u00e8me p\u00e9riode mal ma\u00eetris\u00e9e, et un rel\u00e2chement coupable de ses joueurs.<\/p>\n<p>\u00ab\u00a0L\u2019objectif comptable est atteint. D\u2019autres choses me d\u00e9rangent plus. Prendre 28 points \u00e7a me d\u00e9range, m\u00eame si Montauban \u00e9tait mieux que la semaine derni\u00e8re.\u00a0\u00bb En conf\u00e9rence de presse apr\u00e8s la rencontre, Pierre Mignoni \u00e9tait loin d\u2019\u00eatre satisfait du contenu propos\u00e9 par ses joueurs. Et \u00e0 la lecture du match, on comprend la frustration du manager toulonnais.\u00a0<\/p>\n<p>Une entame ma\u00eetris\u00e9e<\/p>\n<p>Ses hommes avaient pourtant parfaitement d\u00e9but\u00e9 la rencontre et caracolaient en t\u00eate \u00e0 la mi temps (33-7), gr\u00e2ce notamment \u00e0 de beaux essais de Baptiste Serin, Setareki Tuicuvu et Ga\u00ebl Dr\u00e9an. On pouvait alors redouter une claque monumentale pour les Montalbanais. Mais il n\u2019en a rien \u00e9t\u00e9, les joueurs de S\u00e9bastien Tillous Bordes rivalisant parfaitement en seconde p\u00e9riode: \u00ab\u00a0Je suis content de l\u2019\u00e9tat d\u2019esprit des joueurs, ils ont mis de la volont\u00e9. J\u2019ai vu une \u00e9quipe qui n\u2019a rien l\u00e2ch\u00e9 et qui a jou\u00e9 au rugby.\u00a0\u00bb Les Montalbanais ont jou\u00e9, et rivalis\u00e9 avec les demi-finalistes du Top 14, leur infligeant un 21-7 \u00e0 partir de la 55e minute.<\/p>\n<p>Mais ce retour conqu\u00e9rant des Montalbanais a aussi \u00e9t\u00e9 permis par des Toulonnais beaucoup moins herm\u00e9tiques en d\u00e9fense, et souvent maladroits: \u00ab\u00a0On avait la ma\u00eetrise mais pas totale\u00a0\u00bb, explique Pierre Mignoni, \u00ab\u00a0c\u2019est li\u00e9 \u00e0 des d\u00e9faillances parfois individuelles, d\u00e8s que tu es trop soft tu es puni. On va travailler dans la semaine mais l\u00e0 c\u2019est dans la t\u00eate. Ils vont vite comprendre que ce n\u2019est pas acceptable.\u00a0\u00bb<\/p>\n<p>Du travail avant la Champions Cup<\/p>\n<p>Le banc varois, compos\u00e9 de 7 avants et 1 seule trois quarts n\u2019a pas non plus eu l\u2019effet escompt\u00e9, les Montalbanais semblant prendre du poil de la b\u00eate au fur et \u00e0 mesure de la rencontre.\u00a0<\/p>\n<p>Malgr\u00e9 tout, pas d\u2019inqui\u00e9tude pour les Toulonnais, \u00e0 qui il manquait encore de nombreux \u00e9l\u00e9ments. \u00a0Cette victoire leur permet de conforter leur place dans le Top 6, sans pour autant masquer le travail qu\u2019ils doivent effectuer:\u00a0\u00ab\u00a0On ne peut pas se satisfaire de \u00e7a, c\u2019est normal\u00a0\u00bb, confie Pierre Mignoni. \u00ab\u00a0\u00catre une grande \u00e9quipe c\u2019est \u00eatre disciplin\u00e9 dans son jeu, dans les fautes et en d\u00e9fense. Ce ne sont pas des choses tr\u00e8s graves mais on doit vite rectifier. Il y a encore du travail, la semaine prochaine \u00e7a va aller tr\u00e8s vite.\u00a0\u00bb Le week end prochain, place \u00e0 la Champions Cup et un tout autre niveau d\u2019adversit\u00e9. Les Rouge et Noir iront en Ecosse pour d\u00e9fier Edimbourg et lancer leur saison europ\u00e9enne.<\/p>\n","protected":false},"excerpt":{"rendered":"Malgr\u00e9 une large victoire 54-28 face \u00e0 Montauban, l\u2019entra\u00eeneur toulonnais Pierre Mignoni n\u2019\u00e9tait pas satisfait apr\u00e8s la rencontre,&hellip;\n","protected":false},"author":2,"featured_media":568542,"comment_status":"","ping_status":"","sticky":false,"template":"","format":"standard","meta":{"footnotes":""},"categories":[9619],"tags":[1111,11,1777,674,1011,27,12,882,25,2310],"class_list":{"0":"post-568541","1":"post","2":"type-post","3":"status-publish","4":"format-standard","5":"has-post-thumbnail","7":"category-toulon","8":"tag-actu","9":"tag-actualites","10":"tag-eu","11":"tag-europe","12":"tag-fr","13":"tag-france","14":"tag-news","15":"tag-provence-alpes-cote-dazur","16":"tag-republique-francaise","17":"tag-toulon"},"share_on_mastodon":{"url":"https:\/\/pubeurope.com\/@fr\/115637979970522890","error":""},"_links":{"self":[{"href":"https:\/\/www.europesays.com\/fr\/wp-json\/wp\/v2\/posts\/568541","targetHints":{"allow":["GET"]}}],"collection":[{"href":"https:\/\/www.europesays.com\/fr\/wp-json\/wp\/v2\/posts"}],"about":[{"href":"https:\/\/www.europesays.com\/fr\/wp-json\/wp\/v2\/types\/post"}],"author":[{"embeddable":true,"href":"https:\/\/www.europesays.com\/fr\/wp-json\/wp\/v2\/users\/2"}],"replies":[{"embeddable":true,"href":"https:\/\/www.europesays.com\/fr\/wp-json\/wp\/v2\/comments?post=568541"}],"version-history":[{"count":0,"href":"https:\/\/www.europesays.com\/fr\/wp-json\/wp\/v2\/posts\/568541\/revisions"}],"wp:featuredmedia":[{"embeddable":true,"href":"https:\/\/www.europesays.com\/fr\/wp-json\/wp\/v2\/media\/568542"}],"wp:attachment":[{"href":"https:\/\/www.europesays.com\/fr\/wp-json\/wp\/v2\/media?parent=568541"}],"wp:term":[{"taxonomy":"category","embeddable":true,"href":"https:\/\/www.europesays.com\/fr\/wp-json\/wp\/v2\/categories?post=568541"},{"taxonomy":"post_tag","embeddable":true,"href":"https:\/\/www.europesays.com\/fr\/wp-json\/wp\/v2\/tags?post=568541"}],"curies":[{"name":"wp","href":"https:\/\/api.w.org\/{rel}","templated":true}]}}