{"id":568550,"date":"2025-11-30T09:43:26","date_gmt":"2025-11-30T09:43:26","guid":{"rendered":"https:\/\/www.europesays.com\/fr\/568550\/"},"modified":"2025-11-30T09:43:26","modified_gmt":"2025-11-30T09:43:26","slug":"la-piste-du-parc-des-sports-degradee-pendant-la-defaite-lors-du-derby-annecy-grenoble","status":"publish","type":"post","link":"https:\/\/www.europesays.com\/fr\/568550\/","title":{"rendered":"La piste du Parc des Sports d\u00e9grad\u00e9e pendant la d\u00e9faite lors du derby Annecy-Grenoble"},"content":{"rendered":"<p>\t\t\t\t\t\t\t\t\t\t\t<img decoding=\"async\" src=\"https:\/\/www.europesays.com\/fr\/wp-content\/uploads\/2025\/11\/1280x720_la-piste-du-parc-des-sports-degradee-pendant-la-defaite-lors-du-derby-annecy-grenoble_692c0.jpeg\" alt=\"La piste du Parc des Sports d\u00e9grad\u00e9e pendant la d\u00e9faite lors du derby Annecy-Grenoble\" title=\"La piste du Parc des Sports d\u00e9grad\u00e9e pendant la d\u00e9faite lors du derby Annecy-Grenoble\" width=\"1280\" height=\"720\" class=\"img-fluid  mb-3\" loading=\"lazy\"\/>\t\t\t\t\t\t\t\t\t\t\t\t<\/p>\n<p>La piste du Parc des Sports d\u00e9grad\u00e9e pendant la d\u00e9faite lors du derby Annecy-Grenoble &#8211; DR<\/p>\n<p itemprop=\"description\"><strong>Un d\u00e9ferlement de fumig\u00e8nes venus du parcage grenoblois a endommag\u00e9 la piste neuve du Parc des Sports d\u2019Annecy.<\/strong><\/p>\n<p>La soir\u00e9e de Coupe de France a pris une tournure bien am\u00e8re vendredi au Parc des Sports. Alors qu&rsquo;Annecy s\u2019est inclin\u00e9 contre Grenoble (1-2), des engins pyrotechniques lanc\u00e9s depuis le secteur visiteur ont br\u00fbl\u00e9 et perfor\u00e9 la piste d\u2019athl\u00e9tisme.<\/p>\n<p>Tout juste r\u00e9nov\u00e9e, et datant d\u2019un mois seulement, la piste arbore alors un rev\u00eatement pr\u00e9sentant d\u00e9sormais plusieurs points d\u2019impact.<\/p>\n<p>D\u00e8s le lendemain matin, la Ville d\u2019Annecy affichait sa col\u00e8re et a pr\u00e9vu d\u2019\u00e9valuer pr\u00e9cis\u00e9ment l\u2019\u00e9tendue des dommages et le co\u00fbt des r\u00e9parations.<\/p>\n<p>Les ultras grenoblois ont utilis\u00e9 le match pour viser leur propre direction plut\u00f4t que l\u2019adversaire, en protestant contre la gestion du club et la tenue du derby un vendredi soir.<\/p>\n<p>Leur action pyrotechnique devrait co\u00fbter une amende au GF38. Nul ne sait encore qui paiera les travaux pour r\u00e9parer la piste endommag\u00e9e.<\/p>\n","protected":false},"excerpt":{"rendered":"La piste du Parc des Sports d\u00e9grad\u00e9e pendant la d\u00e9faite lors du derby Annecy-Grenoble &#8211; DR Un d\u00e9ferlement&hellip;\n","protected":false},"author":2,"featured_media":568551,"comment_status":"","ping_status":"","sticky":false,"template":"","format":"standard","meta":{"footnotes":""},"categories":[9566],"tags":[1111,68173,11,68174,68175,68172,3853,2430,650,7734,2889,2263,1777,674,68177,1011,27,2731,4638,68176,6417,1114,68179,12,68170,7732,3725,1825,68169,68171,25,5508,68178,68180],"class_list":{"0":"post-568550","1":"post","2":"type-post","3":"status-publish","4":"format-standard","5":"has-post-thumbnail","7":"category-grenoble","8":"tag-actu","9":"tag-actualite-savoie","10":"tag-actualites","11":"tag-actualites-alpes","12":"tag-actualites-annecy","13":"tag-actualites-haute-savoie","14":"tag-annecy","15":"tag-auvergne-rhone-alpes","16":"tag-cinema","17":"tag-ecoute","18":"tag-emission","19":"tag-equipe","20":"tag-eu","21":"tag-europe","22":"tag-evenements-annecy","23":"tag-fr","24":"tag-france","25":"tag-grenoble","26":"tag-haute-savoie","27":"tag-info-annecy","28":"tag-information","29":"tag-infos","30":"tag-meteo-annecy","31":"tag-news","32":"tag-ods-annecy","33":"tag-odsradio","34":"tag-podcast","35":"tag-radio","36":"tag-radio-annecy","37":"tag-radio-haute-savoie","38":"tag-republique-francaise","39":"tag-savoie","40":"tag-sorties-annecy","41":"tag-trafic-annecy"},"share_on_mastodon":{"url":"","error":"Validation failed: Text character limit of 500 exceeded"},"_links":{"self":[{"href":"https:\/\/www.europesays.com\/fr\/wp-json\/wp\/v2\/posts\/568550","targetHints":{"allow":["GET"]}}],"collection":[{"href":"https:\/\/www.europesays.com\/fr\/wp-json\/wp\/v2\/posts"}],"about":[{"href":"https:\/\/www.europesays.com\/fr\/wp-json\/wp\/v2\/types\/post"}],"author":[{"embeddable":true,"href":"https:\/\/www.europesays.com\/fr\/wp-json\/wp\/v2\/users\/2"}],"replies":[{"embeddable":true,"href":"https:\/\/www.europesays.com\/fr\/wp-json\/wp\/v2\/comments?post=568550"}],"version-history":[{"count":0,"href":"https:\/\/www.europesays.com\/fr\/wp-json\/wp\/v2\/posts\/568550\/revisions"}],"wp:featuredmedia":[{"embeddable":true,"href":"https:\/\/www.europesays.com\/fr\/wp-json\/wp\/v2\/media\/568551"}],"wp:attachment":[{"href":"https:\/\/www.europesays.com\/fr\/wp-json\/wp\/v2\/media?parent=568550"}],"wp:term":[{"taxonomy":"category","embeddable":true,"href":"https:\/\/www.europesays.com\/fr\/wp-json\/wp\/v2\/categories?post=568550"},{"taxonomy":"post_tag","embeddable":true,"href":"https:\/\/www.europesays.com\/fr\/wp-json\/wp\/v2\/tags?post=568550"}],"curies":[{"name":"wp","href":"https:\/\/api.w.org\/{rel}","templated":true}]}}