{"id":568552,"date":"2025-11-30T09:44:46","date_gmt":"2025-11-30T09:44:46","guid":{"rendered":"https:\/\/www.europesays.com\/fr\/568552\/"},"modified":"2025-11-30T09:44:46","modified_gmt":"2025-11-30T09:44:46","slug":"faire-table-rase-du-systeme-cest-quoi-anti-tech-resistance-ce-mouvement-politique-ne-a-rennes","status":"publish","type":"post","link":"https:\/\/www.europesays.com\/fr\/568552\/","title":{"rendered":"\u00ab\u00a0Faire table rase du syst\u00e8me\u00a0\u00bb. C&rsquo;est quoi Anti-tech r\u00e9sistance, ce mouvement politique n\u00e9 \u00e0 Rennes\u00a0?"},"content":{"rendered":"<p>                    Par<br \/>\n        <strong><br \/>\n            <a href=\"https:\/\/actu.fr\/auteur\/laurene-fertin\" title=\"Consulter tous les articles de Laur\u00e8ne Fertin\" target=\"_blank\" rel=\"noopener\">Laur\u00e8ne Fertin<\/a><br \/>\n                    <\/strong><\/p>\n<p>        Publi\u00e9 le<\/p>\n<p>            27 nov. 2025 \u00e0 19h02        <\/p>\n<p>\u00ab\u2009Si on ne fait rien, on sera tous morts.\u2009\u00bb Ce constat \u00ab\u2009lucide\u2009\u00bb, c\u2019est celui <strong>d\u2019Anti-tech r\u00e9sistance<\/strong> \u2013 ou d\u2019<strong>ATR<\/strong>, pour les initi\u00e9s. Ce mouvement \u00e0 \u00ab\u2009contre-courant\u2009\u00bb rejette l\u2019industrialisation de nos soci\u00e9t\u00e9s et avec elles, les technologies nuisant \u00e0 toute forme de vivant. Conf\u00e9rences, temps d\u2019\u00e9changes, cin\u00e9-d\u00e9bats, formations d\u2019auto-d\u00e9fense, communication sur les r\u00e9seaux\u2026 Le groupe multiplie <strong>les actions locales<\/strong> dans la capitale bretonne depuis sa cr\u00e9ation, en 2023. Ils sont notamment celles et ceux qui ont particip\u00e9 <strong>aux diff\u00e9rents blocages,<\/strong> lors du mouvement <strong>Bloquons tout<\/strong> le 10\u00a0septembre, \u00e0 Rennes. Mais qui sont ses partisans\u2009? Et que repr\u00e9sente vraiment le mouvement\u2009?<\/p>\n<p>\u00ab\u2009Je voulais \u00eatre dans l\u2019action\u2009\u00bb<\/p>\n<p class=\" wall-content\">La r\u00e9daction d\u2019<a href=\"https:\/\/actu.fr\/rennes\/\" target=\"_blank\" rel=\"noopener\">actu Rennes<\/a> est partie \u00e0 la rencontre de deux de ses militants, <strong>Lo\u00efc<\/strong> et <strong>Haud.<\/strong> Respectivement \u00e2g\u00e9s de 28 et 27\u00a0ans, il et elle ont <strong>un pass\u00e9 militant<\/strong> dans divers mouvements de gauche et \u00e9cologistes. \u00ab\u2009Je suis un ancien Gilet jaune\u2009\u00bb, sourit Lo\u00efc.<\/p>\n<p class=\" wall-content\">De concert, le duo \u00e9voque la certaine inertie ou impuissance des mouvements militants \u00ab\u2009classiques\u2009\u00bb. Sans compter \u00ab\u00a0l\u2019\u00e9chec\u00a0\u00bb des pr\u00e9c\u00e9dentes mobilisations \u2013 \u00e0 l\u2019image des Gilets jaunes, justement. \u00ab\u2009En r\u00e9alit\u00e9, l\u2019approche d\u2019ATR est <strong>novatrice\u2009\u00bb,<\/strong> explique la jeune femme, qui travaille dans le secteur agricole.<\/p>\n<blockquote class=\"ac-article-quote wall-content\">\n<p>Je viens de la gauche. Et je fais un peu ce constat d&rsquo;\u00e9chec : les endroits o\u00f9 j&rsquo;\u00e9tais, les personnes avec qui je militais, s&rsquo;inscrivaient dans un militantisme tr\u00e8s moral c&rsquo;est-\u00e0-dire militer pour \u00eatre en accord avec ses valeurs. C&rsquo;est un peu se dire : \u00ab\u00a0Je le fais histoire de le faire mais je sais que \u00e7a ne va pas marcher\u00a0\u00bb. Je commen\u00e7ais \u00e0 tourner en rond. Je ne me retrouvais pas l\u00e0-dedans, j&rsquo;avais l&rsquo;impression que je gaspillais mon \u00e9nergie. C&rsquo;est cool de faire de la sensibilisation, et c&rsquo;est beaucoup mieux que d&rsquo;\u00eatre dans l&rsquo;inaction mais l\u00e0, ce n&rsquo;est plus suffisant. On n&rsquo;a plus le temps de faire changer les consciences. Il y a un caract\u00e8re d&rsquo;urgence. <\/p>\n<p>    <strong>Haud<\/strong><br \/>\n        Militante d&rsquo;ATR    <\/p><\/blockquote>\n<p>Perturber les p\u00e9riph\u00e9ries<\/p>\n<p class=\" wall-content\">Car si l\u2019on en croit ATR, <strong>la vie sur Terre<\/strong> est largement<strong> menac\u00e9e<\/strong> par l\u2019acc\u00e9l\u00e9ration historique de la r\u00e9volution industrielle et de ses derni\u00e8res avanc\u00e9es technologiques. \u00ab\u2009On d\u00e9truit tous les \u00e9cosyst\u00e8mes\u2009\u00bb, exposent Haud et Lo\u00efc.<\/p>\n<blockquote class=\"ac-article-quote wall-content\">\n<p>La lutte que l\u2019on doit mener est contre toutes les infrastructures. Si on ne fait rien, on sera tous morts. Il faut faire table rase du syst\u00e8me.<\/p>\n<p>    <strong>Haud et Lo\u00efc<\/strong><br \/>\n        Militants d&rsquo;ATR    <\/p><\/blockquote>\n<p>Votre r\u00e9gion, votre actu !<\/p>\n<p>Recevez chaque jour les infos qui comptent pour vous.<\/p>\n<p>\t<a href=\"https:\/\/actu.fr\/newsletter\" class=\"ac-btn ac-btn--corner ac-btn--medium ac-btn--blue800\" target=\"_blank\" rel=\"noopener\">S&rsquo;incrire<\/a><\/p>\n<p class=\" wall-content\">ATR se positionne <strong>en rupture avec l\u2019\u00e9cologie<\/strong> qui demande \u00ab\u2009juste\u2009\u00bb un \u00ab\u2009changement des consciences\u2009\u00bb. \u00ab\u2009Pierre Rabhi, Cyril Dion\u2026 On ne croit pas \u00e0 la fable du Colibri qui consiste \u00e0 dire que l\u2019on va changer les gens petit \u00e0 petit\u2009\u00bb, \u00e9taye Lo\u00efc, \u00ab\u2009qu\u2019on sera la goutte d\u2019eau qui va impr\u00e9gner la soci\u00e9t\u00e9.\u2009\u00bb<\/p>\n<p class=\" wall-content\">Au contraire, ATR estime que <strong>la vie et la pens\u00e9e des individus<\/strong> sont d\u00e9termin\u00e9es par \u00ab\u2009tout un ensemble d\u2019industries et de technologies\u2009\u00bb\u2009: la publicit\u00e9, l\u2019\u00e9lectricit\u00e9\u2026 Et que pour changer la soci\u00e9t\u00e9, il faut d\u2019abord changer ses infrastructures.<\/p>\n<p>Que veut dire le logo d&rsquo;Anti-tech r\u00e9sistance ?<\/p>\n<p>Le logo d&rsquo;ATR est constitu\u00e9 d&rsquo;un ours, d&rsquo;une fourche et d&rsquo;une hache. Un ours, car \u00ab\u00a0il y en a de moins en moins en France et \u00e0 travers le monde\u00a0\u00bb, explique Lo\u00efc, \u00ab\u00a0un animal qui a pourtant co-exist\u00e9 longtemps avec les primates et les humains.\u00a0\u00bb Ensuite, une fourche et une hache \u00ab\u00a0parce que c&rsquo;est low-tech, parce que c&rsquo;est aussi le symbole des jacqueries paysannes contre les seigneurs f\u00e9odaux\u00a0\u00bb. L&rsquo;ensemble des trois symboles rappelle \u00ab\u00a0la Makhnovchtchina, c&rsquo;est-\u00e0-dire l&rsquo;arm\u00e9e de Nestor Makhno, un paysan ukrainien, qui, au d\u00e9but du XXe si\u00e8cle, a tent\u00e9 de mener une r\u00e9volution libertaire.\u00a0\u00bb<\/p>\n<p>Perturber les p\u00e9riph\u00e9ries<\/p>\n<p class=\" wall-content\">Pour mettre leurs id\u00e9es en pratique,<strong> exit les \u00ab\u2009manif\u2019 classiques<\/strong> de la CGT avec des galettes saucisses en centre-ville\u2009\u00bb. \u00ab\u2009Pour autant\u2009\u00bb, indique Lo\u00efc, \u00ab\u2009comme on consid\u00e8re que la technocritique est \u00e0 la fois un enjeu \u00e9conomique et social, on va aussi aller dans les espaces de manif\u2019, mais on y va de mani\u00e8re organis\u00e9e et pas comme des individus atomis\u00e9s.\u2009\u00bb<\/p>\n<blockquote class=\"ac-article-quote wall-content\">\n<p>Par exemple, on a particip\u00e9 \u00e0 une assembl\u00e9e au nord de Rennes, qui s&rsquo;appelait Rennes Nord, lors du mouvement Bloquons tout. Le mouvement est non violent, donc on n&rsquo;\u00e9tait pas forc\u00e9ment au lit des actions mais pour autant, on avait une logique de dire qu&rsquo;en prodiguant de la nourriture, en donnant des analyses strat\u00e9giques, en d\u00e9battant sur la s\u00e9curit\u00e9 dans les assembl\u00e9es, on peut aider un mouvement social plus large \u00e0 augmenter le rapport de force vis-\u00e0-vis du capitalisme industriel. <\/p>\n<p>    <strong>Lo\u00efc<\/strong>\n            <\/p><\/blockquote>\n<p class=\" wall-content\">ATR a ainsi particip\u00e9 \u00e0<a href=\"https:\/\/www.instagram.com\/p\/DOwCs2ODI7w\/\" target=\"_blank\" rel=\"noopener\"><strong> des blocages en p\u00e9riph\u00e9rie, <\/strong><\/a>par exemple, au centre commercial Grand Quartier le 18\u00a0septembre dernier. Un mod\u00e8le d\u2019action qui ressemble \u00e0 celui des Gilets jaunes qui se rassemblaient, par exemple, sur les ronds-points. \u00ab\u2009On s\u2019en est <strong>inspir\u00e9\u2009\u00bb,<\/strong> appuie Lo\u00efc, \u00ab\u2009on am\u00e8ne des perturbations en dehors des centres-villes. Je pense que leur erreur, justement, est d\u2019avoir converg\u00e9 \u00e0 Paris et d\u2019y avoir subi la violence polici\u00e8re, sans que cela ait eu un r\u00e9el impact sur les flux \u00e9conomiques du capitalisme.\u2009\u00bb<\/p>\n<p class=\" wall-content\">Et dans un autre registre, en novembre\u00a02024, ils se sont <strong>oppos\u00e9s \u00e0 une conf\u00e9rence tenue lors de l\u2019European Cyber Week<\/strong>, organis\u00e9e au Couvent des Jacobins, afin de dire non \u00e0 l\u2019intelligence artificielle et ses d\u00e9rives.<\/p>\n<p class=\" wall-content\"><a href=\"https:\/\/www.instagram.com\/p\/DCpHQL0CHuU\/embed\" title=\"Ouvrir le lien sur Instagram\" target=\"_blank\" rel=\"noopener\">Visualiser le contenu sur Instagram<\/a><\/p>\n<p>La soci\u00e9t\u00e9 paysanne comme horizon<\/p>\n<p class=\" wall-content\">ATR, compos\u00e9 <strong>d\u2019une vingtaine de militants<\/strong> au total, esp\u00e8re donc aller l\u00e0 o\u00f9 on ne les attend pas. C\u2019est un peu l\u2019id\u00e9e que l\u2019on peut s\u2019en faire lorsque l\u2019on sait que ses partisans et partisanes s\u2019initient <strong>aux techniques d\u2019autod\u00e9fense<\/strong> en for\u00eat. ATR propose en effet des formations \u00e0 ses adh\u00e9rents. \u00ab\u2009Ce ne sont pas des stages de survivalisme\u2009\u00bb, nuance Lo\u00efc.<\/p>\n<blockquote class=\"ac-article-quote wall-content\">\n<p>Il y a effectivement des sports d&rsquo;auto-d\u00e9fense : c&rsquo;est un peu dans la lign\u00e9e des mouvements militants r\u00e9volutionnaires pass\u00e9s comme les Black panther et les Suffragettes. La logique est de se dire : m\u00eame si notre mouvement est non violent, on pense que c&rsquo;est le r\u00f4le des r\u00e9sistants dans la soci\u00e9t\u00e9 d&rsquo;avoir une certaine culture de r\u00e9sistance.<\/p>\n<p>    <strong>Lo\u00efc<\/strong>\n            <\/p><\/blockquote>\n<p class=\" wall-content\">Il s\u2019agit alors \u00ab\u2009de regagner en autonomie\u2009\u00bb et de la m\u00eame mani\u00e8re, des ateliers sont organis\u00e9s \u00ab\u2009pour savoir <strong>se rep\u00e9rer dans la nature, se nourrir, se chauffer\u2009\u00bb,<\/strong> illustre Haud, \u00ab\u2009le jour o\u00f9 il n\u2019y aura plus de p\u00e9trole, plus de centre nucl\u00e9aire.\u2009\u00bb Une fa\u00e7on \u00ab\u2009d\u2019imaginer [nos] capacit\u00e9s en dehors de l\u2019ind\u00e9pendance \u00e0 l\u2019industrie\u2009\u00bb.<\/p>\n<p class=\" wall-content\">Car le but d\u2019ATR est de pouvoir, un jour, d\u00e9truire le syst\u00e8me \u00ab\u2009toxique par essence\u2009\u00bb afin de \u00ab\u2009reconstruire par-dessus <strong>une soci\u00e9t\u00e9 paysanne et artisanale.\u2009\u00bb<\/strong> \u00ab\u00a0Mais, malheureusement, personne n\u2019a envie de perdre un certain confort, par exemple, se passer de son t\u00e9l\u00e9phone portable.\u00a0\u00bb<\/p>\n<p class=\" wall-content\"><strong>Le parking Vilaine\u2009? Du \u00ab\u2009greenwashing\u2009\u00bb<\/strong><\/p>\n<p class=\" wall-content\">\u00c0 ce titre, Lo\u00efc ne l\u2019a pas tout \u00e0 fait encore abandonn\u00e9 car depuis quelques mois, il fait usage de son portable en <strong>publiant r\u00e9guli\u00e8rement des vid\u00e9os<\/strong> sur les r\u00e9seaux sociaux, notamment sur <a href=\"https:\/\/www.tiktok.com\/@loicecologie\" target=\"_blank\" rel=\"noopener\">TikTok<\/a>, afin de pr\u00e9senter les id\u00e9es du mouvement, face cam\u00e9ra.<\/p>\n<blockquote class=\"ac-article-quote wall-content\">\n<p>Notre approche est anti technologique au sens o\u00f9 on rejette les cons\u00e9quences de l&rsquo;industrialisation [&#8230;] mais pour autant, on n&rsquo;estime pas qu&rsquo;il faut individuellement se passer des technologies [&#8230;] Moi je n&rsquo;ai pas de scrupules \u00e0 les utiliser [&#8230;]  On va s&rsquo;en servir pour donner envie aux gens de transformer cette soci\u00e9t\u00e9, justement.\n<\/p>\n<p>    <strong>Lo\u00efc<\/strong><br \/>\n        Militant d&rsquo;ATR    <\/p><\/blockquote>\n<p class=\" wall-content\">C\u2019est donc par ce canal que le jeune homme parle notamment du <strong>parking Vilaine,<\/strong> \u00ab\u2009une id\u00e9e s\u00e9duisante sur le papier\u2009\u00bb mais \u00ab\u2009probl\u00e9matique\u2009\u00bb \u00e0 plusieurs \u00e9gards \u2013 notamment parce que l\u2019ambition \u00e9cologique de d\u00e9couvrir la Vilaine, en d\u00e9construisant le parking, est \u00ab\u2009ridicule\u2009\u00bb face aux r\u00e9els enjeux climatiques (voir ci-dessous).\u00a0Un exemple de <strong>greenwashing<\/strong> que fustige particuli\u00e8rement ATR.<\/p>\n<blockquote class=\"tiktok-embed\" cite=\"https:\/\/www.tiktok.com\/@loicecologie\/video\/7542599855856946434\" data-video-id=\"7542599855856946434\" data-embed-from=\"oembed\" style=\"max-width:605px; min-width:325px;\"><p>\n<a target=\"_blank\" title=\"@loicecologie\" href=\"https:\/\/www.tiktok.com\/@loicecologie?refer=embed\" rel=\"noopener\">@loicecologie<\/a> <\/p>\n<p>\ud83d\udd34 A <a title=\"rennes\" target=\"_blank\" href=\"https:\/\/www.tiktok.com\/tag\/rennes?refer=embed\" rel=\"noopener\">#Rennes<\/a> le <a title=\"partisocialiste\" target=\"_blank\" href=\"https:\/\/www.tiktok.com\/tag\/partisocialiste?refer=embed\" rel=\"noopener\">#PartiSocialiste<\/a> tente encore et toujours de se maintenir au pouvoir par de petits greenwashing minables\u2026 Je vous illustre \u00e7a ce soir avec l\u2019exemple de l\u2019am\u00e9nagement pseudo \u00ab\u00a0\u00e9colo\u00a0\u00bb du fleuve <a title=\"vilaine\" target=\"_blank\" href=\"https:\/\/www.tiktok.com\/tag\/vilaine?refer=embed\" rel=\"noopener\">#Vilaine<\/a> \ud83e\udd28<\/p>\n<p> <a target=\"_blank\" title=\"\u266c son original - Lo\u00efc - \u00c9cologie sans compromis\" href=\"https:\/\/www.tiktok.com\/music\/son-original-7542599903744510742?refer=embed\" rel=\"noopener\">\u266c son original \u2013 Lo\u00efc \u2013 \u00c9cologie sans compromis<\/a> <\/p>\n<\/blockquote>\n<p class=\" wall-content\">Les sujets ne s\u2019arr\u00eatent pas l\u00e0 puisque Lo\u00efc y parle d\u2019\u00e9cologie radicale, d\u2019\u00e9cologie punitive, de l\u2019autoroute A69, de Marine Tondelier, de la cancel culture\u2026 mais \u00e9galement de ses <strong>d\u00e9tracteurs.<\/strong><\/p>\n<p>Ceux qui leur tournent le dos<\/p>\n<p class=\" wall-content\"><a href=\"https:\/\/www.tiktok.com\/@loicecologie\/video\/7560779827712625942\" target=\"_blank\" rel=\"noopener\">Une s\u00e9rie de vid\u00e9os<\/a> est ainsi consacr\u00e9e \u00e0 d\u00e9bunker les propos de Reporterre qui a r\u00e9dig\u00e9, le 8\u00a0octobre dernier, <a href=\"https:\/\/reporterre.net\/Survivalisme-discipline-et-anti-feminisme-plongee-dans-le-collectif-Anti-tech-Resistance\" target=\"_blank\" rel=\"noopener\">un article<\/a> intitul\u00e9 \u00ab\u2009Survivalisme, discipline et antif\u00e9minisme\u2009: plong\u00e9e dans le collectif Anti-tech R\u00e9sistance\u2009\u00bb.<\/p>\n<p class=\" wall-content\">Un papier qui ne fait pas la part belle \u00e0 ATR, loin de l\u00e0. Le m\u00e9dia indique en effet que les militants antifascistes, les activistes \u00e9cologistes et les collectifs technocratiques critiquent vivement Anti-tech r\u00e9sistance. Ils seraient <strong>une \u00ab\u2009bande de fascistes\u2009\u00bb<\/strong> puisque ATR indiquerait ouvertement ne pas vouloir militer \u00ab\u2009pour des causes progressistes (f\u00e9minisme, antiracisme, luttes LGBT, animalisme, \u00e9cologisme, etc.) [\u2026] car les luttes sociales accentuent la r\u00e9silience du syst\u00e8me technologique\u2009\u00bb.<\/p>\n<p class=\" wall-content\">Leur id\u00e9ologie remettrait \u00e9galement en cause <strong>la m\u00e9decine moderne,<\/strong> \u00ab\u2009emp\u00eachant l\u2019autonomie et justifiant l\u2019asservissement\u2009\u00bb, comme on peut le lire <a href=\"https:\/\/www.antitechresistance.org\/blog\/poncif-n6-anti-tech-vraiment-et-les-progres-de-la-medecine-hein\" target=\"_blank\" rel=\"noopener\">ici<\/a>. Reporterre indique m\u00eame\u2009: \u00ab\u2009La pilule contraceptive est ainsi r\u00e9sum\u00e9e \u00e0 un \u00ab\u2009emprisonnement quotidien\u2009\u00bb, l\u2019IRM n\u2019existe \u00ab\u2009pas\u2009sans structures \u00e9nerg\u00e9tiques militaris\u00e9es et sans extraction mini\u00e8re\u2009\u00bb, la PMA est une \u00ab\u2009artificialisation de la reproduction\u2009\u00bb.<\/p>\n<p>Une approche qui \u00ab\u2009ne pla\u00eet pas aux gens\u2009\u00bb<\/p>\n<p class=\" wall-content\">Anti-tech r\u00e9sistance a par ailleurs \u00e9t\u00e9 <a href=\"https:\/\/www.tiktok.com\/@loicecologie\/video\/7560452295478021398\" target=\"_blank\" rel=\"noopener\"><strong>\u00e9vinc\u00e9 d\u2019une assembl\u00e9e g\u00e9n\u00e9rale Bloquons tout<\/strong><\/a> par d\u2019autres collectifs militants.<\/p>\n<p class=\" wall-content\">Localement, \u00e0 Rennes, ATR rencontre <strong>quelques<\/strong>\u00a0<strong>difficult\u00e9s<\/strong> \u00e0 trouver des locaux pour organiser des cin\u00e9s-d\u00e9bats ou du moins, des temps d\u2019\u00e9changes.<\/p>\n<blockquote class=\"ac-article-quote wall-content\">\n<p>Plusieurs bars et salles associatives nous ont d\u00e9j\u00e0 \u00e9t\u00e9 pr\u00eat\u00e9s [&#8230;] mais ce n&rsquo;est pas toujours facile car l&rsquo;\u00e9cologie mainstream, comme la MCE [Maison de la consommation et de l&rsquo;environnement, N.D.L.R], n&rsquo;a pas forc\u00e9ment la m\u00eame vision que nous.<\/p>\n<p>    <strong>Lo\u00efc<\/strong>\n            <\/p><\/blockquote>\n<p class=\" wall-content\">Les associations ou collectifs de gauche, \u00e9cologistes, ont-ils <strong>un regard critique<\/strong> sur l\u2019antenne d\u2019ATR\u2009? Apr\u00e8s un temps d\u2019h\u00e9sitation, Lo\u00efc et Haud confirment. \u00ab\u2009Oui, on est un peu \u00e0 contre-courant\u2009\u00bb, glisse Haud. \u00ab\u2009Nous, notre approche est plus <strong>en rupture<\/strong> [\u2026] cela ne pla\u00eet pas aux gens\u2009\u00bb, r\u00e9sume Lo\u00efc.<\/p>\n<p class=\" wall-content\">Personnalisez votre actualit\u00e9 en ajoutant vos villes et m\u00e9dias en favori avec <a href=\"https:\/\/moncompte.actu.fr\" title=\"D\u00e9couvez Mon Actu\" rel=\"nofollow noopener\" data-trk=\"{&quot;cta&quot;:{&quot;action&quot;:&quot;https:\\\/\\\/moncompte.actu.fr&quot;,&quot;category&quot;:&quot;mon compte&quot;,&quot;from&quot;:&quot;article footer&quot;,&quot;name&quot;:&quot;Mon actu&quot;,&quot;type&quot;:&quot;cta&quot;}}\" target=\"_blank\">Mon Actu<\/a>.<\/p>\n<p>                    <script async src=\"\/\/www.instagram.com\/embed.js\"><\/script><script async src=\"\/\/www.tiktok.com\/embed.js\"><\/script><\/p>\n","protected":false},"excerpt":{"rendered":"Par Laur\u00e8ne Fertin Publi\u00e9 le 27 nov. 2025 \u00e0 19h02 \u00ab\u2009Si on ne fait rien, on sera tous&hellip;\n","protected":false},"author":2,"featured_media":562846,"comment_status":"","ping_status":"","sticky":false,"template":"","format":"standard","meta":{"footnotes":""},"categories":[2821],"tags":[1111,11,829,436,1777,674,1011,27,693,12,316,584,25],"class_list":{"0":"post-568552","1":"post","2":"type-post","3":"status-publish","4":"format-standard","5":"has-post-thumbnail","7":"category-rennes","8":"tag-actu","9":"tag-actualites","10":"tag-bretagne","11":"tag-environnement","12":"tag-eu","13":"tag-europe","14":"tag-fr","15":"tag-france","16":"tag-industrie","17":"tag-news","18":"tag-politique","19":"tag-rennes","20":"tag-republique-francaise"},"share_on_mastodon":{"url":"https:\/\/pubeurope.com\/@fr\/115638007452887473","error":""},"_links":{"self":[{"href":"https:\/\/www.europesays.com\/fr\/wp-json\/wp\/v2\/posts\/568552","targetHints":{"allow":["GET"]}}],"collection":[{"href":"https:\/\/www.europesays.com\/fr\/wp-json\/wp\/v2\/posts"}],"about":[{"href":"https:\/\/www.europesays.com\/fr\/wp-json\/wp\/v2\/types\/post"}],"author":[{"embeddable":true,"href":"https:\/\/www.europesays.com\/fr\/wp-json\/wp\/v2\/users\/2"}],"replies":[{"embeddable":true,"href":"https:\/\/www.europesays.com\/fr\/wp-json\/wp\/v2\/comments?post=568552"}],"version-history":[{"count":0,"href":"https:\/\/www.europesays.com\/fr\/wp-json\/wp\/v2\/posts\/568552\/revisions"}],"wp:featuredmedia":[{"embeddable":true,"href":"https:\/\/www.europesays.com\/fr\/wp-json\/wp\/v2\/media\/562846"}],"wp:attachment":[{"href":"https:\/\/www.europesays.com\/fr\/wp-json\/wp\/v2\/media?parent=568552"}],"wp:term":[{"taxonomy":"category","embeddable":true,"href":"https:\/\/www.europesays.com\/fr\/wp-json\/wp\/v2\/categories?post=568552"},{"taxonomy":"post_tag","embeddable":true,"href":"https:\/\/www.europesays.com\/fr\/wp-json\/wp\/v2\/tags?post=568552"}],"curies":[{"name":"wp","href":"https:\/\/api.w.org\/{rel}","templated":true}]}}