{"id":568553,"date":"2025-11-30T09:46:14","date_gmt":"2025-11-30T09:46:14","guid":{"rendered":"https:\/\/www.europesays.com\/fr\/568553\/"},"modified":"2025-11-30T09:46:14","modified_gmt":"2025-11-30T09:46:14","slug":"stassin-a-rennes-le-plan-parfait-se-confirme","status":"publish","type":"post","link":"https:\/\/www.europesays.com\/fr\/568553\/","title":{"rendered":"Stassin \u00e0 Rennes, le plan parfait se confirme"},"content":{"rendered":"<p><b>Le Stade Rennais s&rsquo;est bien redress\u00e9 sportivement et fait figure d&rsquo;\u00e9quipe en forme en Ligue 1. Cependant, les Bretons n&rsquo;excluent pas de r\u00e9aliser quelques transferts en janvier. En attaque, le St\u00e9phanois Lucas Stassin est toujours convoit\u00e9.<\/b><\/p>\n<p>Termin\u00e9s le d\u00e9faitisme g\u00e9n\u00e9ral \u00e0 Rennes et les rumeurs d&rsquo;un licenciement \u00e0 venir d&rsquo;Habib Beye. Les Bretons sont sur un nuage depuis un mois. Ils viennent d&rsquo;encha\u00eener quatre victoires d&rsquo;affil\u00e9e en novembre dont deux 4-1 contre Strasbourg et Monaco. Le <a href=\"https:\/\/www.foot01.com\/rennes\" target=\"_self\" rel=\"noopener\">Stade Rennais<\/a> est totalement dans la course \u00e0 l&rsquo;Europe. Cela ne pouvait en \u00eatre autrement au vu de la richesse de son effectif : Rongier, Embolo, Frankowski ainsi que les jeunes talents Lepaul, Ait Boudlal ou encore Jacquet. Un cocktail d\u00e9tonnant pour \u00eatre comp\u00e9titif jusqu&rsquo;\u00e0 la fin de la saison normalement.Stassin \u00e0 Rennes, un attaquant sur le d\u00e9part ?Pourtant, le Stade Rennais compte recruter en janvier. Les Bretons ont dans le viseur Lucas Stassin. L&rsquo;attaquant belge veut quitter l&rsquo;<a href=\"https:\/\/www.foot01.com\/st-etienne\" target=\"_self\" rel=\"noopener\">AS Saint-Etienne<\/a> et la Ligue 2. Ce n&rsquo;est pas une surprise puisque le club d\u00e9tenu par Fran\u00e7ois Pinault \u00e9tait d\u00e9j\u00e0 <a href=\"https:\/\/www.foot01.com\/rennes\/stassin-apres-lepaul-rennes-negocie-avec-l-asse-459208\" target=\"_self\" rel=\"noopener\">l&rsquo;un de ses pr\u00e9tendants estivaux<\/a>. Un \u00e9l\u00e9ment pourrait acc\u00e9l\u00e9rer le dossier selon les informations de L&rsquo;Equipe : le cas Breel Embolo. M\u00eame s&rsquo;il est bien int\u00e9gr\u00e9 en Bretagne, le buteur suisse risque de s&rsquo;en aller rapidement. En effet, l&rsquo;AS Rome n&rsquo;a pas \u00e9cart\u00e9 l&rsquo;id\u00e9e de le recruter cet hiver.<\/p>\n<p>Les Romains \u00e9taient d\u00e9j\u00e0 sur les rangs pour son transfert l&rsquo;\u00e9t\u00e9 dernier avant de se faire devancer par Rennes. Les Giallorossi font un excellent d\u00e9but de saison en Serie A mais ils peinent sur le plan offensif. La faute \u00e0 la forme m\u00e9diocre de leurs deux buteurs : Artem Dovbyk (2 buts en Serie A) et l&rsquo;Irlandais Evan Ferguson (1 but seulement). Si la Roma met le prix, Rennes laissera filer Embolo en Italie et s&rsquo;attaquera \u00e0 Stassin dans la foul\u00e9e. Un jeu de chaises musicales qui ne ferait que des gagnants des deux c\u00f4t\u00e9s des Alpes.<\/p>\n<p><img decoding=\"async\" src=\"https:\/\/www.europesays.com\/fr\/wp-content\/uploads\/2025\/11\/32538.png\" alt=\"B. Embolo\" class=\"w-16 h-16 object-cover rounded-full\"\/><\/p>\n<p>B. Embolo<\/p>\n<p><img decoding=\"async\" src=\"https:\/\/www.europesays.com\/fr\/wp-content\/uploads\/2025\/11\/ch.png\" alt=\"Switzerland\" class=\"w-6 h-4 object-cover\"\/>Suisse \u2022 \u00c2ge 28 \u2022 Attaquant<\/p>\n","protected":false},"excerpt":{"rendered":"Le Stade Rennais s&rsquo;est bien redress\u00e9 sportivement et fait figure d&rsquo;\u00e9quipe en forme en Ligue 1. Cependant, les&hellip;\n","protected":false},"author":2,"featured_media":568554,"comment_status":"","ping_status":"","sticky":false,"template":"","format":"standard","meta":{"footnotes":""},"categories":[2821],"tags":[1111,11,461,829,1777,674,1011,27,1434,12,584,25],"class_list":{"0":"post-568553","1":"post","2":"type-post","3":"status-publish","4":"format-standard","5":"has-post-thumbnail","7":"category-rennes","8":"tag-actu","9":"tag-actualites","10":"tag-asse","11":"tag-bretagne","12":"tag-eu","13":"tag-europe","14":"tag-fr","15":"tag-france","16":"tag-mercato","17":"tag-news","18":"tag-rennes","19":"tag-republique-francaise"},"share_on_mastodon":{"url":"https:\/\/pubeurope.com\/@fr\/115638016349858500","error":""},"_links":{"self":[{"href":"https:\/\/www.europesays.com\/fr\/wp-json\/wp\/v2\/posts\/568553","targetHints":{"allow":["GET"]}}],"collection":[{"href":"https:\/\/www.europesays.com\/fr\/wp-json\/wp\/v2\/posts"}],"about":[{"href":"https:\/\/www.europesays.com\/fr\/wp-json\/wp\/v2\/types\/post"}],"author":[{"embeddable":true,"href":"https:\/\/www.europesays.com\/fr\/wp-json\/wp\/v2\/users\/2"}],"replies":[{"embeddable":true,"href":"https:\/\/www.europesays.com\/fr\/wp-json\/wp\/v2\/comments?post=568553"}],"version-history":[{"count":0,"href":"https:\/\/www.europesays.com\/fr\/wp-json\/wp\/v2\/posts\/568553\/revisions"}],"wp:featuredmedia":[{"embeddable":true,"href":"https:\/\/www.europesays.com\/fr\/wp-json\/wp\/v2\/media\/568554"}],"wp:attachment":[{"href":"https:\/\/www.europesays.com\/fr\/wp-json\/wp\/v2\/media?parent=568553"}],"wp:term":[{"taxonomy":"category","embeddable":true,"href":"https:\/\/www.europesays.com\/fr\/wp-json\/wp\/v2\/categories?post=568553"},{"taxonomy":"post_tag","embeddable":true,"href":"https:\/\/www.europesays.com\/fr\/wp-json\/wp\/v2\/tags?post=568553"}],"curies":[{"name":"wp","href":"https:\/\/api.w.org\/{rel}","templated":true}]}}