{"id":568555,"date":"2025-11-30T09:47:13","date_gmt":"2025-11-30T09:47:13","guid":{"rendered":"https:\/\/www.europesays.com\/fr\/568555\/"},"modified":"2025-11-30T09:47:13","modified_gmt":"2025-11-30T09:47:13","slug":"strasbourg-defile-de-haute-couture-contes-lac-des-cygnes-grands-diners-cest-deja-noel-a-saint-guillaume","status":"publish","type":"post","link":"https:\/\/www.europesays.com\/fr\/568555\/","title":{"rendered":"Strasbourg. D\u00e9fil\u00e9 de haute couture, contes, \u201cLac des cygnes\u201d, grands d\u00eeners\u2026 C\u2019est d\u00e9j\u00e0 No\u00ebl \u00e0 Saint-Guillaume\u00a0!"},"content":{"rendered":"<p>Un nouveau d\u00e9cor, du chocolat (ou du vin \u00e0 consommer avec mod\u00e9ration) chaud, sans oublier les 60\u00a0kilos de bredele pr\u00e9par\u00e9s par les b\u00e9n\u00e9voles\u2026 No\u00ebl est en approche \u00e0 Saint-Guillaume, o\u00f9 de nombreux rendez-vous \u00e9mailleront le mois de d\u00e9cembre.\u00a0\u00c0 commencer, ce <strong>lundi 1er \u00a0d\u00e9cembre<\/strong> \u00e0 18\u00a0h, par l\u2019ouverture de la premi\u00e8re fen\u00eatre du d\u00e9j\u00e0 traditionnel <a href=\"https:\/\/www.dna.fr\/culture-loisirs\/2024\/11\/28\/saint-guillaume-inaugure-son-calendrier-de-l-avent\" target=\"_blank\" rel=\"noopener\">calendrier de l\u2019avent<\/a> propos\u00e9 par Passions Crois\u00e9es. Avec, en guest-star du soir, l\u2019iconique couturier alsacien Victor Weinsanto.<\/p>\n<p><a href=\"https:\/\/www.dna.fr\/culture-loisirs\/2024\/11\/14\/un-defile-exceptionnel-de-victor-weinsanto-dans-un-esprit-de-concorde-a-l-eglise-saint-guillaume\" target=\"_blank\" rel=\"noopener\">Un an apr\u00e8s l\u2019exceptionnel d\u00e9fil\u00e9 organis\u00e9 dans la nef en novembre\u00a02024<\/a> , <a href=\"https:\/\/www.dna.fr\/magazine-lifestyle\/2024\/11\/13\/le-styliste-victor-weinsanto-sur-ses-terres-alsaciennes\" target=\"_blank\" rel=\"noopener\">l\u2019enfant du pays<\/a> viendra inaugurer l\u2019une de ses tenues \u2013 pour d\u00e9couvrir laquelle, il faudra se d\u00e9placer\u00a0! \u2013, qui sera pr\u00eat\u00e9e et expos\u00e9e pour un mois \u00e0 Saint-Guillaume. Apr\u00e8s l\u2019ouverture du calendrier \u00e0 18\u00a0h et une \u0153uvre musicale interpr\u00e9t\u00e9e par Cyril Pallaud \u00e0 l\u2019orgue \u00e0 18\u00a0h\u00a015, la pr\u00e9sentation de la tenue sera suivie d\u2019un temps d\u2019\u00e9change avec Victor Weinsanto. Il se murmure aussi que le couturier se verra remettre \u00e0 cette occasion une m\u00e9daille d\u2019honneur de la Chambre des m\u00e9tiers d\u2019Alsace\u2026<\/p>\n<p>D\u00e8s le lendemain, le <strong>mardi 2\u00a0d\u00e9cembre<\/strong> \u00e0 20\u00a0h, c\u2019est le ballet Le lac des cygnes , mis en sc\u00e8ne par Guillem Aubry, qui entrera en sc\u00e8ne, le temps d\u2019une \u00ab\u00a0g\u00e9n\u00e9rale musicale\u00a0\u00bb accessible moyennant 20\u00a0\u20ac (voire gratuitement pour les membres de Passions crois\u00e9es), avec le danseur Vassiliy Evlachev dans le r\u00f4le-titre.<\/p>\n<p>Accompagn\u00e9 par la violoniste Iris Scialom, nomin\u00e9e aux r\u00e9v\u00e9lations des Victoires de la musique classique 2025, le c\u00e9l\u00e8bre ballet sera de retour <strong>les vendredis 5 et 13\u00a0d\u00e9cembre<\/strong> \u00e0 19\u00a0h, <a href=\"https:\/\/www.dna.fr\/culture-loisirs\/2023\/11\/21\/deux-diners-gastronomiques-lyriques-et-magiques-a-saint-guillaume\" target=\"_blank\" rel=\"noopener\">pour les grands d\u00eeners de No\u00ebl de Saint-Guillaume<\/a> \u2013 une autre tradition d\u00e9j\u00e0 bien ancr\u00e9e. L\u2019occasion de profiter du ballet, tout en d\u00e9couvrant la cuisine de K\u00e9vin Stroh, le chef du restaurant gastronomique strasbourgeois La Casserole , r\u00e9cemment sacr\u00e9 \u201cJeune talent 2025\u201d par le guide Gault &amp; Millau (moyennant 100\u00a0\u20ac par personne +\u00a095\u00a0\u20ac de don d\u00e9ductible au minimum). Au menu gourmand du soir\u00a0: amuse-bouche, foie gras, \u0153uf parfait, carr\u00e9 de veau, marron\u2026 Des tables de deux \u00e0 huit personnes seront dress\u00e9es dans la nef. \u00ab\u00a0Et entre chaque service sera interpr\u00e9t\u00e9 l\u2019un des tableaux du Lac des cygnes \u00a0\u00bb, pr\u00e9cise Cyril Pallaud, le pr\u00e9sident de Passions Crois\u00e9es. Attention\u00a0: il est fortement conseill\u00e9 de r\u00e9server sans tarder\u00a0!<\/p>\n<p>Ceux qui ne pourraient pas en profiter se consoleront le <strong>samedi 6\u00a0d\u00e9cembre<\/strong> \u00e0 16\u00a0h avec la premi\u00e8re session des contes de No\u00ebl propos\u00e9s en collaboration avec Fran\u00e7ois Wolfermann\u00a0; un rendez-vous gratuit et accessible d\u00e8s cinq ans. Deux contes seront lus en cette Saint-Nicolas\u00a0: La petite fille aux allumettes , de Hans Christian Andersen et La ch\u00e8vre de Monsieur Seguin , d\u2019Alphonse Daudet. Ils seront entrecoup\u00e9s d\u2019un interlude au piano, de Guillem Aubry, qui jouera un extrait de Casse-Noisette \u00a0de Tchaikovsky. \u00ab\u00a0Apr\u00e8s les contes, la chapelle accueillera un salon de th\u00e9 \u00e9ph\u00e9m\u00e8re\u00a0\u00bb, pr\u00e9cise aussi Cyril Pallaud, qui annonce d\u2019ores et d\u00e9j\u00e0 une seconde s\u00e9ance, <strong>le 23\u00a0d\u00e9cembre<\/strong> \u00e0 partir de 16\u00a0h.<\/p>\n<p>\u00c0 noter aussi d\u00e8s \u00e0 pr\u00e9sent sur les agendas (nous aurons l\u2019occasion d\u2019y revenir plus en d\u00e9tail)\u00a0: un concert de No\u00ebl qui verra le retour de la pole dance et de Vincent Grobelny \u00e0 Saint-Guillaume, <strong>le 23\u00a0d\u00e9cembre<\/strong> \u00e0 20\u00a0h\u00a0; un conte de No\u00ebl suivi de chants participatifs et d\u2019un culte musical, <strong>le 24\u00a0d\u00e9cembre<\/strong> \u00e0 16\u00a0h\u00a0; et le lancement du troisi\u00e8me <a href=\"https:\/\/www.dna.fr\/societe\/2023\/12\/18\/saint-guillaume-un-concert-par-jour-entre-noel-et-nouvel-an\" target=\"_blank\" rel=\"noopener\"> Festival de No\u00ebl<\/a> , avec La petite messe solennelle de Rossini, <strong>le 26\u00a0d\u00e9cembre<\/strong> \u00e0 15\u00a0h, suivie de plusieurs autres rendez-vous <strong>les 27, 28, 29 et 30\u00a0d\u00e9cembre<\/strong> pour mener les m\u00e9lomanes jusqu\u2019au r\u00e9veillon.<\/p>\n<p class=\"note\">Plus d\u2019infos et r\u00e9servations\u00a0: www.passions-croisees.com<\/p>\n","protected":false},"excerpt":{"rendered":"Un nouveau d\u00e9cor, du chocolat (ou du vin \u00e0 consommer avec mod\u00e9ration) chaud, sans oublier les 60\u00a0kilos de&hellip;\n","protected":false},"author":2,"featured_media":568556,"comment_status":"","ping_status":"","sticky":false,"template":"","format":"standard","meta":{"footnotes":""},"categories":[2820],"tags":[1111,11,1687,2880,1777,674,107,1011,27,775,873,12,15830,2661,4043,25,953,3140,640,2879],"class_list":{"0":"post-568555","1":"post","2":"type-post","3":"status-publish","4":"format-standard","5":"has-post-thumbnail","7":"category-strasbourg","8":"tag-actu","9":"tag-actualites","10":"tag-culture-loisirs","11":"tag-edition-strasbourg","12":"tag-eu","13":"tag-europe","14":"tag-fil-info","15":"tag-fr","16":"tag-france","17":"tag-grand-est","18":"tag-musique","19":"tag-news","20":"tag-noel","21":"tag-patrimoine-culturel","22":"tag-repas-et-the-dansant","23":"tag-republique-francaise","24":"tag-soiree","25":"tag-spectacle","26":"tag-strasbourg","27":"tag-strasbourg-ville"},"share_on_mastodon":{"url":"https:\/\/pubeurope.com\/@fr\/115638019316591709","error":""},"_links":{"self":[{"href":"https:\/\/www.europesays.com\/fr\/wp-json\/wp\/v2\/posts\/568555","targetHints":{"allow":["GET"]}}],"collection":[{"href":"https:\/\/www.europesays.com\/fr\/wp-json\/wp\/v2\/posts"}],"about":[{"href":"https:\/\/www.europesays.com\/fr\/wp-json\/wp\/v2\/types\/post"}],"author":[{"embeddable":true,"href":"https:\/\/www.europesays.com\/fr\/wp-json\/wp\/v2\/users\/2"}],"replies":[{"embeddable":true,"href":"https:\/\/www.europesays.com\/fr\/wp-json\/wp\/v2\/comments?post=568555"}],"version-history":[{"count":0,"href":"https:\/\/www.europesays.com\/fr\/wp-json\/wp\/v2\/posts\/568555\/revisions"}],"wp:featuredmedia":[{"embeddable":true,"href":"https:\/\/www.europesays.com\/fr\/wp-json\/wp\/v2\/media\/568556"}],"wp:attachment":[{"href":"https:\/\/www.europesays.com\/fr\/wp-json\/wp\/v2\/media?parent=568555"}],"wp:term":[{"taxonomy":"category","embeddable":true,"href":"https:\/\/www.europesays.com\/fr\/wp-json\/wp\/v2\/categories?post=568555"},{"taxonomy":"post_tag","embeddable":true,"href":"https:\/\/www.europesays.com\/fr\/wp-json\/wp\/v2\/tags?post=568555"}],"curies":[{"name":"wp","href":"https:\/\/api.w.org\/{rel}","templated":true}]}}