{"id":568557,"date":"2025-11-30T09:48:22","date_gmt":"2025-11-30T09:48:22","guid":{"rendered":"https:\/\/www.europesays.com\/fr\/568557\/"},"modified":"2025-11-30T09:48:22","modified_gmt":"2025-11-30T09:48:22","slug":"basket-fauteuil-lannion-decroche-sa-premiere-victoire-de-la-saison-contre-strasbourg","status":"publish","type":"post","link":"https:\/\/www.europesays.com\/fr\/568557\/","title":{"rendered":"Basket-fauteuil. Lannion d\u00e9croche sa premi\u00e8re victoire de la saison contre Strasbourg"},"content":{"rendered":"<p>                    Par<br \/>\n        <strong><br \/>\n            <a href=\"https:\/\/actu.fr\/auteur\/jeremy-nedelec\" title=\"Consulter tous les articles de J\u00e9r\u00e9my N\u00e9d\u00e9lec\" target=\"_blank\" rel=\"noopener\">J\u00e9r\u00e9my N\u00e9d\u00e9lec<\/a><br \/>\n                    <\/strong><\/p>\n<p>        Publi\u00e9 le<\/p>\n<p>            30 nov. 2025 \u00e0 9h47        <\/p>\n<p><b>Le CTH Lannion<\/b> s\u2019est impos\u00e9 pour la premi\u00e8re fois de la saison, ce samedi, lors de la 5e journ\u00e9e <b>d\u2019\u00c9lite Nationale<\/b>\u2009: les Tr\u00e9gorrois ont dispos\u00e9 du promu, <b>Strasbourg (68-48),<\/b> ce samedi.<\/p>\n<p>Lannion est mont\u00e9 en puissance<\/p>\n<p class=\" wall-content\">Une victoire qui s\u2019est dessin\u00e9e avec encore un <b>d\u00e9part laborieux<\/b> (0-6 puis 2-8, 2e), une mauvaise habitude lannionnaise cette saison. <b>Hakim Badache<\/b> (26 points) permettait \u00e0 son \u00e9quipe de rester au contact en inscrivant presque la moiti\u00e9 de ses points au sein du premier quart-temps.<\/p>\n<p>    <img   decoding=\"async\" loading=\"lazy\" class=\"size-large\" src=\"https:\/\/www.europesays.com\/fr\/wp-content\/uploads\/2025\/11\/50c3d0896b29654c3d0896b2948c3dv-960x640.jpg\" alt=\"CTH Lannion Strasbourg\" width=\"960\" height=\"640\"\/><br \/>\n    Les quatre recrues sud-am\u00e9ricaines, dont Gustavo Freitas Lasmar, ont apport\u00e9 leur pierre \u00e0 l\u2019\u00e9difice (17 points). \u00a9J\u00e9r\u00e9my N\u00e9d\u00e9lec \/ Le Tr\u00e9gor<\/p>\n<p class=\" wall-content\">Puis, Lannion a hauss\u00e9 son niveau avec une meilleure d\u00e9fense collective, virant en t\u00eate au repos (30-22). Les locaux poursuivaient ainsi leur bonne dynamique en revenant des vestiaires (40-26, 14e) pour disposer d\u2019une <b>bonne marge<\/b> \u00e0 10\u00a0minutes du terme (45-32). le CTH enfon\u00e7ait le clou en fin de rencontre pour <b>valider sa premi\u00e8re victoire,<\/b> avec 20 points d\u2019\u00e9cart face \u00e0 un concurrent direct au maintien.<\/p>\n<p>    <img   decoding=\"async\" loading=\"lazy\" class=\"size-large\" src=\"https:\/\/www.europesays.com\/fr\/wp-content\/uploads\/2025\/11\/d1bc80a96b296d5bc80a96b29b9bc8v-960x640.jpg\" alt=\"CTH Lannion Strasbourg\" width=\"960\" height=\"640\"\/><br \/>\n    Hakim Badache a \u00e9t\u00e9 le grand artisan du succ\u00e8s des siens, avec 26 points. \u00a9J\u00e9r\u00e9my N\u00e9d\u00e9lec \/ Le Tr\u00e9gor\u00ab\u2009Du bien au moral\u2009\u00bb<\/p>\n<p class=\" wall-content\">\u00ab\u2009Cette premi\u00e8re victoire nous fait du bien au moral, on avait fait des bonnes s\u00e9quences contre les gros (Le\u00a0Cannet, Le Puy-en-Velay et Chalon), mais aucune contre Lille, et l\u00e0, en faisant une bonne d\u00e9fense, on est capable de les limiter sous les 50 points et surtout, cela nous donne derri\u00e8re des situations de jeu rapide et de paniers plus faciles\u2009\u00bb, relevait l\u2019entra\u00eeneur lannionnais, <b>Guillaume Lefeuvre.<\/b><\/p>\n<p>Vid\u00e9os : en ce moment sur Actu<br \/>\n    <img   decoding=\"async\" loading=\"lazy\" class=\"size-large\" src=\"https:\/\/www.europesays.com\/fr\/wp-content\/uploads\/2025\/11\/5f71f9a96b2964381f9a96b291781fv-960x640.jpg\" alt=\"CTH Lannion Strasbourg\" width=\"960\" height=\"640\"\/><br \/>\n    Marion Blais et Lannion sont mont\u00e9s en puissance face au promu strasbourgeois. \u00a9J\u00e9r\u00e9my N\u00e9d\u00e9lec \/ Le Tr\u00e9gor<\/p>\n<p class=\" wall-content\"><b>CTH Lannion. <\/b>F. Etavard (cap), 13 points \/ E. Etavard-Glemp, 0 pt \/ H. Badache, 26 pts \/ M. Blais, 6 pts \/ G. Gomez Garcia, 6 pts \/ J. Ignacio Celiz, 6 pts \/ R. Carlos Saldanha, 2 pts \/ I. N\u2019Diaye, 6 pts \/ G. Freitas Lasmar, 3 pts.<\/p>\n<p class=\" wall-content\">Personnalisez votre actualit\u00e9 en ajoutant vos villes et m\u00e9dias en favori avec <a href=\"https:\/\/moncompte.actu.fr\" title=\"D\u00e9couvez Mon Actu\" rel=\"nofollow noopener\" data-trk=\"{&quot;cta&quot;:{&quot;action&quot;:&quot;https:\\\/\\\/moncompte.actu.fr&quot;,&quot;category&quot;:&quot;mon compte&quot;,&quot;from&quot;:&quot;article footer&quot;,&quot;name&quot;:&quot;Mon actu&quot;,&quot;type&quot;:&quot;cta&quot;}}\" target=\"_blank\">Mon Actu<\/a>.<\/p>\n","protected":false},"excerpt":{"rendered":"Par J\u00e9r\u00e9my N\u00e9d\u00e9lec Publi\u00e9 le 30 nov. 2025 \u00e0 9h47 Le CTH Lannion s\u2019est impos\u00e9 pour la premi\u00e8re&hellip;\n","protected":false},"author":2,"featured_media":568558,"comment_status":"","ping_status":"","sticky":false,"template":"","format":"standard","meta":{"footnotes":""},"categories":[2820],"tags":[1111,11,1777,674,1011,27,775,1943,12,25,60,640],"class_list":{"0":"post-568557","1":"post","2":"type-post","3":"status-publish","4":"format-standard","5":"has-post-thumbnail","7":"category-strasbourg","8":"tag-actu","9":"tag-actualites","10":"tag-eu","11":"tag-europe","12":"tag-fr","13":"tag-france","14":"tag-grand-est","15":"tag-handicap","16":"tag-news","17":"tag-republique-francaise","18":"tag-sports","19":"tag-strasbourg"},"share_on_mastodon":{"url":"https:\/\/pubeurope.com\/@fr\/115638024816810290","error":""},"_links":{"self":[{"href":"https:\/\/www.europesays.com\/fr\/wp-json\/wp\/v2\/posts\/568557","targetHints":{"allow":["GET"]}}],"collection":[{"href":"https:\/\/www.europesays.com\/fr\/wp-json\/wp\/v2\/posts"}],"about":[{"href":"https:\/\/www.europesays.com\/fr\/wp-json\/wp\/v2\/types\/post"}],"author":[{"embeddable":true,"href":"https:\/\/www.europesays.com\/fr\/wp-json\/wp\/v2\/users\/2"}],"replies":[{"embeddable":true,"href":"https:\/\/www.europesays.com\/fr\/wp-json\/wp\/v2\/comments?post=568557"}],"version-history":[{"count":0,"href":"https:\/\/www.europesays.com\/fr\/wp-json\/wp\/v2\/posts\/568557\/revisions"}],"wp:featuredmedia":[{"embeddable":true,"href":"https:\/\/www.europesays.com\/fr\/wp-json\/wp\/v2\/media\/568558"}],"wp:attachment":[{"href":"https:\/\/www.europesays.com\/fr\/wp-json\/wp\/v2\/media?parent=568557"}],"wp:term":[{"taxonomy":"category","embeddable":true,"href":"https:\/\/www.europesays.com\/fr\/wp-json\/wp\/v2\/categories?post=568557"},{"taxonomy":"post_tag","embeddable":true,"href":"https:\/\/www.europesays.com\/fr\/wp-json\/wp\/v2\/tags?post=568557"}],"curies":[{"name":"wp","href":"https:\/\/api.w.org\/{rel}","templated":true}]}}