{"id":568561,"date":"2025-11-30T09:50:38","date_gmt":"2025-11-30T09:50:38","guid":{"rendered":"https:\/\/www.europesays.com\/fr\/568561\/"},"modified":"2025-11-30T09:50:38","modified_gmt":"2025-11-30T09:50:38","slug":"tout-savoir-sur-lorient-nice","status":"publish","type":"post","link":"https:\/\/www.europesays.com\/fr\/568561\/","title":{"rendered":"Tout savoir sur Lorient &#8211; Nice"},"content":{"rendered":"<p>                            <img decoding=\"async\" src=\"https:\/\/www.europesays.com\/fr\/wp-content\/uploads\/2025\/11\/Cho-faceface-FCLOGCN.jpg\" loading=\"lazy\"\/><\/p>\n<p>\n                    Jour de match<\/p>\n<p class=\"accroche\">Voici tout ce qu&rsquo;il faut savoir avant Lorient &#8211; Nice, qui d\u00e9butera ce dimanche \u00e0 17h15 dans le cadre de la 14\u00e8me journ\u00e9e de L1.<\/p>\n<p>Le groupe<\/p>\n<p><img loading=\"lazy\" decoding=\"async\" alt=\"\" height=\"1350\" src=\"https:\/\/www.europesays.com\/fr\/wp-content\/uploads\/2025\/11\/Groupe-Lorient-Nice.jpg\" width=\"1080\"\/><\/p>\n<p>La stat rouge et noir<\/p>\n<p>S\u2019il joue, Sofiane Diop disputera son 150e match de Ligue 1 (76 avec Monaco, 73 avec Nice). Auteur de six buts depuis le d\u00e9but de la saison, il est le seul joueur de Nice \u00e0 plus de deux buts dans l\u2019\u00e9lite en 2025\/26.<\/p>\n<p><img loading=\"lazy\" decoding=\"async\" alt=\"\" height=\"1451\" src=\"https:\/\/www.europesays.com\/fr\/wp-content\/uploads\/2025\/11\/Diop-V-FCL.jpg\" width=\"1080\"\/><\/p>\n<p style=\"text-align: center;\">Stat : Opta<\/p>\n<p>L&rsquo;homme \u00e0 suivre\u00a0<\/p>\n<p>Le meilleur buteur de Lorient en L1 se nomme Pablo Pagis (22 ans), auteur de 4 r\u00e9alisations depuis le d\u00e9but de l\u2019exercice. Pablo qui n\u2019est autre que le fils de Micka\u00ebl, attaquant qui r\u00e9gala le foot fran\u00e7ais au cours des ann\u00e9es 90\/2000.<\/p>\n<p><img loading=\"lazy\" decoding=\"async\" alt=\"\" height=\"608\" src=\"https:\/\/www.europesays.com\/fr\/wp-content\/uploads\/2025\/11\/1764496234_305_Pablo-Pagis.jpg\" width=\"1080\"\/><\/p>\n<p>Le Corps arbitral<\/p>\n<p>\u00a0<\/p>\n<ul>&#13;<\/p>\n<li>ROMAIN LISSORGUE (arbitre)<\/li>\n<p>&#13;<\/p>\n<li>YOUSSEF EL HAMZAOUI (arbitre assistant) \/ ALEXIS AUGER (arbitre assistant)<\/li>\n<p>&#13;<\/p>\n<li>THIERRY BOUILLE (4\u00e8me arbitre)<\/li>\n<p>&#13;<\/p>\n<li>WILFRIED BIEN (arbitre assistant vid\u00e9o) \/ CEDRIC DOS SANTOS (arbitre assistant vid\u00e9o)<\/li>\n<p>&#13;\n<\/ul>\n<p>\u00a0<\/p>\n<p>Le programme de la 14\u00e8me journ\u00e9e<\/p>\n<p style=\"text-align: center;\"><strong>Vendredi 28 novembre 2025 \u00e0 20h45\u00a0sur Ligue 1+ 2<\/strong><br \/>&#13;<br \/>\nFC Metz 0\u20131 Stade Rennais FC<\/p>\n<p style=\"text-align: center;\"><strong>Samedi 29 novembre 2025 \u00e0 17h00 sur beIN SPORTS 1<\/strong><br \/>&#13;<br \/>\nAS Monaco 1\u20130 Paris Saint-Germain\u00a0<\/p>\n<p style=\"text-align: center;\"><strong>Samedi 29 novembre 2025 \u00e0 19h00 sur Ligue 1+<\/strong><br \/>&#13;<br \/>\nParis FC 1\u20131 AJ Auxerre<\/p>\n<p style=\"text-align: center;\"><strong>Samedi 29 novembre 2025 \u00e0 21h05 sur Ligue 1+ 2<\/strong><br \/>&#13;<br \/>\nOlympique de Marseille 2\u20132 Toulouse FC<\/p>\n<p style=\"text-align: center;\"><strong>Dimanche 30 novembre 2025 \u00e0 15h00 sur Ligue 1+ 3<\/strong><br \/>&#13;<br \/>\nRC Strasbourg Alsace \u2013 Stade Brestois 29<\/p>\n<p style=\"text-align: center;\"><strong>Dimanche 30 novembre 2025 \u00e0 17h15 sur Ligue 1+ 4<\/strong><br \/>&#13;<br \/>\nAngers SCO \u2013 RC Lens<\/p>\n<p style=\"text-align: center;\"><strong>Dimanche 30 novembre 2025 \u00e0 17h15 sur Ligue 1+ 5<\/strong><br \/>&#13;<br \/>\n<strong>FC Lorient \u2013 OGC Nice<\/strong><\/p>\n<p style=\"text-align: center;\"><strong>Dimanche 30 novembre 2025 \u00e0 17h15 sur Ligue 1+ 6<\/strong><br \/>&#13;<br \/>\nHavre AC \u2013 LOSC Lille<\/p>\n<p><strong>Dimanche 30 novembre 2025 \u00e0 20h45 sur Ligue 1+ 2<\/strong><br \/>&#13;<br \/>\nOlympique Lyonnais \u2013 FC Nantes<\/p>\n<p style=\"text-align: center;\"><a href=\"https:\/\/www.lequipe.fr\/Football\/ligue-1\/page-classement-equipes\/general\" target=\"_blank\" rel=\"noopener\">Le classement de la L1<\/a><\/p>\n<p>Jouez \u00e0 la Ligue des Aiglons<\/p>\n<p style=\"text-align: center;\"><img loading=\"lazy\" decoding=\"async\" alt=\"\" height=\"1350\" src=\"https:\/\/www.europesays.com\/fr\/wp-content\/uploads\/2025\/11\/LDA4_5fcl.jpg\" width=\"1080\"\/><\/p>\n<p>O\u00f9 voir le match ?<\/p>\n<ul>&#13;<\/p>\n<li>&#13;<br \/>\n\t\u00c0 la t\u00e9l\u00e9vision, sur Ligue 1 +&#13;<br \/>\n&#13;<br \/>\n\t<a href=\"https:\/\/plus.ligue1.com\/home\" target=\"_blank\" rel=\"noopener\"><img loading=\"lazy\" decoding=\"async\" alt=\"\" height=\"540\" src=\"https:\/\/www.europesays.com\/fr\/wp-content\/uploads\/2025\/09\/1920x960.jpg\" width=\"1080\"\/><\/a>&#13;\n\t<\/li>\n<p>&#13;<\/p>\n<li>&#13;\n<p>Les m\u00e9dias du club vous proposent de vivre en\u00a0direct comment\u00e9\u00a0les matchs de votre club de coeur sur Facebook, Youtube, Twitter, Instagram, Twitch\u00a0et OGCNice.com (notre\u00a0commentateur Constantin Djivas\u00a0vous donne\u00a0rendez-vous d\u00e8s 17h).\u00a0<\/p>\n<p>&#13;\n\t<\/li>\n<p>&#13;<\/p>\n<li>&#13;\n<p>Enfin, France Bleu Azur (103,8 FM) et RMC Sport (98,8 FM)\u00a0commenteront la rencontre en direct \u00e0 la radio.<\/p>\n<p>&#13;\n\t<\/li>\n<p>&#13;\n<\/ul>\n<p class=\"article_credit\">Stats : Opta<\/p>\n","protected":false},"excerpt":{"rendered":"Jour de match Voici tout ce qu&rsquo;il faut savoir avant Lorient &#8211; Nice, qui d\u00e9butera ce dimanche \u00e0&hellip;\n","protected":false},"author":2,"featured_media":568562,"comment_status":"","ping_status":"","sticky":false,"template":"","format":"standard","meta":{"footnotes":""},"categories":[2819],"tags":[1111,11,1777,674,1011,27,12,2401,882,25],"class_list":{"0":"post-568561","1":"post","2":"type-post","3":"status-publish","4":"format-standard","5":"has-post-thumbnail","7":"category-nice","8":"tag-actu","9":"tag-actualites","10":"tag-eu","11":"tag-europe","12":"tag-fr","13":"tag-france","14":"tag-news","15":"tag-nice","16":"tag-provence-alpes-cote-dazur","17":"tag-republique-francaise"},"share_on_mastodon":{"url":"https:\/\/pubeurope.com\/@fr\/115638031827396708","error":""},"_links":{"self":[{"href":"https:\/\/www.europesays.com\/fr\/wp-json\/wp\/v2\/posts\/568561","targetHints":{"allow":["GET"]}}],"collection":[{"href":"https:\/\/www.europesays.com\/fr\/wp-json\/wp\/v2\/posts"}],"about":[{"href":"https:\/\/www.europesays.com\/fr\/wp-json\/wp\/v2\/types\/post"}],"author":[{"embeddable":true,"href":"https:\/\/www.europesays.com\/fr\/wp-json\/wp\/v2\/users\/2"}],"replies":[{"embeddable":true,"href":"https:\/\/www.europesays.com\/fr\/wp-json\/wp\/v2\/comments?post=568561"}],"version-history":[{"count":0,"href":"https:\/\/www.europesays.com\/fr\/wp-json\/wp\/v2\/posts\/568561\/revisions"}],"wp:featuredmedia":[{"embeddable":true,"href":"https:\/\/www.europesays.com\/fr\/wp-json\/wp\/v2\/media\/568562"}],"wp:attachment":[{"href":"https:\/\/www.europesays.com\/fr\/wp-json\/wp\/v2\/media?parent=568561"}],"wp:term":[{"taxonomy":"category","embeddable":true,"href":"https:\/\/www.europesays.com\/fr\/wp-json\/wp\/v2\/categories?post=568561"},{"taxonomy":"post_tag","embeddable":true,"href":"https:\/\/www.europesays.com\/fr\/wp-json\/wp\/v2\/tags?post=568561"}],"curies":[{"name":"wp","href":"https:\/\/api.w.org\/{rel}","templated":true}]}}