{"id":568563,"date":"2025-11-30T09:51:25","date_gmt":"2025-11-30T09:51:25","guid":{"rendered":"https:\/\/www.europesays.com\/fr\/568563\/"},"modified":"2025-11-30T09:51:25","modified_gmt":"2025-11-30T09:51:25","slug":"basse-goulaine-gilles-coisy-tire-sa-reverence-2","status":"publish","type":"post","link":"https:\/\/www.europesays.com\/fr\/568563\/","title":{"rendered":"Basse-Goulaine. Gilles Coisy tire sa r\u00e9v\u00e9rence"},"content":{"rendered":"<p>Apr\u00e8s vingt ann\u00e9es de d\u00e9vouement, Gilles Coisy, pr\u00e9sident et metteur en sc\u00e8ne du Th\u00e9\u00e2tre Loisirs, annonce qu\u2019il tire sa r\u00e9v\u00e9rence.<\/p>\n<p>\u00ab\u00a0Je me suis dit\u00a0: \u201cqu\u2019est-ce que je fais l\u00e0\u00a0?\u201d \u00bb<\/p>\n<p>Son aventure th\u00e9\u00e2trale a commenc\u00e9 \u00e0 44\u00a0ans, encourag\u00e9 par son voisin et ami Jacques Faure, cr\u00e9ateur du Th\u00e9\u00e2tre Loisirs, qui l\u2019a convaincu de monter sur sc\u00e8ne malgr\u00e9 son inexp\u00e9rience. Gilles se souvient\u00a0: \u00ab\u00a0Lors de mes premiers pas, juste avant de rentrer en sc\u00e8ne, je me suis dit\u00a0: \u201cqu\u2019est-ce que je fais l\u00e0\u00a0?\u201d J\u2019avais l\u2019impression de ne plus conna\u00eetre mon texte, mais la magie op\u00e9rait d\u00e8s que je voyais le public. Ouf\u00a0!\u00a0\u00bb<\/p>\n<p>Rapidement, il encha\u00eene onze pi\u00e8ces, avant d\u2019\u00eatre promu metteur en sc\u00e8ne en 1997, faute de candidat. Cette nouvelle responsabilit\u00e9 lui fait d\u00e9couvrir une autre facette du th\u00e9\u00e2tre\u00a0: choisir la pi\u00e8ce, s\u00e9lectionner les com\u00e9diens selon leur personnalit\u00e9, imaginer les d\u00e9cors, programmer la saison,\u00a0etc. Une pr\u00e9paration d\u2019une ann\u00e9e compl\u00e8te. Gilles confie\u00a0: \u00ab\u00a0J\u2019en ai conclu qu\u2019il \u00e9tait plus facile d\u2019\u00eatre com\u00e9dien que metteur en sc\u00e8ne, bien que notre troupe soit exceptionnelle.\u00a0\u00bb<\/p>\n<p>L\u2019aventure continue avec sa nomination au poste de pr\u00e9sident, suite au d\u00e9part de Micheline Belliveau, \u00e9galement faute de candidat. Ainsi se cl\u00f4t une carri\u00e8re marqu\u00e9e par l\u2019engagement et la passion, au service du th\u00e9\u00e2tre local.<\/p>\n<p>\u00a0<\/p>\n","protected":false},"excerpt":{"rendered":"Apr\u00e8s vingt ann\u00e9es de d\u00e9vouement, Gilles Coisy, pr\u00e9sident et metteur en sc\u00e8ne du Th\u00e9\u00e2tre Loisirs, annonce qu\u2019il tire&hellip;\n","protected":false},"author":2,"featured_media":568224,"comment_status":"","ping_status":"","sticky":false,"template":"","format":"standard","meta":{"footnotes":""},"categories":[2818],"tags":[1111,11,3266,68349,1777,674,1011,27,7238,766,12,2636,25,68350,19455],"class_list":{"0":"post-568563","1":"post","2":"type-post","3":"status-publish","4":"format-standard","5":"has-post-thumbnail","7":"category-nantes","8":"tag-actu","9":"tag-actualites","10":"tag-basse-goulaine","11":"tag-coisy","12":"tag-eu","13":"tag-europe","14":"tag-fr","15":"tag-france","16":"tag-gilles","17":"tag-nantes","18":"tag-news","19":"tag-pays-de-la-loire","20":"tag-republique-francaise","21":"tag-reverence","22":"tag-tire"},"share_on_mastodon":{"url":"https:\/\/pubeurope.com\/@fr\/115638035016646604","error":""},"_links":{"self":[{"href":"https:\/\/www.europesays.com\/fr\/wp-json\/wp\/v2\/posts\/568563","targetHints":{"allow":["GET"]}}],"collection":[{"href":"https:\/\/www.europesays.com\/fr\/wp-json\/wp\/v2\/posts"}],"about":[{"href":"https:\/\/www.europesays.com\/fr\/wp-json\/wp\/v2\/types\/post"}],"author":[{"embeddable":true,"href":"https:\/\/www.europesays.com\/fr\/wp-json\/wp\/v2\/users\/2"}],"replies":[{"embeddable":true,"href":"https:\/\/www.europesays.com\/fr\/wp-json\/wp\/v2\/comments?post=568563"}],"version-history":[{"count":0,"href":"https:\/\/www.europesays.com\/fr\/wp-json\/wp\/v2\/posts\/568563\/revisions"}],"wp:featuredmedia":[{"embeddable":true,"href":"https:\/\/www.europesays.com\/fr\/wp-json\/wp\/v2\/media\/568224"}],"wp:attachment":[{"href":"https:\/\/www.europesays.com\/fr\/wp-json\/wp\/v2\/media?parent=568563"}],"wp:term":[{"taxonomy":"category","embeddable":true,"href":"https:\/\/www.europesays.com\/fr\/wp-json\/wp\/v2\/categories?post=568563"},{"taxonomy":"post_tag","embeddable":true,"href":"https:\/\/www.europesays.com\/fr\/wp-json\/wp\/v2\/tags?post=568563"}],"curies":[{"name":"wp","href":"https:\/\/api.w.org\/{rel}","templated":true}]}}