{"id":568570,"date":"2025-11-30T09:55:11","date_gmt":"2025-11-30T09:55:11","guid":{"rendered":"https:\/\/www.europesays.com\/fr\/568570\/"},"modified":"2025-11-30T09:55:11","modified_gmt":"2025-11-30T09:55:11","slug":"toulouse-une-expo-inedite-consacree-a-salvador-dali-debarque-au-centre-ville","status":"publish","type":"post","link":"https:\/\/www.europesays.com\/fr\/568570\/","title":{"rendered":"Toulouse. Une expo in\u00e9dite consacr\u00e9e \u00e0 Salvador Dal\u00ed d\u00e9barque au centre-ville"},"content":{"rendered":"<p>                    Par<br \/>\n        <strong><br \/>\n            <a href=\"https:\/\/actu.fr\/auteur\/gabriel-kenedi\" title=\"Consulter tous les articles de Gabriel Kenedi\" target=\"_blank\" rel=\"noopener\">Gabriel Kenedi<\/a><br \/>\n                    <\/strong><\/p>\n<p>        Publi\u00e9 le<\/p>\n<p>            30 nov. 2025 \u00e0 10h06        <\/p>\n<p>Alors comme \u00e7a, <strong>Dal\u00ed<\/strong> s\u2019invite \u00e0 Toulouse ? Une exposition in\u00e9dite, d\u00e9di\u00e9e au<strong>\u00a0g\u00e9nial artiste catalan<\/strong> (1904-1989), est \u00e0 d\u00e9couvrir du 5 d\u00e9cembre 2025 au 8 f\u00e9vrier 2026, <a href=\"https:\/\/actu.fr\/toulouse\/loisirs-culture\" target=\"_blank\" rel=\"noopener\">en plein centre-ville de <strong>Toulouse<\/strong><\/a>.\u00a0<\/p>\n<p>Des \u0153uvres daliniennes \u00e0 d\u00e9couvrir en plein centre-ville\u00a0<\/p>\n<p class=\" wall-content\">Organis\u00e9e par la soci\u00e9t\u00e9 MIX\u2019S ART, cette exposition in\u00e9dite se d\u00e9roulera au sein de<strong> l\u2019H\u00f4tel Albert 1er<\/strong>, situ\u00e9 non loin de la place du Capitole. \u00ab\u00a0Plus d\u2019une centaine d\u2019\u0153uvres et d\u2019objets permettent de d\u00e9couvrir l\u2019\u0153uvre magistrale de Dal\u00ed, dans toute sa richesse, sa diversit\u00e9 et sa modernit\u00e9\u00a0\u00bb, annoncent les organisateurs.\u00a0<\/p>\n<blockquote class=\"ac-article-quote wall-content\">\n<p>\u00ab\u00a0L&rsquo;H\u00f4tel Albert 1er pr\u00e9sente des \u0153uvres daliniennes, originales issues de collections priv\u00e9es rarement expos\u00e9es en France (sculptures en bronze et en crystal, lithographies, porcelaine, c\u00e9ramique, livres&#8230;). Cette d\u00e9marche de cr\u00e9ation d&rsquo;un espace culturel \u00e9ph\u00e9m\u00e8re illustre parfaitement l&rsquo;esprit d&rsquo;innovation et de r\u00e9invention qui caract\u00e9rise tant Salvador Dal\u00ed. Vous y d\u00e9couvrirez m\u00eame des facettes m\u00e9connues de l&rsquo;artiste\u00a0\u00bb.<\/p>\n<p>    <strong>Mixs&rsquo;Art<\/strong>\n            <\/p><\/blockquote>\n<p>Qui est \u00e0 l&rsquo;origine de cette exposition ?<\/p>\n<p>MIX&rsquo;S ART (rien \u00e0 voir avec feu Mix&rsquo;art Myrys !) est \u00ab\u00a0d\u00e9di\u00e9 \u00e0 la promotion de l&rsquo;\u0153uvre de Salvador Dal\u00ed \u00e0 travers des expositions et des conf\u00e9rences. Nous croyons que l&rsquo;art peut transformer et inspirer, et nous nous engageons \u00e0 offrir des exp\u00e9riences m\u00e9morables et \u00e9ducatives\u00a0\u00bb peut-on lire sur le site Internet de la soci\u00e9t\u00e9, dirig\u00e9e par Mickael Mamou, \u00ab\u00a0un autodidacte passionn\u00e9 par l&rsquo;histoire de l&rsquo;art et sp\u00e9cialis\u00e9 dans les oeuvres et la vie de Salvador Dal\u00ed\u00a0\u00bb.<\/p>\n<p>Vid\u00e9os : en ce moment sur ActuSix th\u00e8mes<\/p>\n<p class=\" wall-content\">L\u2019expo <strong>\u00ab\u00a0Dali s\u2019invite \u00e0 Toulouse\u00a0\u00bb<\/strong> d\u00e9voile un concentr\u00e9 de l\u2019in\u00e9puisable cr\u00e9ativit\u00e9 du ma\u00eetre du surr\u00e9alisme, \u00e0 travers <strong>six th\u00e8mes<\/strong> :<\/p>\n<ul class=\" wall-content\">\n<li>Dal\u00ed r\u00e9invente les cartes \u2013 au c\u0153ur du jeu et de la divination<\/li>\n<li>Dal\u00ed sublime l\u2019argent \u2013 l\u2019art du bas-relief<\/li>\n<li>Dal\u00ed, l\u2019alchimiste des livres \u2013 des monuments d\u2019imagination<\/li>\n<li>Dal\u00ed, cr\u00e9ateur d\u2019images et de marques \u2013 roi de la pub et du design<\/li>\n<li>Dal\u00ed vous invite \u00e0 sa table \u2013 un spectacle d\u2019\u00e9motions et de plaisirs<\/li>\n<li>Dal\u00ed, ma\u00eetre des volumes et de la lumi\u00e8re \u2013 le r\u00eave en trois dimensions<\/li>\n<li>Hors th\u00e8me : porcelaine et c\u00e9ramique<\/li>\n<\/ul>\n<p>Votre r\u00e9gion, votre actu !<\/p>\n<p>Recevez chaque jour les infos qui comptent pour vous.<\/p>\n<p>\t<a href=\"https:\/\/actu.fr\/newsletter\" class=\"ac-btn ac-btn--corner ac-btn--medium ac-btn--blue800\" target=\"_blank\" rel=\"noopener\">S&rsquo;incrire<\/a><br \/>\nUne jauge limit\u00e9e<\/p>\n<p class=\" wall-content\">Attention, alors que cette expo devrait attirer de nombreux curieux, <strong>une jauge maximum de 35\/40 personnes<\/strong> par cr\u00e9neau horaire a \u00e9t\u00e9 mise en place, \u00ab\u00a0afin de vous offrir une exp\u00e9rience privil\u00e9gi\u00e9e et inoubliable\u00a0\u00bb, pr\u00e9cisent les organisateurs.. Des visites guid\u00e9es gratuites pour les groupes (\u00e0 partir de 12 personnes) sont \u00e9galement possible sur r\u00e9servation.<\/p>\n<p>Quels tarifs ?<\/p>\n<p class=\" wall-content\">Quels sont les tarifs pour d\u00e9couvrir cette exposition \u00e9ph\u00e9m\u00e8re in\u00e9dite ? Comptez <strong>15\u20ac<\/strong> pour un adulte, <strong>12\u20ac<\/strong> en tarif r\u00e9duit et <strong>8\u20ac<\/strong> pour les enfants de 7 \u00e0 12 ans. L\u2019exposition est gratuite pour les moins de 7 ans.\u00a0<\/p>\n<p>\u00ab\u00a0Dali s\u2019invite \u00e0 Toulouse\u00a0\u00bb, du 5 d\u00e9cembre au 8 f\u00e9vrier 2026. H\u00f4tel Albert 1er,5 Rue J F Kennedy,31000, Toulouse. Plus d\u2019infos <a href=\"https:\/\/www.mixsart.com\/\" target=\"_blank\" rel=\"noopener\">sur le site de Mixsart<\/a>.<\/p>\n<p class=\" wall-content\">Personnalisez votre actualit\u00e9 en ajoutant vos villes et m\u00e9dias en favori avec <a href=\"https:\/\/moncompte.actu.fr\" title=\"D\u00e9couvez Mon Actu\" rel=\"nofollow noopener\" data-trk=\"{&quot;cta&quot;:{&quot;action&quot;:&quot;https:\\\/\\\/moncompte.actu.fr&quot;,&quot;category&quot;:&quot;mon compte&quot;,&quot;from&quot;:&quot;article footer&quot;,&quot;name&quot;:&quot;Mon actu&quot;,&quot;type&quot;:&quot;cta&quot;}}\" target=\"_blank\">Mon Actu<\/a>.<\/p>\n","protected":false},"excerpt":{"rendered":"Par Gabriel Kenedi Publi\u00e9 le 30 nov. 2025 \u00e0 10h06 Alors comme \u00e7a, Dal\u00ed s\u2019invite \u00e0 Toulouse ?&hellip;\n","protected":false},"author":2,"featured_media":568571,"comment_status":"","ping_status":"","sticky":false,"template":"","format":"standard","meta":{"footnotes":""},"categories":[2816],"tags":[1111,11,1777,674,1011,27,1652,12,2680,25,1341,2312],"class_list":{"0":"post-568570","1":"post","2":"type-post","3":"status-publish","4":"format-standard","5":"has-post-thumbnail","7":"category-toulouse","8":"tag-actu","9":"tag-actualites","10":"tag-eu","11":"tag-europe","12":"tag-fr","13":"tag-france","14":"tag-loisirs-culture","15":"tag-news","16":"tag-occitanie","17":"tag-republique-francaise","18":"tag-sortir-a-toulouse","19":"tag-toulouse"},"share_on_mastodon":{"url":"https:\/\/pubeurope.com\/@fr\/115638050865621991","error":""},"_links":{"self":[{"href":"https:\/\/www.europesays.com\/fr\/wp-json\/wp\/v2\/posts\/568570","targetHints":{"allow":["GET"]}}],"collection":[{"href":"https:\/\/www.europesays.com\/fr\/wp-json\/wp\/v2\/posts"}],"about":[{"href":"https:\/\/www.europesays.com\/fr\/wp-json\/wp\/v2\/types\/post"}],"author":[{"embeddable":true,"href":"https:\/\/www.europesays.com\/fr\/wp-json\/wp\/v2\/users\/2"}],"replies":[{"embeddable":true,"href":"https:\/\/www.europesays.com\/fr\/wp-json\/wp\/v2\/comments?post=568570"}],"version-history":[{"count":0,"href":"https:\/\/www.europesays.com\/fr\/wp-json\/wp\/v2\/posts\/568570\/revisions"}],"wp:featuredmedia":[{"embeddable":true,"href":"https:\/\/www.europesays.com\/fr\/wp-json\/wp\/v2\/media\/568571"}],"wp:attachment":[{"href":"https:\/\/www.europesays.com\/fr\/wp-json\/wp\/v2\/media?parent=568570"}],"wp:term":[{"taxonomy":"category","embeddable":true,"href":"https:\/\/www.europesays.com\/fr\/wp-json\/wp\/v2\/categories?post=568570"},{"taxonomy":"post_tag","embeddable":true,"href":"https:\/\/www.europesays.com\/fr\/wp-json\/wp\/v2\/tags?post=568570"}],"curies":[{"name":"wp","href":"https:\/\/api.w.org\/{rel}","templated":true}]}}