{"id":568574,"date":"2025-11-30T09:57:10","date_gmt":"2025-11-30T09:57:10","guid":{"rendered":"https:\/\/www.europesays.com\/fr\/568574\/"},"modified":"2025-11-30T09:57:10","modified_gmt":"2025-11-30T09:57:10","slug":"son-illumination-son-carillon-son-jardin","status":"publish","type":"post","link":"https:\/\/www.europesays.com\/fr\/568574\/","title":{"rendered":"son illumination, son carillon, son jardin"},"content":{"rendered":"<p>                    Par<br \/>\n        <strong><br \/>\n            <a href=\"https:\/\/actu.fr\/auteur\/annesophie-2\" title=\"Consulter tous les articles de Anne-Sophie Hourdeaux\" target=\"_blank\" rel=\"noopener\">Anne-Sophie Hourdeaux<\/a><br \/>\n                    <\/strong><\/p>\n<p>        Publi\u00e9 le<\/p>\n<p>            30 nov. 2025 \u00e0 9h48        <\/p>\n<p>\u00c0 <a href=\"https:\/\/actu.fr\/lille\/\" target=\"_blank\" rel=\"noopener\">Lille<\/a>, <b>la r\u00e9novation compl\u00e8te du campanile de Notre-Dame de la Treille<\/b>, cette tour en briques rouges situ\u00e9e juste \u00e0 c\u00f4t\u00e9 de la cath\u00e9drale, avance. Il abrite les cloches, et sonne \u00e0 nouveau depuis quelques semaines. Mais les travaux ne sont pas finis, il reste une phase, qui verra notamment l\u2019illumination de tout l\u2019\u00e9difice ! Le clos et le couvert du campanile \u00e9taient le plus gros du chantier, il est achev\u00e9.\u00a0Les donateurs ont \u00e9t\u00e9 g\u00e9n\u00e9reux ! Environ <b>un million d\u2019euros ont \u00e9t\u00e9 collect\u00e9s<\/b> pour cette partie.<\/p>\n<p>Carillon et \u00e9clairage<\/p>\n<p class=\" wall-content\">Mais il reste une \u00e9tape ! \u00ab Le carillon de 41 cloches reste \u00e0 restaurer. Nous voulons aussi doter le campanile d\u2019un \u00e9clairage adapt\u00e9 pour en faire un phare dans la ville, sans oublier de redonner de l\u2019\u00e9clat au jardin environnant \u00bb, a pr\u00e9cis\u00e9 Catherine Tourret, d\u00e9l\u00e9gu\u00e9e g\u00e9n\u00e9rale de la Fondation Treille Esp\u00e9rance.<\/p>\n<p class=\" wall-content\">Il manque 275 000 euros pour r\u00e9ussir ce projet. Une grande soir\u00e9e de parrainage a lieu \u00e0 l\u2019archev\u00each\u00e9 de Lille, rue Royale, mardi 16 d\u00e9cembre de 19 h 30 \u00e0 21 h 30.<\/p>\n<p class=\" wall-content\">Durant cette soir\u00e9e, vous aurez la possibilit\u00e9 de soutenir concr\u00e8tement la restauration du carillon du campanile de la basilique-cath\u00e9drale Notre-Dame de la Treille, sous le regard de Ma\u00eetre H\u00e9lo\u00efse De Baudus, commissaire-priseure habilit\u00e9e.<\/p>\n<p>Confirmer votre pr\u00e9sence (indispensable) avant lundi 8\u00a0d\u00e9cembre 2025 \u00e0 : <a href=\"https:\/\/actu.fr\/cdn-cgi\/l\/email-protection\" class=\"__cf_email__\" data-cfemail=\"87e1e8e9e3e6f3eee8e9f3f5e2eeebebe2aae2f4f7e2f5e6e9e4e2c7ebeeebebe2a9e4e6f3efe8ebeef6f2e2a9e1f5\" target=\"_blank\" rel=\"noopener\">[email\u00a0protected]<\/a><\/p>\n<p class=\" wall-content\">Personnalisez votre actualit\u00e9 en ajoutant vos villes et m\u00e9dias en favori avec <a href=\"https:\/\/moncompte.actu.fr\" title=\"D\u00e9couvez Mon Actu\" rel=\"nofollow noopener\" data-trk=\"{&quot;cta&quot;:{&quot;action&quot;:&quot;https:\\\/\\\/moncompte.actu.fr&quot;,&quot;category&quot;:&quot;mon compte&quot;,&quot;from&quot;:&quot;article footer&quot;,&quot;name&quot;:&quot;Mon actu&quot;,&quot;type&quot;:&quot;cta&quot;}}\" target=\"_blank\">Mon Actu<\/a>.<\/p>\n","protected":false},"excerpt":{"rendered":"Par Anne-Sophie Hourdeaux Publi\u00e9 le 30 nov. 2025 \u00e0 9h48 \u00c0 Lille, la r\u00e9novation compl\u00e8te du campanile de&hellip;\n","protected":false},"author":2,"featured_media":568575,"comment_status":"","ping_status":"","sticky":false,"template":"","format":"standard","meta":{"footnotes":""},"categories":[2815],"tags":[1111,11,1777,674,1011,27,811,1307,12,25,104],"class_list":{"0":"post-568574","1":"post","2":"type-post","3":"status-publish","4":"format-standard","5":"has-post-thumbnail","7":"category-lille","8":"tag-actu","9":"tag-actualites","10":"tag-eu","11":"tag-europe","12":"tag-fr","13":"tag-france","14":"tag-hauts-de-france","15":"tag-lille","16":"tag-news","17":"tag-republique-francaise","18":"tag-societe"},"share_on_mastodon":{"url":"https:\/\/pubeurope.com\/@fr\/115638058623400947","error":""},"_links":{"self":[{"href":"https:\/\/www.europesays.com\/fr\/wp-json\/wp\/v2\/posts\/568574","targetHints":{"allow":["GET"]}}],"collection":[{"href":"https:\/\/www.europesays.com\/fr\/wp-json\/wp\/v2\/posts"}],"about":[{"href":"https:\/\/www.europesays.com\/fr\/wp-json\/wp\/v2\/types\/post"}],"author":[{"embeddable":true,"href":"https:\/\/www.europesays.com\/fr\/wp-json\/wp\/v2\/users\/2"}],"replies":[{"embeddable":true,"href":"https:\/\/www.europesays.com\/fr\/wp-json\/wp\/v2\/comments?post=568574"}],"version-history":[{"count":0,"href":"https:\/\/www.europesays.com\/fr\/wp-json\/wp\/v2\/posts\/568574\/revisions"}],"wp:featuredmedia":[{"embeddable":true,"href":"https:\/\/www.europesays.com\/fr\/wp-json\/wp\/v2\/media\/568575"}],"wp:attachment":[{"href":"https:\/\/www.europesays.com\/fr\/wp-json\/wp\/v2\/media?parent=568574"}],"wp:term":[{"taxonomy":"category","embeddable":true,"href":"https:\/\/www.europesays.com\/fr\/wp-json\/wp\/v2\/categories?post=568574"},{"taxonomy":"post_tag","embeddable":true,"href":"https:\/\/www.europesays.com\/fr\/wp-json\/wp\/v2\/tags?post=568574"}],"curies":[{"name":"wp","href":"https:\/\/api.w.org\/{rel}","templated":true}]}}