{"id":568576,"date":"2025-11-30T09:58:16","date_gmt":"2025-11-30T09:58:16","guid":{"rendered":"https:\/\/www.europesays.com\/fr\/568576\/"},"modified":"2025-11-30T09:58:16","modified_gmt":"2025-11-30T09:58:16","slug":"ligue-1-j14-les-compositions-probables-de-le-havre-ac-losc-lille","status":"publish","type":"post","link":"https:\/\/www.europesays.com\/fr\/568576\/","title":{"rendered":"Ligue 1 \u2013 J14 : Les compositions probables de Le Havre AC \u2013 LOSC Lille"},"content":{"rendered":"<p data-start=\"3370\" data-end=\"3605\"><strong data-start=\"3370\" data-end=\"3605\">Le Havre AC (13\u1d49), dirig\u00e9 par Didier Digard, re\u00e7oit<br \/>\nle LOSC Lille (4\u1d49) de Bruno Genesio au Stade Oc\u00e9ane. Les Havrais<br \/>\ntenteront de se montrer solides face \u00e0 un Lille ambitieux, qui veut<br \/>\nconforter sa place dans le haut du classement.<\/strong><\/p>\n<p>La composition probable du<br \/>\nHavre AC<\/p>\n<p>Invaincu \u00e0 domicile depuis cinq rencontres, le club doyen veut<br \/>\nconserver cette s\u00e9rie d\u2019invincibilit\u00e9 face \u00e0 un club europ\u00e9en.<\/p>\n<p>Le Havre AC : Diaw \u2013 N\u00e9go, Sangant\u00e9, Lloris, Zouaoui \u2013<br \/>\nEbonog, Seko, Ndiaye \u2013 Mambimbi, Soumar\u00e9, Kechta\u00a0<\/p>\n<p>La composition probable du<br \/>\nLOSC Lille<\/p>\n<p>Vainqueur de ses deux derni\u00e8res rencontres toutes comp\u00e9titions<br \/>\nconfondues, le LOSC veut encha\u00eener, pour la deuxi\u00e8me fois de la<br \/>\nsaison, trois succ\u00e8s cons\u00e9cutifs.<\/p>\n<p>LOSC : \u00d6zer \u2013 Meunier, Mbemba, Mandi, Perraud \u2013 Andr\u00e9,<br \/>\nBouaddi \u2013 Correia, Haraldsson, Sahraoui \u2013 Giroud<\/p>\n","protected":false},"excerpt":{"rendered":"Le Havre AC (13\u1d49), dirig\u00e9 par Didier Digard, re\u00e7oit le LOSC Lille (4\u1d49) de Bruno Genesio au Stade&hellip;\n","protected":false},"author":2,"featured_media":387563,"comment_status":"","ping_status":"","sticky":false,"template":"","format":"standard","meta":{"footnotes":""},"categories":[2815],"tags":[1111,11,1777,674,1011,27,811,1307,12,25],"class_list":{"0":"post-568576","1":"post","2":"type-post","3":"status-publish","4":"format-standard","5":"has-post-thumbnail","7":"category-lille","8":"tag-actu","9":"tag-actualites","10":"tag-eu","11":"tag-europe","12":"tag-fr","13":"tag-france","14":"tag-hauts-de-france","15":"tag-lille","16":"tag-news","17":"tag-republique-francaise"},"share_on_mastodon":{"url":"https:\/\/pubeurope.com\/@fr\/115638062574245774","error":""},"_links":{"self":[{"href":"https:\/\/www.europesays.com\/fr\/wp-json\/wp\/v2\/posts\/568576","targetHints":{"allow":["GET"]}}],"collection":[{"href":"https:\/\/www.europesays.com\/fr\/wp-json\/wp\/v2\/posts"}],"about":[{"href":"https:\/\/www.europesays.com\/fr\/wp-json\/wp\/v2\/types\/post"}],"author":[{"embeddable":true,"href":"https:\/\/www.europesays.com\/fr\/wp-json\/wp\/v2\/users\/2"}],"replies":[{"embeddable":true,"href":"https:\/\/www.europesays.com\/fr\/wp-json\/wp\/v2\/comments?post=568576"}],"version-history":[{"count":0,"href":"https:\/\/www.europesays.com\/fr\/wp-json\/wp\/v2\/posts\/568576\/revisions"}],"wp:featuredmedia":[{"embeddable":true,"href":"https:\/\/www.europesays.com\/fr\/wp-json\/wp\/v2\/media\/387563"}],"wp:attachment":[{"href":"https:\/\/www.europesays.com\/fr\/wp-json\/wp\/v2\/media?parent=568576"}],"wp:term":[{"taxonomy":"category","embeddable":true,"href":"https:\/\/www.europesays.com\/fr\/wp-json\/wp\/v2\/categories?post=568576"},{"taxonomy":"post_tag","embeddable":true,"href":"https:\/\/www.europesays.com\/fr\/wp-json\/wp\/v2\/tags?post=568576"}],"curies":[{"name":"wp","href":"https:\/\/api.w.org\/{rel}","templated":true}]}}